{"id":8515,"date":"2018-07-17T13:10:02","date_gmt":"2018-07-17T16:10:02","guid":{"rendered":"http:\/\/www.legistdf.gob.ar\/?p=8515"},"modified":"2018-07-17T13:54:30","modified_gmt":"2018-07-17T16:54:30","slug":"cultura-muestra-itinerante-de-artes-visuales-en-el-extremo-sur-declarada-de-interes-provincial","status":"publish","type":"post","link":"https:\/\/www.legistdf.gob.ar\/index.php\/2018\/07\/17\/cultura-muestra-itinerante-de-artes-visuales-en-el-extremo-sur-declarada-de-interes-provincial\/","title":{"rendered":"CULTURA: Muestra itinerante de artes visuales en el extremo sur declarada de inter\u00e9s provincial"},"content":{"rendered":"<p>&nbsp;<\/p>\n<p><strong>Ushuaia, martes 17 de julio de 2018.- La legisladora Marcela G\u00f3mez (FPV \u2013 PJ) propuso al Parlamento declarar de inter\u00e9s provincial la muestra itinerante \u201cNaufragio\u201d que realizar\u00e1n artistas de Punta Arenas (Chile) y Tierra del Fuego (Argentina). La iniciativa result\u00f3 aprobada por unanimidad y se inaugurar\u00e1 el pr\u00f3ximo 20 de julio en la capital fueguina.<\/strong><\/p>\n<p><strong>\u00a0<\/strong><\/p>\n<p>Los artistas plantean el naufragio a partir del rescate de \u201ceste hecho fortuito, un acontecimiento encarado desde nuestra visi\u00f3n y oficio, el verbo adjetivo y sus m\u00faltiples maneras de contarlo\u201d, describen en el proyecto que se cristalizar\u00e1 el 20 de julio, cuando inauguren la exposici\u00f3n en Ushuaia.<\/p>\n<p>&nbsp;<\/p>\n<p>\u201cLa participaci\u00f3n colectiva con sus diferentes disciplinas y m\u00e9todos de expresi\u00f3n art\u00edstico pretenden con la creaci\u00f3n de las obras, elevar una sola voz y entablar una conversaci\u00f3n en el extremo sur, para generar un puerto que cobije este hecho y proponga un nuevo espacio en el imaginario austral, en el que se cierre o reconstruya el tr\u00e1gico viaje arrebatado\u201d.<\/p>\n<p>&nbsp;<\/p>\n<p>De la experiencia, participar\u00e1n Andrea Araneda Miranda, mix media; Pablo Quercia Martinic, grabado experimental; Paola de Smet d\u2019Olbecke Err\u00e1zuriz,\u00a0 fotograf\u00eda intervenida y Rodrigo Molina Uriarte con una instalaci\u00f3n. Se trata de artistas de Punta Arenas, Chile. En tanto, de nuestra Provincia, participar\u00e1n Pablo Barone, fotograf\u00eda y fotograbado; Gustavo Oddone, acuarela; Alfio Baldovin, fotograf\u00eda y Maxi L\u00f3pez en grabado.<\/p>\n<p>&nbsp;<\/p>\n<p>\u201cLo insular como el naufragio del continente en su sur y la relaci\u00f3n entre dos puertos habitados, encadenados en medio de una geograf\u00eda por rutas y peripecias que aparecen rescatadas desde una zozobra elegida. Un mar, canal, bah\u00eda, paso y cruce que nos resuelve en zarpe y recalada, destino, origen o detenci\u00f3n, la derrota y la tragedia que arrebata, el mar que despoja\u201d, sostienen en el proyecto.<\/p>\n<p>&nbsp;<\/p>\n<p>La curadur\u00eda pasa a ser individual bajo un tema com\u00fan desarrollado por los artistas de ambas ciudades que se encuentran para discutir obra y espacio. El Naufragio visto desde la experiencia \u00edntima de cada uno en una propuesta contempor\u00e1nea y original.<\/p>\n<p>Fotograf\u00eda: Gentileza Pablo Barone<\/p>\n<p><a href=\"http:\/\/www.legistdf.gob.ar\/index.php\/2018\/07\/17\/cultura-muestra-itinerante-de-artes-visuales-en-el-extremo-sur-declarada-de-interes-provincial\/01-70\/\"><img loading=\"lazy\" decoding=\"async\" data-attachment-id=\"8516\" data-permalink=\"https:\/\/www.legistdf.gob.ar\/index.php\/2018\/07\/17\/cultura-muestra-itinerante-de-artes-visuales-en-el-extremo-sur-declarada-de-interes-provincial\/01-70\/\" data-orig-file=\"https:\/\/www.legistdf.gob.ar\/wp-content\/uploads\/2018\/07\/01-70.jpg\" data-orig-size=\"4248,2832\" data-comments-opened=\"0\" data-image-meta=\"{&quot;aperture&quot;:&quot;5&quot;,&quot;credit&quot;:&quot;JPBARONE&quot;,&quot;camera&quot;:&quot;Canon EOS 6D&quot;,&quot;caption&quot;:&quot;&quot;,&quot;created_timestamp&quot;:&quot;1464933411&quot;,&quot;copyright&quot;:&quot;&quot;,&quot;focal_length&quot;:&quot;70&quot;,&quot;iso&quot;:&quot;1250&quot;,&quot;shutter_speed&quot;:&quot;0.0015625&quot;,&quot;title&quot;:&quot;&quot;,&quot;orientation&quot;:&quot;0&quot;}\" data-image-title=\"01-70\" data-image-description=\"\" data-image-caption=\"\" data-medium-file=\"https:\/\/www.legistdf.gob.ar\/wp-content\/uploads\/2018\/07\/01-70-300x200.jpg\" data-large-file=\"https:\/\/www.legistdf.gob.ar\/wp-content\/uploads\/2018\/07\/01-70-1024x683.jpg\" class=\"aligncenter wp-image-8516 size-medium\" src=\"http:\/\/www.legistdf.gob.ar\/wp-content\/uploads\/2018\/07\/01-70-300x200.jpg\" alt=\"\" width=\"300\" height=\"200\" srcset=\"https:\/\/www.legistdf.gob.ar\/wp-content\/uploads\/2018\/07\/01-70-300x200.jpg 300w, https:\/\/www.legistdf.gob.ar\/wp-content\/uploads\/2018\/07\/01-70-768x512.jpg 768w, https:\/\/www.legistdf.gob.ar\/wp-content\/uploads\/2018\/07\/01-70-1024x683.jpg 1024w, https:\/\/www.legistdf.gob.ar\/wp-content\/uploads\/2018\/07\/01-70-160x107.jpg 160w\" sizes=\"(max-width: 300px) 100vw, 300px\" \/><\/a><\/p>\n","protected":false},"excerpt":{"rendered":"<p>&nbsp; Ushuaia, martes 17 de julio de 2018.- La legisladora Marcela G\u00f3mez (FPV \u2013 PJ) propuso al Parlamento declarar de inter\u00e9s provincial la muestra itinerante \u201cNaufragio\u201d que realizar\u00e1n artistas de Punta Arenas (Chile) y Tierra del Fuego (Argentina). La iniciativa result\u00f3 aprobada por unanimidad y se inaugurar\u00e1 el pr\u00f3ximo 20 de julio en la capital [&hellip;]<\/p>\n","protected":false},"author":352,"featured_media":8516,"comment_status":"closed","ping_status":"open","sticky":false,"template":"","format":"standard","meta":{"jetpack_post_was_ever_published":false,"_jetpack_newsletter_access":"","_jetpack_dont_email_post_to_subs":false,"_jetpack_newsletter_tier_id":0,"footnotes":"","jetpack_publicize_message":"","jetpack_publicize_feature_enabled":true,"jetpack_social_post_already_shared":true,"jetpack_social_options":{"image_generator_settings":{"template":"highway","enabled":false}}},"categories":[1],"tags":[47,123,360,117,79,87],"jetpack_publicize_connections":[],"jetpack_sharing_enabled":true,"jetpack_featured_media_url":"https:\/\/www.legistdf.gob.ar\/wp-content\/uploads\/2018\/07\/01-70.jpg","jetpack-related-posts":[],"_links":{"self":[{"href":"https:\/\/www.legistdf.gob.ar\/index.php\/wp-json\/wp\/v2\/posts\/8515"}],"collection":[{"href":"https:\/\/www.legistdf.gob.ar\/index.php\/wp-json\/wp\/v2\/posts"}],"about":[{"href":"https:\/\/www.legistdf.gob.ar\/index.php\/wp-json\/wp\/v2\/types\/post"}],"author":[{"embeddable":true,"href":"https:\/\/www.legistdf.gob.ar\/index.php\/wp-json\/wp\/v2\/users\/352"}],"replies":[{"embeddable":true,"href":"https:\/\/www.legistdf.gob.ar\/index.php\/wp-json\/wp\/v2\/comments?post=8515"}],"version-history":[{"count":4,"href":"https:\/\/www.legistdf.gob.ar\/index.php\/wp-json\/wp\/v2\/posts\/8515\/revisions"}],"predecessor-version":[{"id":8523,"href":"https:\/\/www.legistdf.gob.ar\/index.php\/wp-json\/wp\/v2\/posts\/8515\/revisions\/8523"}],"wp:featuredmedia":[{"embeddable":true,"href":"https:\/\/www.legistdf.gob.ar\/index.php\/wp-json\/wp\/v2\/media\/8516"}],"wp:attachment":[{"href":"https:\/\/www.legistdf.gob.ar\/index.php\/wp-json\/wp\/v2\/media?parent=8515"}],"wp:term":[{"taxonomy":"category","embeddable":true,"href":"https:\/\/www.legistdf.gob.ar\/index.php\/wp-json\/wp\/v2\/categories?post=8515"},{"taxonomy":"post_tag","embeddable":true,"href":"https:\/\/www.legistdf.gob.ar\/index.php\/wp-json\/wp\/v2\/tags?post=8515"}],"curies":[{"name":"wp","href":"https:\/\/api.w.org\/{rel}","templated":true}]}}