{"id":8519,"date":"2018-07-17T13:52:32","date_gmt":"2018-07-17T16:52:32","guid":{"rendered":"http:\/\/www.legistdf.gob.ar\/?p=8519"},"modified":"2018-07-17T13:57:30","modified_gmt":"2018-07-17T16:57:30","slug":"sesion-consultan-sobre-la-segunda-via-de-acceso-a-rio-grande","status":"publish","type":"post","link":"https:\/\/www.legistdf.gob.ar\/index.php\/2018\/07\/17\/sesion-consultan-sobre-la-segunda-via-de-acceso-a-rio-grande\/","title":{"rendered":"SESI\u00d3N: Consultan sobre la segunda v\u00eda de acceso a R\u00edo Grande"},"content":{"rendered":"<p>&nbsp;<\/p>\n<p><strong>Ushuaia, martes 17 de julio de 2018.- El Parlamento fueguino aprob\u00f3, el viernes pasado, una resoluci\u00f3n donde pide detalles sobre la aplicaci\u00f3n de la Ley provincial N\u00ba 1185. Se trata del texto normativo, ingresado por todas las bancadas pol\u00edticas de la composici\u00f3n, que declar\u00f3 \u201cde utilidad p\u00fablica y sujeto a expropiaci\u00f3n\u201d, un \u00e1rea de poco m\u00e1s de 24 hect\u00e1reas y casi 5 kil\u00f3metros en la margen sur del r\u00edo Grande. Los legisladores de la UCR \u2013 Cambiemos, buscan conocer la aplicaci\u00f3n de ese texto que habilitar\u00eda una segunda v\u00eda de acceso a la Ciudad norte.<\/strong><\/p>\n<p>&nbsp;<\/p>\n<p>En este sentido, los Parlamentarios consultan a la administraci\u00f3n central sobre las medidas adoptadas y los resultados de la aplicaci\u00f3n de la Ley provincial y el \u201cdetalle del estado de situaci\u00f3n de las obras y tr\u00e1mites\u201d como as\u00ed tambi\u00e9n, qu\u00e9 plazos maneja el Ejecutivo en que \u201cse har\u00e1 efectiva la habilitaci\u00f3n de la ruta de referencia\u201d.<\/p>\n<p>&nbsp;<\/p>\n<p>La Ley determina que esa traza se destine como \u201cruta provincial, como segunda v\u00eda de acceso al sector Margen Sur, en la traza de camino existente que inicia en el l\u00edmite norte de la Parcela 47YR Secci\u00f3n y, como continuaci\u00f3n de la calle sin nombre \/ El Alambrador y finaliza en la porci\u00f3n de tierra fiscal sin mensurar del dominio privado de la Provincia, donde se encuentran instalaciones del destacamento policial \u2018Jos\u00e9 Men\u00e9ndez\u2019, colindante a dicha parcela\u201d.<\/p>\n<p>&nbsp;<\/p>\n<p>Cabe recordar que el Parlamento, abord\u00f3 la iniciativa en junio de 2017, donde mantuvo sendos encuentros de la Comisi\u00f3n de Legislaci\u00f3n General en R\u00edo Grande, para dar tratamiento a este asunto. Se \u201c<strong>busca la reapertura de la antigua traza para ofrecer una entrada y salida alternativa a R\u00edo Grande. Participaron representantes de todas las bancadas pol\u00edticas junto a referentes barriales y funcionarios del Ejecutivo y de la ciudad\u201d.<\/strong><\/p>\n<p><strong>\u00a0<\/strong><\/p>\n<p><strong>Para m\u00e1s informaci\u00f3n: <a href=\"http:\/\/www.legistdf.gob.ar\/index.php\/2017\/06\/13\/rio-grande-legisladores-analizan-apertura-de-antigua-traza-de-la-ruta-3\/\">http:\/\/www.legistdf.gob.ar\/index.php\/2017\/06\/13\/rio-grande-legisladores-analizan-apertura-de-antigua-traza-de-la-ruta-3\/<\/a><\/strong><\/p>\n<p>&nbsp;<\/p>\n<p><strong><a href=\"http:\/\/www.legistdf.gob.ar\/index.php\/2018\/07\/17\/sesion-consultan-sobre-la-segunda-via-de-acceso-a-rio-grande\/untitled-1\/\"><img loading=\"lazy\" decoding=\"async\" data-attachment-id=\"8520\" data-permalink=\"https:\/\/www.legistdf.gob.ar\/index.php\/2018\/07\/17\/sesion-consultan-sobre-la-segunda-via-de-acceso-a-rio-grande\/untitled-1\/\" data-orig-file=\"https:\/\/www.legistdf.gob.ar\/wp-content\/uploads\/2018\/07\/Untitled-1.jpg\" data-orig-size=\"1007,586\" data-comments-opened=\"0\" data-image-meta=\"{&quot;aperture&quot;:&quot;0&quot;,&quot;credit&quot;:&quot;&quot;,&quot;camera&quot;:&quot;&quot;,&quot;caption&quot;:&quot;&quot;,&quot;created_timestamp&quot;:&quot;0&quot;,&quot;copyright&quot;:&quot;&quot;,&quot;focal_length&quot;:&quot;0&quot;,&quot;iso&quot;:&quot;0&quot;,&quot;shutter_speed&quot;:&quot;0&quot;,&quot;title&quot;:&quot;&quot;,&quot;orientation&quot;:&quot;1&quot;}\" data-image-title=\"Untitled-1\" data-image-description=\"\" data-image-caption=\"\" data-medium-file=\"https:\/\/www.legistdf.gob.ar\/wp-content\/uploads\/2018\/07\/Untitled-1-300x175.jpg\" data-large-file=\"https:\/\/www.legistdf.gob.ar\/wp-content\/uploads\/2018\/07\/Untitled-1.jpg\" class=\"aligncenter wp-image-8520 size-medium\" src=\"http:\/\/www.legistdf.gob.ar\/wp-content\/uploads\/2018\/07\/Untitled-1-300x175.jpg\" alt=\"\" width=\"300\" height=\"175\" srcset=\"https:\/\/www.legistdf.gob.ar\/wp-content\/uploads\/2018\/07\/Untitled-1-300x175.jpg 300w, https:\/\/www.legistdf.gob.ar\/wp-content\/uploads\/2018\/07\/Untitled-1-768x447.jpg 768w, https:\/\/www.legistdf.gob.ar\/wp-content\/uploads\/2018\/07\/Untitled-1-160x93.jpg 160w, https:\/\/www.legistdf.gob.ar\/wp-content\/uploads\/2018\/07\/Untitled-1.jpg 1007w\" sizes=\"(max-width: 300px) 100vw, 300px\" \/><\/a><\/strong><\/p>\n","protected":false},"excerpt":{"rendered":"<p>&nbsp; Ushuaia, martes 17 de julio de 2018.- El Parlamento fueguino aprob\u00f3, el viernes pasado, una resoluci\u00f3n donde pide detalles sobre la aplicaci\u00f3n de la Ley provincial N\u00ba 1185. Se trata del texto normativo, ingresado por todas las bancadas pol\u00edticas de la composici\u00f3n, que declar\u00f3 \u201cde utilidad p\u00fablica y sujeto a expropiaci\u00f3n\u201d, un \u00e1rea de [&hellip;]<\/p>\n","protected":false},"author":352,"featured_media":8520,"comment_status":"closed","ping_status":"open","sticky":false,"template":"","format":"standard","meta":{"jetpack_post_was_ever_published":false,"_jetpack_newsletter_access":"","_jetpack_dont_email_post_to_subs":false,"_jetpack_newsletter_tier_id":0,"footnotes":"","jetpack_publicize_message":"","jetpack_publicize_feature_enabled":true,"jetpack_social_post_already_shared":true,"jetpack_social_options":{"image_generator_settings":{"template":"highway","enabled":false}}},"categories":[1],"tags":[363,362,96,79],"jetpack_publicize_connections":[],"jetpack_sharing_enabled":true,"jetpack_featured_media_url":"https:\/\/www.legistdf.gob.ar\/wp-content\/uploads\/2018\/07\/Untitled-1.jpg","jetpack-related-posts":[],"_links":{"self":[{"href":"https:\/\/www.legistdf.gob.ar\/index.php\/wp-json\/wp\/v2\/posts\/8519"}],"collection":[{"href":"https:\/\/www.legistdf.gob.ar\/index.php\/wp-json\/wp\/v2\/posts"}],"about":[{"href":"https:\/\/www.legistdf.gob.ar\/index.php\/wp-json\/wp\/v2\/types\/post"}],"author":[{"embeddable":true,"href":"https:\/\/www.legistdf.gob.ar\/index.php\/wp-json\/wp\/v2\/users\/352"}],"replies":[{"embeddable":true,"href":"https:\/\/www.legistdf.gob.ar\/index.php\/wp-json\/wp\/v2\/comments?post=8519"}],"version-history":[{"count":2,"href":"https:\/\/www.legistdf.gob.ar\/index.php\/wp-json\/wp\/v2\/posts\/8519\/revisions"}],"predecessor-version":[{"id":8524,"href":"https:\/\/www.legistdf.gob.ar\/index.php\/wp-json\/wp\/v2\/posts\/8519\/revisions\/8524"}],"wp:featuredmedia":[{"embeddable":true,"href":"https:\/\/www.legistdf.gob.ar\/index.php\/wp-json\/wp\/v2\/media\/8520"}],"wp:attachment":[{"href":"https:\/\/www.legistdf.gob.ar\/index.php\/wp-json\/wp\/v2\/media?parent=8519"}],"wp:term":[{"taxonomy":"category","embeddable":true,"href":"https:\/\/www.legistdf.gob.ar\/index.php\/wp-json\/wp\/v2\/categories?post=8519"},{"taxonomy":"post_tag","embeddable":true,"href":"https:\/\/www.legistdf.gob.ar\/index.php\/wp-json\/wp\/v2\/tags?post=8519"}],"curies":[{"name":"wp","href":"https:\/\/api.w.org\/{rel}","templated":true}]}}