{"id":8525,"date":"2018-07-17T15:30:10","date_gmt":"2018-07-17T18:30:10","guid":{"rendered":"http:\/\/www.legistdf.gob.ar\/?p=8525"},"modified":"2018-07-17T15:30:10","modified_gmt":"2018-07-17T18:30:10","slug":"salud-proponen-que-tierra-del-fuego-adhiera-a-la-ley-de-muerte-digna","status":"publish","type":"post","link":"https:\/\/www.legistdf.gob.ar\/index.php\/2018\/07\/17\/salud-proponen-que-tierra-del-fuego-adhiera-a-la-ley-de-muerte-digna\/","title":{"rendered":"SALUD: Proponen que Tierra del Fuego adhiera a la Ley de muerte digna"},"content":{"rendered":"<p>&nbsp;<\/p>\n<p><strong>Ushuaia, martes 17 de julio de 2018.- Se trata de una normativa sancionada en 2012, se trata de los derechos del paciente en su relaci\u00f3n con los profesionales e instituciones de la salud. La iniciativa de adhesi\u00f3n a la Ley nacional N\u00ba 26742, que fue girada a la Comisi\u00f3n de Salud (5), fue presentada por el legislador Ricardo Furlan (FPV \u2013 PJ) en la \u00faltima sesi\u00f3n.<\/strong><\/p>\n<p>&nbsp;<\/p>\n<p>En el inciso e) del segundo art\u00edculo, la normativa dispone que \u201cel paciente tiene derecho a aceptar o rechazar determinadas terapias o procedimientos m\u00e9dicos o biol\u00f3gicos, con o sin expresi\u00f3n de causa, como as\u00ed tambi\u00e9n a revocar posteriormente su manifestaci\u00f3n de la voluntad\u201d. Asimismo, establece en el caso de los ni\u00f1os, ni\u00f1as y adolescentes \u201ctienen derecho a intervenir\u201d en el marco de la Ley N\u00ba 26.061 -Ley de protecci\u00f3n integral de los derechos de las ni\u00f1as, ni\u00f1os y adolescentes- \u201ca los fines de la toma de decisi\u00f3n sobre terapias o procedimientos m\u00e9dicos o biol\u00f3gicos que involucren su vida o salud\u201d.<\/p>\n<p>&nbsp;<\/p>\n<p>La normativa establece el derecho de todo paciente a morir sin que se le proporcionen medios desproporcionados o extraordinarios para el mantenimiento de su vida o si ya se le estuvieren aplicando, para que se los suprima. \u00a0Se incorpor\u00f3 en esa oportunidad, el reconocimiento de la \u00abautonom\u00eda de la voluntad\u00bb de los pacientes.<\/p>\n<p>&nbsp;<\/p>\n<p><img loading=\"lazy\" decoding=\"async\" data-attachment-id=\"8527\" data-permalink=\"https:\/\/www.legistdf.gob.ar\/index.php\/2018\/07\/17\/salud-proponen-que-tierra-del-fuego-adhiera-a-la-ley-de-muerte-digna\/sesion-3\/\" data-orig-file=\"https:\/\/www.legistdf.gob.ar\/wp-content\/uploads\/2018\/07\/sesion.jpg\" data-orig-size=\"1000,667\" data-comments-opened=\"0\" data-image-meta=\"{&quot;aperture&quot;:&quot;3.5&quot;,&quot;credit&quot;:&quot;PrensaLegislativa2015&quot;,&quot;camera&quot;:&quot;Canon EOS 70D&quot;,&quot;caption&quot;:&quot;&quot;,&quot;created_timestamp&quot;:&quot;1531454999&quot;,&quot;copyright&quot;:&quot;&quot;,&quot;focal_length&quot;:&quot;12&quot;,&quot;iso&quot;:&quot;800&quot;,&quot;shutter_speed&quot;:&quot;0.008&quot;,&quot;title&quot;:&quot;&quot;,&quot;orientation&quot;:&quot;1&quot;}\" data-image-title=\"sesion\" data-image-description=\"\" data-image-caption=\"\" data-medium-file=\"https:\/\/www.legistdf.gob.ar\/wp-content\/uploads\/2018\/07\/sesion-300x200.jpg\" data-large-file=\"https:\/\/www.legistdf.gob.ar\/wp-content\/uploads\/2018\/07\/sesion.jpg\" class=\"aligncenter size-medium wp-image-8527\" src=\"http:\/\/www.legistdf.gob.ar\/wp-content\/uploads\/2018\/07\/sesion-300x200.jpg\" alt=\"\" width=\"300\" height=\"200\" srcset=\"https:\/\/www.legistdf.gob.ar\/wp-content\/uploads\/2018\/07\/sesion-300x200.jpg 300w, https:\/\/www.legistdf.gob.ar\/wp-content\/uploads\/2018\/07\/sesion-768x512.jpg 768w, https:\/\/www.legistdf.gob.ar\/wp-content\/uploads\/2018\/07\/sesion-160x107.jpg 160w, https:\/\/www.legistdf.gob.ar\/wp-content\/uploads\/2018\/07\/sesion.jpg 1000w\" sizes=\"(max-width: 300px) 100vw, 300px\" \/><\/p>\n","protected":false},"excerpt":{"rendered":"<p>&nbsp; Ushuaia, martes 17 de julio de 2018.- Se trata de una normativa sancionada en 2012, se trata de los derechos del paciente en su relaci\u00f3n con los profesionales e instituciones de la salud. La iniciativa de adhesi\u00f3n a la Ley nacional N\u00ba 26742, que fue girada a la Comisi\u00f3n de Salud (5), fue presentada [&hellip;]<\/p>\n","protected":false},"author":352,"featured_media":8527,"comment_status":"closed","ping_status":"open","sticky":false,"template":"","format":"standard","meta":{"jetpack_post_was_ever_published":false,"_jetpack_newsletter_access":"","_jetpack_dont_email_post_to_subs":false,"_jetpack_newsletter_tier_id":0,"footnotes":"","jetpack_publicize_message":"","jetpack_publicize_feature_enabled":true,"jetpack_social_post_already_shared":true,"jetpack_social_options":{"image_generator_settings":{"template":"highway","enabled":false}}},"categories":[1],"tags":[364,104,48,117,79,87],"jetpack_publicize_connections":[],"jetpack_sharing_enabled":true,"jetpack_featured_media_url":"https:\/\/www.legistdf.gob.ar\/wp-content\/uploads\/2018\/07\/sesion.jpg","jetpack-related-posts":[],"_links":{"self":[{"href":"https:\/\/www.legistdf.gob.ar\/index.php\/wp-json\/wp\/v2\/posts\/8525"}],"collection":[{"href":"https:\/\/www.legistdf.gob.ar\/index.php\/wp-json\/wp\/v2\/posts"}],"about":[{"href":"https:\/\/www.legistdf.gob.ar\/index.php\/wp-json\/wp\/v2\/types\/post"}],"author":[{"embeddable":true,"href":"https:\/\/www.legistdf.gob.ar\/index.php\/wp-json\/wp\/v2\/users\/352"}],"replies":[{"embeddable":true,"href":"https:\/\/www.legistdf.gob.ar\/index.php\/wp-json\/wp\/v2\/comments?post=8525"}],"version-history":[{"count":2,"href":"https:\/\/www.legistdf.gob.ar\/index.php\/wp-json\/wp\/v2\/posts\/8525\/revisions"}],"predecessor-version":[{"id":8529,"href":"https:\/\/www.legistdf.gob.ar\/index.php\/wp-json\/wp\/v2\/posts\/8525\/revisions\/8529"}],"wp:featuredmedia":[{"embeddable":true,"href":"https:\/\/www.legistdf.gob.ar\/index.php\/wp-json\/wp\/v2\/media\/8527"}],"wp:attachment":[{"href":"https:\/\/www.legistdf.gob.ar\/index.php\/wp-json\/wp\/v2\/media?parent=8525"}],"wp:term":[{"taxonomy":"category","embeddable":true,"href":"https:\/\/www.legistdf.gob.ar\/index.php\/wp-json\/wp\/v2\/categories?post=8525"},{"taxonomy":"post_tag","embeddable":true,"href":"https:\/\/www.legistdf.gob.ar\/index.php\/wp-json\/wp\/v2\/tags?post=8525"}],"curies":[{"name":"wp","href":"https:\/\/api.w.org\/{rel}","templated":true}]}}