{"id":8666,"date":"2018-08-08T16:20:10","date_gmt":"2018-08-08T19:20:10","guid":{"rendered":"http:\/\/www.legistdf.gob.ar\/?p=8666"},"modified":"2018-08-08T16:20:10","modified_gmt":"2018-08-08T19:20:10","slug":"justicia-es-un-gusto-contar-con-esta-sede-para-las-proximas-generaciones-de-abogados-celebro-bilota","status":"publish","type":"post","link":"https:\/\/www.legistdf.gob.ar\/index.php\/2018\/08\/08\/justicia-es-un-gusto-contar-con-esta-sede-para-las-proximas-generaciones-de-abogados-celebro-bilota\/","title":{"rendered":"JUSTICIA: \u201cEs un gusto contar con esta sede para las pr\u00f3ximas generaciones de abogados\u201d, celebr\u00f3 Bilota"},"content":{"rendered":"<p>&nbsp;<\/p>\n<p><strong>Ushuaia, mi\u00e9rcoles 8 de agosto de 2018.- El Gobierno firm\u00f3 el convenio por el cual, concreta la venta del predio donde se encuentra emplazado el Colegio P\u00fablico de Abogados de Ushuaia (CPAU), a favor de la instituci\u00f3n. La firma se realiz\u00f3 esta ma\u00f1ana, a trav\u00e9s del Instituto Provincial de Vivienda (IPV) sobre el terreno en el barrio Bah\u00eda Golondrina en pasaje Abogado Juan Larrouyet 50. <\/strong><\/p>\n<p><strong>\u00a0<\/strong><\/p>\n<p>El convenio de sesi\u00f3n onerosa y contrataci\u00f3n de servicios t\u00e9cnicos entre el IPV y el CPAU, se suscribi\u00f3 en presencia de la gobernadora, Dra. Rosana Bertone,; el presidente del IPV, Gustavo V\u00e1zquez; el titular del CPAU, Dr. Mart\u00edn Mu\u00f1oz en instalaciones del Colegio. Acompa\u00f1aron el evento los legisladores Federico Bilota y Angelina Carrasco<\/p>\n<p>&nbsp;<\/p>\n<p>La operatoria entre el IPV al Colegio, se concret\u00f3 mediante un convenio que estipula el pago total del valor en 50 cuotas y tras lo cual se acceder\u00e1 al titulo de propiedad.<\/p>\n<p>&nbsp;<\/p>\n<p>Luego de la firma, Prensa Legislativa dialog\u00f3 con el legislador Bilota quien manifest\u00f3 su satisfacci\u00f3n por la concreci\u00f3n de este anhelo. \u201cEs un hecho hist\u00f3rico, un convenio que se realiza entre el Gobierno, a trav\u00e9s del IPV con el consejo directivo del Colegio P\u00fablico de Abogados de Ushuaia, que logra la venta del predio donde se encuentra la sede de esta instituci\u00f3n\u201d, cont\u00f3.<\/p>\n<p>&nbsp;<\/p>\n<p>En esta l\u00ednea, record\u00f3 que \u201chubo gestiones muy largas desde el inicio de la obra de este edificio, para obtener el titulo de propiedad y han pasado gestiones que han puesto empe\u00f1o para lograrlo y le toc\u00f3 a esta gesti\u00f3n concretarlo\u201d.<\/p>\n<p>&nbsp;<\/p>\n<p>El CPAU es una instituci\u00f3n \u201cmuy representativa pero chica, porque la matricula es peque\u00f1a comparado con otras jurisdicciones\u201d, sostuvo Bilota. \u201cLos recursos tambi\u00e9n son escasos y a pesar de esto, se hace un gran esfuerzo para mantener los servicios de este lugar que no solamente ejerce el control de la matr\u00edcula, sino que tambi\u00e9n act\u00faa como un sindicato para los abogados, es la representaci\u00f3n ante los estamentos\u201d, grafic\u00f3.<\/p>\n<p>&nbsp;<\/p>\n<p>El presidente de la bancada del FPV \u2013 PJ calific\u00f3 como un hecho relevante porque adem\u00e1s agrupar\u00e1 a los futuros profesionales. \u201cEs un gusto y una satisfacci\u00f3n que podamos contar con esta sede no solo para esta generaci\u00f3n de abogados, sino para las futuras generaciones\u201d, finaliz\u00f3.<\/p>\n<p>&nbsp;<\/p>\n\n\t\t<style type=\"text\/css\">\n\t\t\t#gallery-1 {\n\t\t\t\tmargin: auto;\n\t\t\t}\n\t\t\t#gallery-1 .gallery-item {\n\t\t\t\tfloat: left;\n\t\t\t\tmargin-top: 10px;\n\t\t\t\ttext-align: center;\n\t\t\t\twidth: 33%;\n\t\t\t}\n\t\t\t#gallery-1 img {\n\t\t\t\tborder: 2px solid #cfcfcf;\n\t\t\t}\n\t\t\t#gallery-1 .gallery-caption {\n\t\t\t\tmargin-left: 0;\n\t\t\t}\n\t\t\t\/* see gallery_shortcode() in wp-includes\/media.php *\/\n\t\t<\/style>\n\t\t<div data-carousel-extra='{\"blog_id\":1,\"permalink\":\"https:\\\/\\\/www.legistdf.gob.ar\\\/index.php\\\/2018\\\/08\\\/08\\\/justicia-es-un-gusto-contar-con-esta-sede-para-las-proximas-generaciones-de-abogados-celebro-bilota\\\/\"}' id='gallery-1' class='gallery galleryid-8666 gallery-columns-3 gallery-size-thumbnail'><dl class='gallery-item'>\n\t\t\t<dt class='gallery-icon landscape'>\n\t\t\t\t<a href='https:\/\/www.legistdf.gob.ar\/index.php\/2018\/08\/08\/justicia-es-un-gusto-contar-con-esta-sede-para-las-proximas-generaciones-de-abogados-celebro-bilota\/img_2503\/'><img loading=\"lazy\" decoding=\"async\" width=\"150\" height=\"150\" src=\"https:\/\/www.legistdf.gob.ar\/wp-content\/uploads\/2018\/08\/IMG_2503-150x150.jpg\" class=\"attachment-thumbnail size-thumbnail\" alt=\"\" srcset=\"https:\/\/www.legistdf.gob.ar\/wp-content\/uploads\/2018\/08\/IMG_2503-150x150.jpg 150w, https:\/\/www.legistdf.gob.ar\/wp-content\/uploads\/2018\/08\/IMG_2503-64x64.jpg 64w\" sizes=\"(max-width: 150px) 100vw, 150px\" data-attachment-id=\"8667\" data-permalink=\"https:\/\/www.legistdf.gob.ar\/index.php\/2018\/08\/08\/justicia-es-un-gusto-contar-con-esta-sede-para-las-proximas-generaciones-de-abogados-celebro-bilota\/img_2503\/\" data-orig-file=\"https:\/\/www.legistdf.gob.ar\/wp-content\/uploads\/2018\/08\/IMG_2503.jpg\" data-orig-size=\"1000,667\" data-comments-opened=\"0\" data-image-meta=\"{&quot;aperture&quot;:&quot;0&quot;,&quot;credit&quot;:&quot;&quot;,&quot;camera&quot;:&quot;&quot;,&quot;caption&quot;:&quot;&quot;,&quot;created_timestamp&quot;:&quot;0&quot;,&quot;copyright&quot;:&quot;&quot;,&quot;focal_length&quot;:&quot;0&quot;,&quot;iso&quot;:&quot;0&quot;,&quot;shutter_speed&quot;:&quot;0&quot;,&quot;title&quot;:&quot;&quot;,&quot;orientation&quot;:&quot;0&quot;}\" data-image-title=\"IMG_2503\" data-image-description=\"\" data-image-caption=\"\" data-medium-file=\"https:\/\/www.legistdf.gob.ar\/wp-content\/uploads\/2018\/08\/IMG_2503-300x200.jpg\" data-large-file=\"https:\/\/www.legistdf.gob.ar\/wp-content\/uploads\/2018\/08\/IMG_2503.jpg\" \/><\/a>\n\t\t\t<\/dt><\/dl><dl class='gallery-item'>\n\t\t\t<dt class='gallery-icon landscape'>\n\t\t\t\t<a href='https:\/\/www.legistdf.gob.ar\/index.php\/2018\/08\/08\/justicia-es-un-gusto-contar-con-esta-sede-para-las-proximas-generaciones-de-abogados-celebro-bilota\/img_2514\/'><img loading=\"lazy\" decoding=\"async\" width=\"150\" height=\"150\" src=\"https:\/\/www.legistdf.gob.ar\/wp-content\/uploads\/2018\/08\/IMG_2514-150x150.jpg\" class=\"attachment-thumbnail size-thumbnail\" alt=\"\" srcset=\"https:\/\/www.legistdf.gob.ar\/wp-content\/uploads\/2018\/08\/IMG_2514-150x150.jpg 150w, https:\/\/www.legistdf.gob.ar\/wp-content\/uploads\/2018\/08\/IMG_2514-64x64.jpg 64w\" sizes=\"(max-width: 150px) 100vw, 150px\" data-attachment-id=\"8668\" data-permalink=\"https:\/\/www.legistdf.gob.ar\/index.php\/2018\/08\/08\/justicia-es-un-gusto-contar-con-esta-sede-para-las-proximas-generaciones-de-abogados-celebro-bilota\/img_2514\/\" data-orig-file=\"https:\/\/www.legistdf.gob.ar\/wp-content\/uploads\/2018\/08\/IMG_2514.jpg\" data-orig-size=\"1000,667\" data-comments-opened=\"0\" data-image-meta=\"{&quot;aperture&quot;:&quot;0&quot;,&quot;credit&quot;:&quot;&quot;,&quot;camera&quot;:&quot;&quot;,&quot;caption&quot;:&quot;&quot;,&quot;created_timestamp&quot;:&quot;0&quot;,&quot;copyright&quot;:&quot;&quot;,&quot;focal_length&quot;:&quot;0&quot;,&quot;iso&quot;:&quot;0&quot;,&quot;shutter_speed&quot;:&quot;0&quot;,&quot;title&quot;:&quot;&quot;,&quot;orientation&quot;:&quot;0&quot;}\" data-image-title=\"IMG_2514\" data-image-description=\"\" data-image-caption=\"\" data-medium-file=\"https:\/\/www.legistdf.gob.ar\/wp-content\/uploads\/2018\/08\/IMG_2514-300x200.jpg\" data-large-file=\"https:\/\/www.legistdf.gob.ar\/wp-content\/uploads\/2018\/08\/IMG_2514.jpg\" \/><\/a>\n\t\t\t<\/dt><\/dl><dl class='gallery-item'>\n\t\t\t<dt class='gallery-icon landscape'>\n\t\t\t\t<a href='https:\/\/www.legistdf.gob.ar\/index.php\/2018\/08\/08\/justicia-es-un-gusto-contar-con-esta-sede-para-las-proximas-generaciones-de-abogados-celebro-bilota\/img_2518\/'><img loading=\"lazy\" decoding=\"async\" width=\"150\" height=\"150\" src=\"https:\/\/www.legistdf.gob.ar\/wp-content\/uploads\/2018\/08\/IMG_2518-150x150.jpg\" class=\"attachment-thumbnail size-thumbnail\" alt=\"\" srcset=\"https:\/\/www.legistdf.gob.ar\/wp-content\/uploads\/2018\/08\/IMG_2518-150x150.jpg 150w, https:\/\/www.legistdf.gob.ar\/wp-content\/uploads\/2018\/08\/IMG_2518-64x64.jpg 64w\" sizes=\"(max-width: 150px) 100vw, 150px\" data-attachment-id=\"8669\" data-permalink=\"https:\/\/www.legistdf.gob.ar\/index.php\/2018\/08\/08\/justicia-es-un-gusto-contar-con-esta-sede-para-las-proximas-generaciones-de-abogados-celebro-bilota\/img_2518\/\" data-orig-file=\"https:\/\/www.legistdf.gob.ar\/wp-content\/uploads\/2018\/08\/IMG_2518.jpg\" data-orig-size=\"1000,667\" data-comments-opened=\"0\" data-image-meta=\"{&quot;aperture&quot;:&quot;0&quot;,&quot;credit&quot;:&quot;&quot;,&quot;camera&quot;:&quot;&quot;,&quot;caption&quot;:&quot;&quot;,&quot;created_timestamp&quot;:&quot;0&quot;,&quot;copyright&quot;:&quot;&quot;,&quot;focal_length&quot;:&quot;0&quot;,&quot;iso&quot;:&quot;0&quot;,&quot;shutter_speed&quot;:&quot;0&quot;,&quot;title&quot;:&quot;&quot;,&quot;orientation&quot;:&quot;0&quot;}\" data-image-title=\"IMG_2518\" data-image-description=\"\" data-image-caption=\"\" data-medium-file=\"https:\/\/www.legistdf.gob.ar\/wp-content\/uploads\/2018\/08\/IMG_2518-300x200.jpg\" data-large-file=\"https:\/\/www.legistdf.gob.ar\/wp-content\/uploads\/2018\/08\/IMG_2518.jpg\" \/><\/a>\n\t\t\t<\/dt><\/dl><br style=\"clear: both\" \/><dl class='gallery-item'>\n\t\t\t<dt class='gallery-icon landscape'>\n\t\t\t\t<a href='https:\/\/www.legistdf.gob.ar\/index.php\/2018\/08\/08\/justicia-es-un-gusto-contar-con-esta-sede-para-las-proximas-generaciones-de-abogados-celebro-bilota\/img_2532\/'><img loading=\"lazy\" decoding=\"async\" width=\"150\" height=\"150\" src=\"https:\/\/www.legistdf.gob.ar\/wp-content\/uploads\/2018\/08\/IMG_2532-150x150.jpg\" class=\"attachment-thumbnail size-thumbnail\" alt=\"\" srcset=\"https:\/\/www.legistdf.gob.ar\/wp-content\/uploads\/2018\/08\/IMG_2532-150x150.jpg 150w, https:\/\/www.legistdf.gob.ar\/wp-content\/uploads\/2018\/08\/IMG_2532-64x64.jpg 64w\" sizes=\"(max-width: 150px) 100vw, 150px\" data-attachment-id=\"8670\" data-permalink=\"https:\/\/www.legistdf.gob.ar\/index.php\/2018\/08\/08\/justicia-es-un-gusto-contar-con-esta-sede-para-las-proximas-generaciones-de-abogados-celebro-bilota\/img_2532\/\" data-orig-file=\"https:\/\/www.legistdf.gob.ar\/wp-content\/uploads\/2018\/08\/IMG_2532.jpg\" data-orig-size=\"1000,667\" data-comments-opened=\"0\" data-image-meta=\"{&quot;aperture&quot;:&quot;0&quot;,&quot;credit&quot;:&quot;&quot;,&quot;camera&quot;:&quot;&quot;,&quot;caption&quot;:&quot;&quot;,&quot;created_timestamp&quot;:&quot;0&quot;,&quot;copyright&quot;:&quot;&quot;,&quot;focal_length&quot;:&quot;0&quot;,&quot;iso&quot;:&quot;0&quot;,&quot;shutter_speed&quot;:&quot;0&quot;,&quot;title&quot;:&quot;&quot;,&quot;orientation&quot;:&quot;0&quot;}\" data-image-title=\"IMG_2532\" data-image-description=\"\" data-image-caption=\"\" data-medium-file=\"https:\/\/www.legistdf.gob.ar\/wp-content\/uploads\/2018\/08\/IMG_2532-300x200.jpg\" data-large-file=\"https:\/\/www.legistdf.gob.ar\/wp-content\/uploads\/2018\/08\/IMG_2532.jpg\" \/><\/a>\n\t\t\t<\/dt><\/dl><dl class='gallery-item'>\n\t\t\t<dt class='gallery-icon landscape'>\n\t\t\t\t<a href='https:\/\/www.legistdf.gob.ar\/index.php\/2018\/08\/08\/justicia-es-un-gusto-contar-con-esta-sede-para-las-proximas-generaciones-de-abogados-celebro-bilota\/img_2563\/'><img loading=\"lazy\" decoding=\"async\" width=\"150\" height=\"150\" src=\"https:\/\/www.legistdf.gob.ar\/wp-content\/uploads\/2018\/08\/IMG_2563-150x150.jpg\" class=\"attachment-thumbnail size-thumbnail\" alt=\"\" srcset=\"https:\/\/www.legistdf.gob.ar\/wp-content\/uploads\/2018\/08\/IMG_2563-150x150.jpg 150w, https:\/\/www.legistdf.gob.ar\/wp-content\/uploads\/2018\/08\/IMG_2563-64x64.jpg 64w\" sizes=\"(max-width: 150px) 100vw, 150px\" data-attachment-id=\"8671\" data-permalink=\"https:\/\/www.legistdf.gob.ar\/index.php\/2018\/08\/08\/justicia-es-un-gusto-contar-con-esta-sede-para-las-proximas-generaciones-de-abogados-celebro-bilota\/img_2563\/\" data-orig-file=\"https:\/\/www.legistdf.gob.ar\/wp-content\/uploads\/2018\/08\/IMG_2563.jpg\" data-orig-size=\"1000,667\" data-comments-opened=\"0\" data-image-meta=\"{&quot;aperture&quot;:&quot;0&quot;,&quot;credit&quot;:&quot;&quot;,&quot;camera&quot;:&quot;&quot;,&quot;caption&quot;:&quot;&quot;,&quot;created_timestamp&quot;:&quot;0&quot;,&quot;copyright&quot;:&quot;&quot;,&quot;focal_length&quot;:&quot;0&quot;,&quot;iso&quot;:&quot;0&quot;,&quot;shutter_speed&quot;:&quot;0&quot;,&quot;title&quot;:&quot;&quot;,&quot;orientation&quot;:&quot;0&quot;}\" data-image-title=\"IMG_2563\" data-image-description=\"\" data-image-caption=\"\" data-medium-file=\"https:\/\/www.legistdf.gob.ar\/wp-content\/uploads\/2018\/08\/IMG_2563-300x200.jpg\" data-large-file=\"https:\/\/www.legistdf.gob.ar\/wp-content\/uploads\/2018\/08\/IMG_2563.jpg\" \/><\/a>\n\t\t\t<\/dt><\/dl><dl class='gallery-item'>\n\t\t\t<dt class='gallery-icon landscape'>\n\t\t\t\t<a href='https:\/\/www.legistdf.gob.ar\/index.php\/2018\/08\/08\/justicia-es-un-gusto-contar-con-esta-sede-para-las-proximas-generaciones-de-abogados-celebro-bilota\/img_2601-2\/'><img loading=\"lazy\" decoding=\"async\" width=\"150\" height=\"150\" src=\"https:\/\/www.legistdf.gob.ar\/wp-content\/uploads\/2018\/08\/IMG_2601-1-150x150.jpg\" class=\"attachment-thumbnail size-thumbnail\" alt=\"\" srcset=\"https:\/\/www.legistdf.gob.ar\/wp-content\/uploads\/2018\/08\/IMG_2601-1-150x150.jpg 150w, https:\/\/www.legistdf.gob.ar\/wp-content\/uploads\/2018\/08\/IMG_2601-1-64x64.jpg 64w\" sizes=\"(max-width: 150px) 100vw, 150px\" data-attachment-id=\"8672\" data-permalink=\"https:\/\/www.legistdf.gob.ar\/index.php\/2018\/08\/08\/justicia-es-un-gusto-contar-con-esta-sede-para-las-proximas-generaciones-de-abogados-celebro-bilota\/img_2601-2\/\" data-orig-file=\"https:\/\/www.legistdf.gob.ar\/wp-content\/uploads\/2018\/08\/IMG_2601-1.jpg\" data-orig-size=\"1000,667\" data-comments-opened=\"0\" data-image-meta=\"{&quot;aperture&quot;:&quot;0&quot;,&quot;credit&quot;:&quot;&quot;,&quot;camera&quot;:&quot;&quot;,&quot;caption&quot;:&quot;&quot;,&quot;created_timestamp&quot;:&quot;0&quot;,&quot;copyright&quot;:&quot;&quot;,&quot;focal_length&quot;:&quot;0&quot;,&quot;iso&quot;:&quot;0&quot;,&quot;shutter_speed&quot;:&quot;0&quot;,&quot;title&quot;:&quot;&quot;,&quot;orientation&quot;:&quot;0&quot;}\" data-image-title=\"IMG_2601\" data-image-description=\"\" data-image-caption=\"\" data-medium-file=\"https:\/\/www.legistdf.gob.ar\/wp-content\/uploads\/2018\/08\/IMG_2601-1-300x200.jpg\" data-large-file=\"https:\/\/www.legistdf.gob.ar\/wp-content\/uploads\/2018\/08\/IMG_2601-1.jpg\" \/><\/a>\n\t\t\t<\/dt><\/dl><br style=\"clear: both\" \/>\n\t\t<\/div>\n\n","protected":false},"excerpt":{"rendered":"<p>&nbsp; Ushuaia, mi\u00e9rcoles 8 de agosto de 2018.- El Gobierno firm\u00f3 el convenio por el cual, concreta la venta del predio donde se encuentra emplazado el Colegio P\u00fablico de Abogados de Ushuaia (CPAU), a favor de la instituci\u00f3n. La firma se realiz\u00f3 esta ma\u00f1ana, a trav\u00e9s del Instituto Provincial de Vivienda (IPV) sobre el terreno [&hellip;]<\/p>\n","protected":false},"author":352,"featured_media":8671,"comment_status":"closed","ping_status":"open","sticky":false,"template":"","format":"standard","meta":{"jetpack_post_was_ever_published":false,"_jetpack_newsletter_access":"","_jetpack_dont_email_post_to_subs":false,"_jetpack_newsletter_tier_id":0,"footnotes":"","jetpack_publicize_message":"","jetpack_publicize_feature_enabled":true,"jetpack_social_post_already_shared":true,"jetpack_social_options":{"image_generator_settings":{"template":"highway","enabled":false}}},"categories":[1],"tags":[124,175,402,162,87],"jetpack_publicize_connections":[],"jetpack_sharing_enabled":true,"jetpack_featured_media_url":"https:\/\/www.legistdf.gob.ar\/wp-content\/uploads\/2018\/08\/IMG_2563.jpg","jetpack-related-posts":[],"_links":{"self":[{"href":"https:\/\/www.legistdf.gob.ar\/index.php\/wp-json\/wp\/v2\/posts\/8666"}],"collection":[{"href":"https:\/\/www.legistdf.gob.ar\/index.php\/wp-json\/wp\/v2\/posts"}],"about":[{"href":"https:\/\/www.legistdf.gob.ar\/index.php\/wp-json\/wp\/v2\/types\/post"}],"author":[{"embeddable":true,"href":"https:\/\/www.legistdf.gob.ar\/index.php\/wp-json\/wp\/v2\/users\/352"}],"replies":[{"embeddable":true,"href":"https:\/\/www.legistdf.gob.ar\/index.php\/wp-json\/wp\/v2\/comments?post=8666"}],"version-history":[{"count":1,"href":"https:\/\/www.legistdf.gob.ar\/index.php\/wp-json\/wp\/v2\/posts\/8666\/revisions"}],"predecessor-version":[{"id":8673,"href":"https:\/\/www.legistdf.gob.ar\/index.php\/wp-json\/wp\/v2\/posts\/8666\/revisions\/8673"}],"wp:featuredmedia":[{"embeddable":true,"href":"https:\/\/www.legistdf.gob.ar\/index.php\/wp-json\/wp\/v2\/media\/8671"}],"wp:attachment":[{"href":"https:\/\/www.legistdf.gob.ar\/index.php\/wp-json\/wp\/v2\/media?parent=8666"}],"wp:term":[{"taxonomy":"category","embeddable":true,"href":"https:\/\/www.legistdf.gob.ar\/index.php\/wp-json\/wp\/v2\/categories?post=8666"},{"taxonomy":"post_tag","embeddable":true,"href":"https:\/\/www.legistdf.gob.ar\/index.php\/wp-json\/wp\/v2\/tags?post=8666"}],"curies":[{"name":"wp","href":"https:\/\/api.w.org\/{rel}","templated":true}]}}