{"id":8750,"date":"2018-08-13T16:21:46","date_gmt":"2018-08-13T19:21:46","guid":{"rendered":"http:\/\/www.legistdf.gob.ar\/?p=8750"},"modified":"2018-08-13T16:21:46","modified_gmt":"2018-08-13T19:21:46","slug":"salud-martinez-allende-adelanto-que-citaran-a-los-titulares-de-la-osef-y-del-ministerio-de-salud","status":"publish","type":"post","link":"https:\/\/www.legistdf.gob.ar\/index.php\/2018\/08\/13\/salud-martinez-allende-adelanto-que-citaran-a-los-titulares-de-la-osef-y-del-ministerio-de-salud\/","title":{"rendered":"SALUD: Mart\u00ednez Allende adelant\u00f3 que citar\u00e1n a los titulares de la OSEF y del Ministerio de Salud"},"content":{"rendered":"<p>&nbsp;<\/p>\n<p><strong>Ushuaia, lunes 13 de agosto de 2018.- La presidenta de la Comisi\u00f3n de Salud P\u00fablica (5), Liliana Mart\u00ednez Allende (UCR \u2013 Cambiemos), convoc\u00f3 a dos nuevas reuniones de ese espacio de debate parlamentario para los pr\u00f3ximos d\u00edas. Cuestiones relacionadas con la Obra Social estatal (OSEF) y el Ministerio de Salud provincial, ser\u00e1n abordadas en sendos encuentros.<\/strong><\/p>\n<p><strong>\u00a0<\/strong><\/p>\n<p>La legisladora Mart\u00ednez Allende confirm\u00f3 que \u201cpara el pr\u00f3ximo jueves a las 14.30 horas, estamos pidi\u00e9ndole a la Presidenta de la OSEF, licenciada Liliana Conti, hacer una reuni\u00f3n con la Comisi\u00f3n de Salud, para que ella se lleve las inquietudes de los Legisladores\u201d.<\/p>\n<p>&nbsp;<\/p>\n<p>Por otro lado, la titular de la Obra Social \u201cpodr\u00e1 comentar de qu\u00e9 manera ha encarado esta gesti\u00f3n, que sabemos que ha habido algunos cambios respecto a la gesti\u00f3n anterior, por lo tanto propiciamos este encuentro para conocernos, comenzar a trabajar juntos, en algunas cuestiones que tambi\u00e9n ella tiene para plantear a la Comisi\u00f3n. El trabajo en conjunto y en beneficio de la comunidad siempre es importante\u201d, dijo la referente del bloque radical.<\/p>\n<p>&nbsp;<\/p>\n<p>Respecto de una futura convocatoria al ministro de Salud, dr. Guillermo Ruckauf, la Parlamentaria confirm\u00f3 que \u201csi es posible, de acuerdo a su disponibilidad horaria, lo convocaremos para el jueves de esta semana y sino, para la semana pr\u00f3xima\u201d. Adelant\u00f3 que, entre los temas a abordar, \u201ctenemos pendiente un cuestionario que nos dej\u00f3 en su momento la Mesa de Salud y que aun no hemos recibido respuesta\u201d, cerr\u00f3 Mart\u00ednez Allende.<\/p>\n<p>&nbsp;<\/p>\n<p><strong><img loading=\"lazy\" decoding=\"async\" data-attachment-id=\"8184\" data-permalink=\"https:\/\/www.legistdf.gob.ar\/index.php\/2018\/06\/28\/salud-promulgan-ley-que-crea-organo-de-revision-de-salud-mental\/img_9104\/\" data-orig-file=\"https:\/\/www.legistdf.gob.ar\/wp-content\/uploads\/2018\/06\/IMG_9104.jpg\" data-orig-size=\"1000,667\" data-comments-opened=\"0\" data-image-meta=\"{&quot;aperture&quot;:&quot;7.1&quot;,&quot;credit&quot;:&quot;PrensaLegislativa2015&quot;,&quot;camera&quot;:&quot;Canon EOS 70D&quot;,&quot;caption&quot;:&quot;&quot;,&quot;created_timestamp&quot;:&quot;1530173100&quot;,&quot;copyright&quot;:&quot;&quot;,&quot;focal_length&quot;:&quot;55&quot;,&quot;iso&quot;:&quot;2000&quot;,&quot;shutter_speed&quot;:&quot;0.004&quot;,&quot;title&quot;:&quot;&quot;,&quot;orientation&quot;:&quot;0&quot;}\" data-image-title=\"IMG_9104\" data-image-description=\"\" data-image-caption=\"\" data-medium-file=\"https:\/\/www.legistdf.gob.ar\/wp-content\/uploads\/2018\/06\/IMG_9104-300x200.jpg\" data-large-file=\"https:\/\/www.legistdf.gob.ar\/wp-content\/uploads\/2018\/06\/IMG_9104.jpg\" class=\"aligncenter size-medium wp-image-8184\" src=\"http:\/\/www.legistdf.gob.ar\/wp-content\/uploads\/2018\/06\/IMG_9104-300x200.jpg\" alt=\"\" width=\"300\" height=\"200\" srcset=\"https:\/\/www.legistdf.gob.ar\/wp-content\/uploads\/2018\/06\/IMG_9104-300x200.jpg 300w, https:\/\/www.legistdf.gob.ar\/wp-content\/uploads\/2018\/06\/IMG_9104-768x512.jpg 768w, https:\/\/www.legistdf.gob.ar\/wp-content\/uploads\/2018\/06\/IMG_9104-160x107.jpg 160w, https:\/\/www.legistdf.gob.ar\/wp-content\/uploads\/2018\/06\/IMG_9104.jpg 1000w\" sizes=\"(max-width: 300px) 100vw, 300px\" \/><\/strong><\/p>\n","protected":false},"excerpt":{"rendered":"<p>&nbsp; Ushuaia, lunes 13 de agosto de 2018.- La presidenta de la Comisi\u00f3n de Salud P\u00fablica (5), Liliana Mart\u00ednez Allende (UCR \u2013 Cambiemos), convoc\u00f3 a dos nuevas reuniones de ese espacio de debate parlamentario para los pr\u00f3ximos d\u00edas. Cuestiones relacionadas con la Obra Social estatal (OSEF) y el Ministerio de Salud provincial, ser\u00e1n abordadas en [&hellip;]<\/p>\n","protected":false},"author":352,"featured_media":8184,"comment_status":"closed","ping_status":"open","sticky":false,"template":"","format":"standard","meta":{"jetpack_post_was_ever_published":false,"_jetpack_newsletter_access":"","_jetpack_dont_email_post_to_subs":false,"_jetpack_newsletter_tier_id":0,"footnotes":"","jetpack_publicize_message":"","jetpack_publicize_feature_enabled":true,"jetpack_social_post_already_shared":true,"jetpack_social_options":{"image_generator_settings":{"template":"highway","enabled":false}}},"categories":[1],"tags":[213,78,155,48],"jetpack_publicize_connections":[],"jetpack_sharing_enabled":true,"jetpack_featured_media_url":"https:\/\/www.legistdf.gob.ar\/wp-content\/uploads\/2018\/06\/IMG_9104.jpg","jetpack-related-posts":[],"_links":{"self":[{"href":"https:\/\/www.legistdf.gob.ar\/index.php\/wp-json\/wp\/v2\/posts\/8750"}],"collection":[{"href":"https:\/\/www.legistdf.gob.ar\/index.php\/wp-json\/wp\/v2\/posts"}],"about":[{"href":"https:\/\/www.legistdf.gob.ar\/index.php\/wp-json\/wp\/v2\/types\/post"}],"author":[{"embeddable":true,"href":"https:\/\/www.legistdf.gob.ar\/index.php\/wp-json\/wp\/v2\/users\/352"}],"replies":[{"embeddable":true,"href":"https:\/\/www.legistdf.gob.ar\/index.php\/wp-json\/wp\/v2\/comments?post=8750"}],"version-history":[{"count":2,"href":"https:\/\/www.legistdf.gob.ar\/index.php\/wp-json\/wp\/v2\/posts\/8750\/revisions"}],"predecessor-version":[{"id":8752,"href":"https:\/\/www.legistdf.gob.ar\/index.php\/wp-json\/wp\/v2\/posts\/8750\/revisions\/8752"}],"wp:featuredmedia":[{"embeddable":true,"href":"https:\/\/www.legistdf.gob.ar\/index.php\/wp-json\/wp\/v2\/media\/8184"}],"wp:attachment":[{"href":"https:\/\/www.legistdf.gob.ar\/index.php\/wp-json\/wp\/v2\/media?parent=8750"}],"wp:term":[{"taxonomy":"category","embeddable":true,"href":"https:\/\/www.legistdf.gob.ar\/index.php\/wp-json\/wp\/v2\/categories?post=8750"},{"taxonomy":"post_tag","embeddable":true,"href":"https:\/\/www.legistdf.gob.ar\/index.php\/wp-json\/wp\/v2\/tags?post=8750"}],"curies":[{"name":"wp","href":"https:\/\/api.w.org\/{rel}","templated":true}]}}