{"id":8757,"date":"2018-08-14T15:53:11","date_gmt":"2018-08-14T18:53:11","guid":{"rendered":"http:\/\/www.legistdf.gob.ar\/?p=8757"},"modified":"2018-08-14T15:53:11","modified_gmt":"2018-08-14T18:53:11","slug":"cultura-la-provincia-estara-presente-en-2019-en-cosquin-anuncio-arcando","status":"publish","type":"post","link":"https:\/\/www.legistdf.gob.ar\/index.php\/2018\/08\/14\/cultura-la-provincia-estara-presente-en-2019-en-cosquin-anuncio-arcando\/","title":{"rendered":"CULTURA: \u201cLa Provincia estar\u00e1 presente en 2019 en Cosqu\u00edn\u201d, anunci\u00f3 Arcando"},"content":{"rendered":"<p><strong>Ushuaia, martes 14 de agosto de 2018.- La Provincia de Tierra del Fuego, Ant\u00e1rtida e Islas del Atl\u00e1ntico Sur, tendr\u00e1 sus representantes en el pr\u00f3ximo Festival Nacional de Folclore Cosqu\u00edn 2019. Firmaron el preconvenio para su participaci\u00f3n el Intendente de Cosqu\u00edn, Gabriel Musso y en representaci\u00f3n de la gobernadora de provincia, Dra. Rosana Bertone, lo hizo el vicegobernador Juan Carlos Arcando.<\/strong><\/p>\n<p><strong>\u00a0<\/strong><\/p>\n<p>La edici\u00f3n 59\u00b0 de uno de los eventos culturales m\u00e1s importantes del pa\u00eds, se desarrollar\u00e1 entre el 26 de enero y el 3 de febrero pr\u00f3ximo, en esa ciudad cordobesa.<strong>\u00a0\u201c<\/strong>Con la firma del convenio respectivo, comenzamos el tr\u00e1nsito para que la delegaci\u00f3n oficial de Tierra del Fuego, Ant\u00e1rtida e Islas del Atl\u00e1ntico Sur est\u00e9 presente en el escenario mayor del folclore en Cosqu\u00edn\u00a02019\u201d, adelant\u00f3 el Vicegobernador.<\/p>\n<p>&nbsp;<\/p>\n<p>Arcando firm\u00f3 un preconvenio por el cual se acord\u00f3 que en el Festival Nacional de Folclore \u2018Cosqu\u00edn\u00a02019\u2019\u00a0est\u00e9 presente, en\u00a0la Plaza Pr\u00f3speroMolina y en el escenario mayor del Folclore Nacional y Latinoamericano, el \u2018Atahualpa Yupanqui\u2019, la delegaci\u00f3n oficial de la Provincia.<\/p>\n<p>&nbsp;<\/p>\n<p>\u201cEn la presentaci\u00f3n de 2018 en el escenario mayor del folclore, nuestra Provincia emocion\u00f3 al pa\u00eds\u201d, dijo el titular del Parlamento fueguino. Facundo Armas, Los Hermanos P\u00e9rez, Ushuaia 4 y los Combatientes de Malvinas participaron en el Festival. Fue \u201chist\u00f3rico y emocionante\u201d para muchos fueguinos que estuvieron en Cosqu\u00edn y para \u201clos que disfrutaron por la televisi\u00f3n p\u00fablica fueguina y la nacional\u201d, manifest\u00f3 Arcando.<\/p>\n<p>&nbsp;<\/p>\n<p style=\"text-align: center\"><em>Historia del Festival<\/em><\/p>\n<p>&nbsp;<\/p>\n<p>El Festival Nacional de Folklore de Cosqu\u00edn surgi\u00f3 como una necesidad de un grupo de ciudadanos deseosos de que el nombre de Cosqu\u00edn, se proyectara hacia los diversos estratos del pa\u00eds, con el fin de promover el turismo e incentivar la econom\u00eda local.<\/p>\n<p>Derivado de la \u201c1\u00aa y 2\u00aa Semana de Cosqu\u00edn\u201d (1958-1959), festejos que se realizaban en conmemoraci\u00f3n del d\u00eda de\u00a0la Virgen\u00a0del Rosario, patrona de Cosqu\u00edn, El festival se realizar\u00eda ad-honorem de una Comisi\u00f3n Municipal de Turismo y Fomento (luego denominada Comisi\u00f3n Municipal de Folklore) creada a tal efecto, y que estaba constituida por vecinos de\u00a0la Ciudad\u00a0electos en Asamblea Popular el d\u00eda 26 de Agosto de 1960.<\/p>\n<p>Esa Comisi\u00f3n, que contaba con el apoyo municipal, fue la encargada de crear un espect\u00e1culo que abarc\u00f3 los distintos matices del folklore nacional, como el canto, la m\u00fasica, y la danza tradicionales del pa\u00eds. Es por ello que, en el Primer Festival Nacional de Folklore, realizado entre el 21 y 29 de enero de 1961 estuvieron presentes las delegaciones oficiales de la casi totalidad de las provincias argentinas y los artistas de mayor prestigio, en una fiesta que sobrepas\u00f3 las expectativas creadas por sus organizadores y del p\u00fablico asistente.<\/p>\n<p>&nbsp;<\/p>\n<p>A partir de realizaci\u00f3n del 2\u00b0 festival, en enero de 1962, fue transmitido durante las nueve noches por una radioemisora de la ciudad de Buenos Aires y la red de emisoras del interior del pa\u00eds, en esa primera oportunidad lo hizo radio Belgrano.<\/p>\n<p>En el a\u00f1o 1963, el 28 de febrero, el Presidente de\u00a0la Naci\u00f3n\u00a0decreta con fuerza de ley bajo el n\u00famero 1547 la \u201cinstituci\u00f3n de la Semana Nacional del Folklore a trav\u00e9s del Festival Nacional de Folklore de Cosqu\u00edn\u201d.<\/p>\n\n\t\t<style type=\"text\/css\">\n\t\t\t#gallery-1 {\n\t\t\t\tmargin: auto;\n\t\t\t}\n\t\t\t#gallery-1 .gallery-item {\n\t\t\t\tfloat: left;\n\t\t\t\tmargin-top: 10px;\n\t\t\t\ttext-align: center;\n\t\t\t\twidth: 33%;\n\t\t\t}\n\t\t\t#gallery-1 img {\n\t\t\t\tborder: 2px solid #cfcfcf;\n\t\t\t}\n\t\t\t#gallery-1 .gallery-caption {\n\t\t\t\tmargin-left: 0;\n\t\t\t}\n\t\t\t\/* see gallery_shortcode() in wp-includes\/media.php *\/\n\t\t<\/style>\n\t\t<div data-carousel-extra='{\"blog_id\":1,\"permalink\":\"https:\\\/\\\/www.legistdf.gob.ar\\\/index.php\\\/2018\\\/08\\\/14\\\/cultura-la-provincia-estara-presente-en-2019-en-cosquin-anuncio-arcando\\\/\"}' id='gallery-1' class='gallery galleryid-8757 gallery-columns-3 gallery-size-thumbnail'><dl class='gallery-item'>\n\t\t\t<dt class='gallery-icon landscape'>\n\t\t\t\t<a href='https:\/\/www.legistdf.gob.ar\/index.php\/2018\/08\/14\/cultura-la-provincia-estara-presente-en-2019-en-cosquin-anuncio-arcando\/1-142\/'><img loading=\"lazy\" decoding=\"async\" width=\"150\" height=\"150\" src=\"https:\/\/www.legistdf.gob.ar\/wp-content\/uploads\/2018\/08\/1-5-150x150.jpg\" class=\"attachment-thumbnail size-thumbnail\" alt=\"\" srcset=\"https:\/\/www.legistdf.gob.ar\/wp-content\/uploads\/2018\/08\/1-5-150x150.jpg 150w, https:\/\/www.legistdf.gob.ar\/wp-content\/uploads\/2018\/08\/1-5-64x64.jpg 64w\" sizes=\"(max-width: 150px) 100vw, 150px\" data-attachment-id=\"8758\" data-permalink=\"https:\/\/www.legistdf.gob.ar\/index.php\/2018\/08\/14\/cultura-la-provincia-estara-presente-en-2019-en-cosquin-anuncio-arcando\/1-142\/\" data-orig-file=\"https:\/\/www.legistdf.gob.ar\/wp-content\/uploads\/2018\/08\/1-5.jpg\" data-orig-size=\"1280,853\" data-comments-opened=\"0\" data-image-meta=\"{&quot;aperture&quot;:&quot;0&quot;,&quot;credit&quot;:&quot;&quot;,&quot;camera&quot;:&quot;&quot;,&quot;caption&quot;:&quot;&quot;,&quot;created_timestamp&quot;:&quot;0&quot;,&quot;copyright&quot;:&quot;&quot;,&quot;focal_length&quot;:&quot;0&quot;,&quot;iso&quot;:&quot;0&quot;,&quot;shutter_speed&quot;:&quot;0&quot;,&quot;title&quot;:&quot;&quot;,&quot;orientation&quot;:&quot;0&quot;}\" data-image-title=\"1\" data-image-description=\"\" data-image-caption=\"\" data-medium-file=\"https:\/\/www.legistdf.gob.ar\/wp-content\/uploads\/2018\/08\/1-5-300x200.jpg\" data-large-file=\"https:\/\/www.legistdf.gob.ar\/wp-content\/uploads\/2018\/08\/1-5-1024x682.jpg\" \/><\/a>\n\t\t\t<\/dt><\/dl><dl class='gallery-item'>\n\t\t\t<dt class='gallery-icon landscape'>\n\t\t\t\t<a href='https:\/\/www.legistdf.gob.ar\/index.php\/2018\/08\/14\/cultura-la-provincia-estara-presente-en-2019-en-cosquin-anuncio-arcando\/2-135\/'><img loading=\"lazy\" decoding=\"async\" width=\"150\" height=\"150\" src=\"https:\/\/www.legistdf.gob.ar\/wp-content\/uploads\/2018\/08\/2-4-150x150.jpg\" class=\"attachment-thumbnail size-thumbnail\" alt=\"\" srcset=\"https:\/\/www.legistdf.gob.ar\/wp-content\/uploads\/2018\/08\/2-4-150x150.jpg 150w, https:\/\/www.legistdf.gob.ar\/wp-content\/uploads\/2018\/08\/2-4-64x64.jpg 64w\" sizes=\"(max-width: 150px) 100vw, 150px\" data-attachment-id=\"8759\" data-permalink=\"https:\/\/www.legistdf.gob.ar\/index.php\/2018\/08\/14\/cultura-la-provincia-estara-presente-en-2019-en-cosquin-anuncio-arcando\/2-135\/\" data-orig-file=\"https:\/\/www.legistdf.gob.ar\/wp-content\/uploads\/2018\/08\/2-4.jpg\" data-orig-size=\"1280,853\" data-comments-opened=\"0\" data-image-meta=\"{&quot;aperture&quot;:&quot;0&quot;,&quot;credit&quot;:&quot;&quot;,&quot;camera&quot;:&quot;&quot;,&quot;caption&quot;:&quot;&quot;,&quot;created_timestamp&quot;:&quot;0&quot;,&quot;copyright&quot;:&quot;&quot;,&quot;focal_length&quot;:&quot;0&quot;,&quot;iso&quot;:&quot;0&quot;,&quot;shutter_speed&quot;:&quot;0&quot;,&quot;title&quot;:&quot;&quot;,&quot;orientation&quot;:&quot;0&quot;}\" data-image-title=\"2\" data-image-description=\"\" data-image-caption=\"\" data-medium-file=\"https:\/\/www.legistdf.gob.ar\/wp-content\/uploads\/2018\/08\/2-4-300x200.jpg\" data-large-file=\"https:\/\/www.legistdf.gob.ar\/wp-content\/uploads\/2018\/08\/2-4-1024x682.jpg\" \/><\/a>\n\t\t\t<\/dt><\/dl>\n\t\t\t<br style='clear: both' \/>\n\t\t<\/div>\n\n","protected":false},"excerpt":{"rendered":"<p>Ushuaia, martes 14 de agosto de 2018.- La Provincia de Tierra del Fuego, Ant\u00e1rtida e Islas del Atl\u00e1ntico Sur, tendr\u00e1 sus representantes en el pr\u00f3ximo Festival Nacional de Folclore Cosqu\u00edn 2019. Firmaron el preconvenio para su participaci\u00f3n el Intendente de Cosqu\u00edn, Gabriel Musso y en representaci\u00f3n de la gobernadora de provincia, Dra. Rosana Bertone, lo [&hellip;]<\/p>\n","protected":false},"author":352,"featured_media":8758,"comment_status":"closed","ping_status":"open","sticky":false,"template":"","format":"standard","meta":{"jetpack_post_was_ever_published":false,"_jetpack_newsletter_access":"","_jetpack_dont_email_post_to_subs":false,"_jetpack_newsletter_tier_id":0,"footnotes":"","jetpack_publicize_message":"","jetpack_publicize_feature_enabled":true,"jetpack_social_post_already_shared":true,"jetpack_social_options":{"image_generator_settings":{"template":"highway","enabled":false}}},"categories":[1],"tags":[417,427,47,97,78],"jetpack_publicize_connections":[],"jetpack_sharing_enabled":true,"jetpack_featured_media_url":"https:\/\/www.legistdf.gob.ar\/wp-content\/uploads\/2018\/08\/1-5.jpg","jetpack-related-posts":[],"_links":{"self":[{"href":"https:\/\/www.legistdf.gob.ar\/index.php\/wp-json\/wp\/v2\/posts\/8757"}],"collection":[{"href":"https:\/\/www.legistdf.gob.ar\/index.php\/wp-json\/wp\/v2\/posts"}],"about":[{"href":"https:\/\/www.legistdf.gob.ar\/index.php\/wp-json\/wp\/v2\/types\/post"}],"author":[{"embeddable":true,"href":"https:\/\/www.legistdf.gob.ar\/index.php\/wp-json\/wp\/v2\/users\/352"}],"replies":[{"embeddable":true,"href":"https:\/\/www.legistdf.gob.ar\/index.php\/wp-json\/wp\/v2\/comments?post=8757"}],"version-history":[{"count":1,"href":"https:\/\/www.legistdf.gob.ar\/index.php\/wp-json\/wp\/v2\/posts\/8757\/revisions"}],"predecessor-version":[{"id":8760,"href":"https:\/\/www.legistdf.gob.ar\/index.php\/wp-json\/wp\/v2\/posts\/8757\/revisions\/8760"}],"wp:featuredmedia":[{"embeddable":true,"href":"https:\/\/www.legistdf.gob.ar\/index.php\/wp-json\/wp\/v2\/media\/8758"}],"wp:attachment":[{"href":"https:\/\/www.legistdf.gob.ar\/index.php\/wp-json\/wp\/v2\/media?parent=8757"}],"wp:term":[{"taxonomy":"category","embeddable":true,"href":"https:\/\/www.legistdf.gob.ar\/index.php\/wp-json\/wp\/v2\/categories?post=8757"},{"taxonomy":"post_tag","embeddable":true,"href":"https:\/\/www.legistdf.gob.ar\/index.php\/wp-json\/wp\/v2\/tags?post=8757"}],"curies":[{"name":"wp","href":"https:\/\/api.w.org\/{rel}","templated":true}]}}