{"id":8791,"date":"2018-08-15T15:24:39","date_gmt":"2018-08-15T18:24:39","guid":{"rendered":"http:\/\/www.legistdf.gob.ar\/?p=8791"},"modified":"2018-08-15T15:24:39","modified_gmt":"2018-08-15T18:24:39","slug":"salud-la-legisladora-andrea-freites-busca-la-adhesion-a-la-ley-justina","status":"publish","type":"post","link":"https:\/\/www.legistdf.gob.ar\/index.php\/2018\/08\/15\/salud-la-legisladora-andrea-freites-busca-la-adhesion-a-la-ley-justina\/","title":{"rendered":"SALUD: La legisladora Andrea Freites busca la adhesi\u00f3n a la Ley Justina"},"content":{"rendered":"<p><strong>Ushuaia, mi\u00e9rcoles 15 de agosto de 2018.- El coordinador del Centro \u00danico Coordinador de Ablaci\u00f3n e Implante (CUCAI) de Tierra del Fuego, dr. Eduardo Serra visit\u00f3 a la legisladora Andrea Freites, en el marco del trabajo que impulsan sobre el proyecto de Ley de adhesi\u00f3n a la Ley Nacional N\u00ba 27.447 Ley de Trasplante de \u00d3rganos, Tejidos y C\u00e9lula, conocida tambi\u00e9n como Ley Justina. En el encuentro, avanzaron es aspectos normativos y sobre su abordaje en \u00e1mbitos educativos.<\/strong><\/p>\n<p>&nbsp;<\/p>\n<p>La referente del FPV \u2013 PJ en el Parlamento, cont\u00f3 que \u201chace semanas trabajamos con el Coordinador del CUCAI en Tierra del Fuego\u201d desde la sanci\u00f3n de la Ley N\u00ba 27.477 en el Congreso y fue abordado con el diputado Nacional Mart\u00edn P\u00e9rez, dijo. En este sentido, dijo que mantuvo encuentros con la Gobernadora, Dra. Rosana Bertone, \u201cporque el mayor trabajo y compromiso va a ser en la reglamentaci\u00f3n.<\/p>\n<p>&nbsp;<\/p>\n<p>En otro aspecto, Freites inform\u00f3 que se realizaron otros encuentros de coordinadores regionales del pa\u00eds, \u201cesta semana hubo otra, donde pr\u00e1cticamente ya est\u00e1 para publicarse la reglamentaci\u00f3n de la Ley Justina a nivel nacional\u201d.<\/p>\n<p>&nbsp;<\/p>\n<p>La Parlamentaria se esperanz\u00f3 en trabajar, esta semana la adhesi\u00f3n, \u201cdonde vamos a manifestar en los fundamentos del proyectos, \u201clos \u00edndices en Tierra del Fuego, para poder adherir a la Ley, donde ser\u00e1 el Ejecutivo quien la reglamente\u201d. El Dr. Eduardo Serra trabajar\u00e1 en la articulaci\u00f3n de ese documento.<\/p>\n<p>&nbsp;<\/p>\n<p>En cuanto a la labor del profesional m\u00e9dico, Freites sostuvo que \u201cviene haciendo un trabajo silencioso, pero es un profesional con un compromiso destacable que, es el \u00fanico representante que tenemos en la Provincia\u201d, dijo. Volvi\u00f3 a reconocer la labor del Dr. Serra y adelant\u00f3 el trabajo articulado entre el Ejecutivo y el Ministerio de Educaci\u00f3n, \u201cen la concientizaci\u00f3n y la promoci\u00f3n de la donaci\u00f3n de \u00f3rganos\u201d.<\/p>\n<p>&nbsp;<\/p>\n<p>En di\u00e1logo con Prensa Legislativa, Serra aclar\u00f3 que, respecto de la nueva normativa nacional, \u201clo que cambia es la solicitud del permiso. El consentimiento familiar y el testimonio escrito\u201d. En este punto, grafic\u00f3 que con la comunicaci\u00f3n familiar se genera el proceso para que se acceda a esa disposici\u00f3n.<\/p>\n<p>&nbsp;<\/p>\n<p>Dijo que en Tierra del Fuego ya se trabaja bajo el marco normativo de la 27.447, \u201clo que estamos generando es la reglamentaci\u00f3n provincial\u201d, dijo este mediod\u00eda en el edificio de los bloques pol\u00edticos. \u00a0En este sentido, sostuvo que no es la misma realidad la que se vive en CABA, C\u00f3rdoba o Santa F\u00e9 que la de nuestra Provincia. \u201cHay determinadas cuestiones m\u00e1s, de orden pr\u00e1ctico y ejecutivo \u2013a nivela administrativo-, que es necesario que se trabaje en conjunto con el Gobierno\u201d, asever\u00f3.<\/p>\n<p>&nbsp;<\/p>\n<p>La Ley Justina establece que \u201choy no vamos a necesitar el permiso de la familia\u201d para acceder a la ablaci\u00f3n de los \u00f3rganos. Antes, con la expresi\u00f3n de su voluntad afirmativa o negativa, \u201cera un donante presunto pero la decisi\u00f3n la tomaba la familia\u201d. Desde la sanci\u00f3n de esta normativa, cambia es \u201cla figura del donante presunto duro\u201d.<\/p>\n<p>&nbsp;<\/p>\n<p>\u201cCuando llega el momento que finaliza en terapia intensiva, nosotros informaremos a la familia que ese paciente es donante y no est\u00e1 registrado en forma negativa. Al no expresar ninguna voluntad, ese paciente es donante y se proceder\u00e1 a realizar la ablaci\u00f3n\u201d, grafico el profesional.<\/p>\n<p>&nbsp;<\/p>\n<p>Para la reglamentaci\u00f3n e implementaci\u00f3n de la normativa en Tierra del Fuego, Serra dijo que solo falta la \u201cconformaci\u00f3n de los equipos y el recurso humano, c\u00f3mo vamos a adecuarlo\u201d en los nosocomios fueguinos.<\/p>\n<p>&nbsp;<\/p>\n<p>En cuanto a la curr\u00edcula educativa, Serra tambi\u00e9n se explay\u00f3 en el trabajo en los centros educativos para ahondar en la importancia de la donaci\u00f3n de \u00f3rganos. Tierra del Fuego est\u00e1 adherida a esta Ley \u201caunque falta trabajar el marco de la reglamentaci\u00f3n y la capacitaci\u00f3n de los docentes\u201d. Se estima necesario abordar en el el ciclo inicial, primer ciclo y secundario.<\/p>\n<p>&nbsp;<\/p>\n<p>Adem\u00e1s se interact\u00faa con el Instituto Nacional Central \u00danico Coordinador de Ablaci\u00f3n e Implante (INCUCAI) \u201cestamos viendo cual es la mejor sistem\u00e1tica para poder abordar\u201d. El medico a\u00f1adi\u00f3 que se estiman jornadas o recursos virtuales, puntos u horas c\u00e1tedras. \u201cSer\u00edamos la primer provincia que cambia su curr\u00edcula educativa incluyendo la de la donaci\u00f3n de \u00f3rganos\u201d, valor\u00f3.<\/p>\n\n\t\t<style type=\"text\/css\">\n\t\t\t#gallery-1 {\n\t\t\t\tmargin: auto;\n\t\t\t}\n\t\t\t#gallery-1 .gallery-item {\n\t\t\t\tfloat: left;\n\t\t\t\tmargin-top: 10px;\n\t\t\t\ttext-align: center;\n\t\t\t\twidth: 33%;\n\t\t\t}\n\t\t\t#gallery-1 img {\n\t\t\t\tborder: 2px solid #cfcfcf;\n\t\t\t}\n\t\t\t#gallery-1 .gallery-caption {\n\t\t\t\tmargin-left: 0;\n\t\t\t}\n\t\t\t\/* see gallery_shortcode() in wp-includes\/media.php *\/\n\t\t<\/style>\n\t\t<div data-carousel-extra='{\"blog_id\":1,\"permalink\":\"https:\\\/\\\/www.legistdf.gob.ar\\\/index.php\\\/2018\\\/08\\\/15\\\/salud-la-legisladora-andrea-freites-busca-la-adhesion-a-la-ley-justina\\\/\"}' id='gallery-1' class='gallery galleryid-8791 gallery-columns-3 gallery-size-thumbnail'><dl class='gallery-item'>\n\t\t\t<dt class='gallery-icon landscape'>\n\t\t\t\t<a href='https:\/\/www.legistdf.gob.ar\/index.php\/2018\/08\/15\/salud-la-legisladora-andrea-freites-busca-la-adhesion-a-la-ley-justina\/img_3377\/'><img loading=\"lazy\" decoding=\"async\" width=\"150\" height=\"150\" src=\"https:\/\/www.legistdf.gob.ar\/wp-content\/uploads\/2018\/08\/IMG_3377-150x150.jpg\" class=\"attachment-thumbnail size-thumbnail\" alt=\"\" srcset=\"https:\/\/www.legistdf.gob.ar\/wp-content\/uploads\/2018\/08\/IMG_3377-150x150.jpg 150w, https:\/\/www.legistdf.gob.ar\/wp-content\/uploads\/2018\/08\/IMG_3377-64x64.jpg 64w\" sizes=\"(max-width: 150px) 100vw, 150px\" data-attachment-id=\"8792\" data-permalink=\"https:\/\/www.legistdf.gob.ar\/index.php\/2018\/08\/15\/salud-la-legisladora-andrea-freites-busca-la-adhesion-a-la-ley-justina\/img_3377\/\" data-orig-file=\"https:\/\/www.legistdf.gob.ar\/wp-content\/uploads\/2018\/08\/IMG_3377.jpg\" data-orig-size=\"1500,1000\" data-comments-opened=\"0\" data-image-meta=\"{&quot;aperture&quot;:&quot;0&quot;,&quot;credit&quot;:&quot;PrensaLegislativa2015&quot;,&quot;camera&quot;:&quot;&quot;,&quot;caption&quot;:&quot;&quot;,&quot;created_timestamp&quot;:&quot;0&quot;,&quot;copyright&quot;:&quot;&quot;,&quot;focal_length&quot;:&quot;0&quot;,&quot;iso&quot;:&quot;0&quot;,&quot;shutter_speed&quot;:&quot;0&quot;,&quot;title&quot;:&quot;&quot;,&quot;orientation&quot;:&quot;0&quot;}\" data-image-title=\"IMG_3377\" data-image-description=\"\" data-image-caption=\"\" data-medium-file=\"https:\/\/www.legistdf.gob.ar\/wp-content\/uploads\/2018\/08\/IMG_3377-300x200.jpg\" data-large-file=\"https:\/\/www.legistdf.gob.ar\/wp-content\/uploads\/2018\/08\/IMG_3377-1024x683.jpg\" \/><\/a>\n\t\t\t<\/dt><\/dl><dl class='gallery-item'>\n\t\t\t<dt class='gallery-icon landscape'>\n\t\t\t\t<a href='https:\/\/www.legistdf.gob.ar\/index.php\/2018\/08\/15\/salud-la-legisladora-andrea-freites-busca-la-adhesion-a-la-ley-justina\/img_3381\/'><img loading=\"lazy\" decoding=\"async\" width=\"150\" height=\"150\" src=\"https:\/\/www.legistdf.gob.ar\/wp-content\/uploads\/2018\/08\/IMG_3381-150x150.jpg\" class=\"attachment-thumbnail size-thumbnail\" alt=\"\" srcset=\"https:\/\/www.legistdf.gob.ar\/wp-content\/uploads\/2018\/08\/IMG_3381-150x150.jpg 150w, https:\/\/www.legistdf.gob.ar\/wp-content\/uploads\/2018\/08\/IMG_3381-64x64.jpg 64w\" sizes=\"(max-width: 150px) 100vw, 150px\" data-attachment-id=\"8793\" data-permalink=\"https:\/\/www.legistdf.gob.ar\/index.php\/2018\/08\/15\/salud-la-legisladora-andrea-freites-busca-la-adhesion-a-la-ley-justina\/img_3381\/\" data-orig-file=\"https:\/\/www.legistdf.gob.ar\/wp-content\/uploads\/2018\/08\/IMG_3381.jpg\" data-orig-size=\"1500,1000\" data-comments-opened=\"0\" data-image-meta=\"{&quot;aperture&quot;:&quot;0&quot;,&quot;credit&quot;:&quot;PrensaLegislativa2015&quot;,&quot;camera&quot;:&quot;&quot;,&quot;caption&quot;:&quot;&quot;,&quot;created_timestamp&quot;:&quot;0&quot;,&quot;copyright&quot;:&quot;&quot;,&quot;focal_length&quot;:&quot;0&quot;,&quot;iso&quot;:&quot;0&quot;,&quot;shutter_speed&quot;:&quot;0&quot;,&quot;title&quot;:&quot;&quot;,&quot;orientation&quot;:&quot;0&quot;}\" data-image-title=\"IMG_3381\" data-image-description=\"\" data-image-caption=\"\" data-medium-file=\"https:\/\/www.legistdf.gob.ar\/wp-content\/uploads\/2018\/08\/IMG_3381-300x200.jpg\" data-large-file=\"https:\/\/www.legistdf.gob.ar\/wp-content\/uploads\/2018\/08\/IMG_3381-1024x683.jpg\" \/><\/a>\n\t\t\t<\/dt><\/dl><dl class='gallery-item'>\n\t\t\t<dt class='gallery-icon landscape'>\n\t\t\t\t<a href='https:\/\/www.legistdf.gob.ar\/index.php\/2018\/08\/15\/salud-la-legisladora-andrea-freites-busca-la-adhesion-a-la-ley-justina\/img_3385\/'><img loading=\"lazy\" decoding=\"async\" width=\"150\" height=\"150\" src=\"https:\/\/www.legistdf.gob.ar\/wp-content\/uploads\/2018\/08\/IMG_3385-150x150.jpg\" class=\"attachment-thumbnail size-thumbnail\" alt=\"\" srcset=\"https:\/\/www.legistdf.gob.ar\/wp-content\/uploads\/2018\/08\/IMG_3385-150x150.jpg 150w, https:\/\/www.legistdf.gob.ar\/wp-content\/uploads\/2018\/08\/IMG_3385-64x64.jpg 64w\" sizes=\"(max-width: 150px) 100vw, 150px\" data-attachment-id=\"8794\" data-permalink=\"https:\/\/www.legistdf.gob.ar\/index.php\/2018\/08\/15\/salud-la-legisladora-andrea-freites-busca-la-adhesion-a-la-ley-justina\/img_3385\/\" data-orig-file=\"https:\/\/www.legistdf.gob.ar\/wp-content\/uploads\/2018\/08\/IMG_3385.jpg\" data-orig-size=\"1500,1000\" data-comments-opened=\"0\" data-image-meta=\"{&quot;aperture&quot;:&quot;0&quot;,&quot;credit&quot;:&quot;PrensaLegislativa2015&quot;,&quot;camera&quot;:&quot;&quot;,&quot;caption&quot;:&quot;&quot;,&quot;created_timestamp&quot;:&quot;0&quot;,&quot;copyright&quot;:&quot;&quot;,&quot;focal_length&quot;:&quot;0&quot;,&quot;iso&quot;:&quot;0&quot;,&quot;shutter_speed&quot;:&quot;0&quot;,&quot;title&quot;:&quot;&quot;,&quot;orientation&quot;:&quot;0&quot;}\" data-image-title=\"IMG_3385\" data-image-description=\"\" data-image-caption=\"\" data-medium-file=\"https:\/\/www.legistdf.gob.ar\/wp-content\/uploads\/2018\/08\/IMG_3385-300x200.jpg\" data-large-file=\"https:\/\/www.legistdf.gob.ar\/wp-content\/uploads\/2018\/08\/IMG_3385-1024x683.jpg\" \/><\/a>\n\t\t\t<\/dt><\/dl><br style=\"clear: both\" \/><dl class='gallery-item'>\n\t\t\t<dt class='gallery-icon landscape'>\n\t\t\t\t<a href='https:\/\/www.legistdf.gob.ar\/index.php\/2018\/08\/15\/salud-la-legisladora-andrea-freites-busca-la-adhesion-a-la-ley-justina\/img_3387\/'><img loading=\"lazy\" decoding=\"async\" width=\"150\" height=\"150\" src=\"https:\/\/www.legistdf.gob.ar\/wp-content\/uploads\/2018\/08\/IMG_3387-150x150.jpg\" class=\"attachment-thumbnail size-thumbnail\" alt=\"\" srcset=\"https:\/\/www.legistdf.gob.ar\/wp-content\/uploads\/2018\/08\/IMG_3387-150x150.jpg 150w, https:\/\/www.legistdf.gob.ar\/wp-content\/uploads\/2018\/08\/IMG_3387-64x64.jpg 64w\" sizes=\"(max-width: 150px) 100vw, 150px\" data-attachment-id=\"8795\" data-permalink=\"https:\/\/www.legistdf.gob.ar\/index.php\/2018\/08\/15\/salud-la-legisladora-andrea-freites-busca-la-adhesion-a-la-ley-justina\/img_3387\/\" data-orig-file=\"https:\/\/www.legistdf.gob.ar\/wp-content\/uploads\/2018\/08\/IMG_3387.jpg\" data-orig-size=\"1500,1000\" data-comments-opened=\"0\" data-image-meta=\"{&quot;aperture&quot;:&quot;0&quot;,&quot;credit&quot;:&quot;PrensaLegislativa2015&quot;,&quot;camera&quot;:&quot;&quot;,&quot;caption&quot;:&quot;&quot;,&quot;created_timestamp&quot;:&quot;0&quot;,&quot;copyright&quot;:&quot;&quot;,&quot;focal_length&quot;:&quot;0&quot;,&quot;iso&quot;:&quot;0&quot;,&quot;shutter_speed&quot;:&quot;0&quot;,&quot;title&quot;:&quot;&quot;,&quot;orientation&quot;:&quot;0&quot;}\" data-image-title=\"IMG_3387\" data-image-description=\"\" data-image-caption=\"\" data-medium-file=\"https:\/\/www.legistdf.gob.ar\/wp-content\/uploads\/2018\/08\/IMG_3387-300x200.jpg\" data-large-file=\"https:\/\/www.legistdf.gob.ar\/wp-content\/uploads\/2018\/08\/IMG_3387-1024x683.jpg\" \/><\/a>\n\t\t\t<\/dt><\/dl><dl class='gallery-item'>\n\t\t\t<dt class='gallery-icon landscape'>\n\t\t\t\t<a href='https:\/\/www.legistdf.gob.ar\/index.php\/2018\/08\/15\/salud-la-legisladora-andrea-freites-busca-la-adhesion-a-la-ley-justina\/img_3394\/'><img loading=\"lazy\" decoding=\"async\" width=\"150\" height=\"150\" src=\"https:\/\/www.legistdf.gob.ar\/wp-content\/uploads\/2018\/08\/IMG_3394-150x150.jpg\" class=\"attachment-thumbnail size-thumbnail\" alt=\"\" srcset=\"https:\/\/www.legistdf.gob.ar\/wp-content\/uploads\/2018\/08\/IMG_3394-150x150.jpg 150w, https:\/\/www.legistdf.gob.ar\/wp-content\/uploads\/2018\/08\/IMG_3394-64x64.jpg 64w\" sizes=\"(max-width: 150px) 100vw, 150px\" data-attachment-id=\"8796\" data-permalink=\"https:\/\/www.legistdf.gob.ar\/index.php\/2018\/08\/15\/salud-la-legisladora-andrea-freites-busca-la-adhesion-a-la-ley-justina\/img_3394\/\" data-orig-file=\"https:\/\/www.legistdf.gob.ar\/wp-content\/uploads\/2018\/08\/IMG_3394.jpg\" data-orig-size=\"1500,1000\" data-comments-opened=\"0\" data-image-meta=\"{&quot;aperture&quot;:&quot;0&quot;,&quot;credit&quot;:&quot;PrensaLegislativa2015&quot;,&quot;camera&quot;:&quot;&quot;,&quot;caption&quot;:&quot;&quot;,&quot;created_timestamp&quot;:&quot;0&quot;,&quot;copyright&quot;:&quot;&quot;,&quot;focal_length&quot;:&quot;0&quot;,&quot;iso&quot;:&quot;0&quot;,&quot;shutter_speed&quot;:&quot;0&quot;,&quot;title&quot;:&quot;&quot;,&quot;orientation&quot;:&quot;0&quot;}\" data-image-title=\"IMG_3394\" data-image-description=\"\" data-image-caption=\"\" data-medium-file=\"https:\/\/www.legistdf.gob.ar\/wp-content\/uploads\/2018\/08\/IMG_3394-300x200.jpg\" data-large-file=\"https:\/\/www.legistdf.gob.ar\/wp-content\/uploads\/2018\/08\/IMG_3394-1024x683.jpg\" \/><\/a>\n\t\t\t<\/dt><\/dl><dl class='gallery-item'>\n\t\t\t<dt class='gallery-icon landscape'>\n\t\t\t\t<a href='https:\/\/www.legistdf.gob.ar\/index.php\/2018\/08\/15\/salud-la-legisladora-andrea-freites-busca-la-adhesion-a-la-ley-justina\/img_3401\/'><img loading=\"lazy\" decoding=\"async\" width=\"150\" height=\"150\" src=\"https:\/\/www.legistdf.gob.ar\/wp-content\/uploads\/2018\/08\/IMG_3401-150x150.jpg\" class=\"attachment-thumbnail size-thumbnail\" alt=\"\" srcset=\"https:\/\/www.legistdf.gob.ar\/wp-content\/uploads\/2018\/08\/IMG_3401-150x150.jpg 150w, https:\/\/www.legistdf.gob.ar\/wp-content\/uploads\/2018\/08\/IMG_3401-64x64.jpg 64w\" sizes=\"(max-width: 150px) 100vw, 150px\" data-attachment-id=\"8797\" data-permalink=\"https:\/\/www.legistdf.gob.ar\/index.php\/2018\/08\/15\/salud-la-legisladora-andrea-freites-busca-la-adhesion-a-la-ley-justina\/img_3401\/\" data-orig-file=\"https:\/\/www.legistdf.gob.ar\/wp-content\/uploads\/2018\/08\/IMG_3401.jpg\" data-orig-size=\"1500,1000\" data-comments-opened=\"0\" data-image-meta=\"{&quot;aperture&quot;:&quot;0&quot;,&quot;credit&quot;:&quot;PrensaLegislativa2015&quot;,&quot;camera&quot;:&quot;&quot;,&quot;caption&quot;:&quot;&quot;,&quot;created_timestamp&quot;:&quot;0&quot;,&quot;copyright&quot;:&quot;&quot;,&quot;focal_length&quot;:&quot;0&quot;,&quot;iso&quot;:&quot;0&quot;,&quot;shutter_speed&quot;:&quot;0&quot;,&quot;title&quot;:&quot;&quot;,&quot;orientation&quot;:&quot;0&quot;}\" data-image-title=\"IMG_3401\" data-image-description=\"\" data-image-caption=\"\" data-medium-file=\"https:\/\/www.legistdf.gob.ar\/wp-content\/uploads\/2018\/08\/IMG_3401-300x200.jpg\" data-large-file=\"https:\/\/www.legistdf.gob.ar\/wp-content\/uploads\/2018\/08\/IMG_3401-1024x683.jpg\" \/><\/a>\n\t\t\t<\/dt><\/dl><br style=\"clear: both\" \/><dl class='gallery-item'>\n\t\t\t<dt class='gallery-icon landscape'>\n\t\t\t\t<a href='https:\/\/www.legistdf.gob.ar\/index.php\/2018\/08\/15\/salud-la-legisladora-andrea-freites-busca-la-adhesion-a-la-ley-justina\/img_3405\/'><img loading=\"lazy\" decoding=\"async\" width=\"150\" height=\"150\" src=\"https:\/\/www.legistdf.gob.ar\/wp-content\/uploads\/2018\/08\/IMG_3405-150x150.jpg\" class=\"attachment-thumbnail size-thumbnail\" alt=\"\" srcset=\"https:\/\/www.legistdf.gob.ar\/wp-content\/uploads\/2018\/08\/IMG_3405-150x150.jpg 150w, https:\/\/www.legistdf.gob.ar\/wp-content\/uploads\/2018\/08\/IMG_3405-64x64.jpg 64w\" sizes=\"(max-width: 150px) 100vw, 150px\" data-attachment-id=\"8798\" data-permalink=\"https:\/\/www.legistdf.gob.ar\/index.php\/2018\/08\/15\/salud-la-legisladora-andrea-freites-busca-la-adhesion-a-la-ley-justina\/img_3405\/\" data-orig-file=\"https:\/\/www.legistdf.gob.ar\/wp-content\/uploads\/2018\/08\/IMG_3405.jpg\" data-orig-size=\"1500,1000\" data-comments-opened=\"0\" data-image-meta=\"{&quot;aperture&quot;:&quot;0&quot;,&quot;credit&quot;:&quot;PrensaLegislativa2015&quot;,&quot;camera&quot;:&quot;&quot;,&quot;caption&quot;:&quot;&quot;,&quot;created_timestamp&quot;:&quot;0&quot;,&quot;copyright&quot;:&quot;&quot;,&quot;focal_length&quot;:&quot;0&quot;,&quot;iso&quot;:&quot;0&quot;,&quot;shutter_speed&quot;:&quot;0&quot;,&quot;title&quot;:&quot;&quot;,&quot;orientation&quot;:&quot;0&quot;}\" data-image-title=\"IMG_3405\" data-image-description=\"\" data-image-caption=\"\" data-medium-file=\"https:\/\/www.legistdf.gob.ar\/wp-content\/uploads\/2018\/08\/IMG_3405-300x200.jpg\" data-large-file=\"https:\/\/www.legistdf.gob.ar\/wp-content\/uploads\/2018\/08\/IMG_3405-1024x683.jpg\" \/><\/a>\n\t\t\t<\/dt><\/dl>\n\t\t\t<br style='clear: both' \/>\n\t\t<\/div>\n\n<p>&nbsp;<\/p>\n","protected":false},"excerpt":{"rendered":"<p>Ushuaia, mi\u00e9rcoles 15 de agosto de 2018.- El coordinador del Centro \u00danico Coordinador de Ablaci\u00f3n e Implante (CUCAI) de Tierra del Fuego, dr. Eduardo Serra visit\u00f3 a la legisladora Andrea Freites, en el marco del trabajo que impulsan sobre el proyecto de Ley de adhesi\u00f3n a la Ley Nacional N\u00ba 27.447 Ley de Trasplante de [&hellip;]<\/p>\n","protected":false},"author":352,"featured_media":8794,"comment_status":"closed","ping_status":"open","sticky":false,"template":"","format":"standard","meta":{"jetpack_post_was_ever_published":false,"_jetpack_newsletter_access":"","_jetpack_dont_email_post_to_subs":false,"_jetpack_newsletter_tier_id":0,"footnotes":"","jetpack_publicize_message":"","jetpack_publicize_feature_enabled":true,"jetpack_social_post_already_shared":true,"jetpack_social_options":{"image_generator_settings":{"template":"highway","enabled":false}}},"categories":[1],"tags":[431,81,430,429,78,119,432,48,79,87],"jetpack_publicize_connections":[],"jetpack_sharing_enabled":true,"jetpack_featured_media_url":"https:\/\/www.legistdf.gob.ar\/wp-content\/uploads\/2018\/08\/IMG_3385.jpg","jetpack-related-posts":[],"_links":{"self":[{"href":"https:\/\/www.legistdf.gob.ar\/index.php\/wp-json\/wp\/v2\/posts\/8791"}],"collection":[{"href":"https:\/\/www.legistdf.gob.ar\/index.php\/wp-json\/wp\/v2\/posts"}],"about":[{"href":"https:\/\/www.legistdf.gob.ar\/index.php\/wp-json\/wp\/v2\/types\/post"}],"author":[{"embeddable":true,"href":"https:\/\/www.legistdf.gob.ar\/index.php\/wp-json\/wp\/v2\/users\/352"}],"replies":[{"embeddable":true,"href":"https:\/\/www.legistdf.gob.ar\/index.php\/wp-json\/wp\/v2\/comments?post=8791"}],"version-history":[{"count":1,"href":"https:\/\/www.legistdf.gob.ar\/index.php\/wp-json\/wp\/v2\/posts\/8791\/revisions"}],"predecessor-version":[{"id":8799,"href":"https:\/\/www.legistdf.gob.ar\/index.php\/wp-json\/wp\/v2\/posts\/8791\/revisions\/8799"}],"wp:featuredmedia":[{"embeddable":true,"href":"https:\/\/www.legistdf.gob.ar\/index.php\/wp-json\/wp\/v2\/media\/8794"}],"wp:attachment":[{"href":"https:\/\/www.legistdf.gob.ar\/index.php\/wp-json\/wp\/v2\/media?parent=8791"}],"wp:term":[{"taxonomy":"category","embeddable":true,"href":"https:\/\/www.legistdf.gob.ar\/index.php\/wp-json\/wp\/v2\/categories?post=8791"},{"taxonomy":"post_tag","embeddable":true,"href":"https:\/\/www.legistdf.gob.ar\/index.php\/wp-json\/wp\/v2\/tags?post=8791"}],"curies":[{"name":"wp","href":"https:\/\/api.w.org\/{rel}","templated":true}]}}