{"id":8802,"date":"2018-08-15T16:04:06","date_gmt":"2018-08-15T19:04:06","guid":{"rendered":"http:\/\/www.legistdf.gob.ar\/?p=8802"},"modified":"2018-08-15T16:04:06","modified_gmt":"2018-08-15T19:04:06","slug":"sociedad-arcando-recibio-a-integrantes-de-la-congregacion-de-hermanas-clarisas-franciscanas","status":"publish","type":"post","link":"https:\/\/www.legistdf.gob.ar\/index.php\/2018\/08\/15\/sociedad-arcando-recibio-a-integrantes-de-la-congregacion-de-hermanas-clarisas-franciscanas\/","title":{"rendered":"SOCIEDAD: Arcando recibi\u00f3 a integrantes de la Congregaci\u00f3n de Hermanas Clarisas Franciscanas"},"content":{"rendered":"<p>&nbsp;<\/p>\n<p><strong>Ushuaia, mi\u00e9rcoles 15 de agosto de 2018.- El Presidente del Parlamento, vicegobernador Juan Carlos Arcando, recibi\u00f3 en su despacho a integrantes de la Congregaci\u00f3n Hermanas Clarisas Franciscanas Misioneras del Sant\u00edsimo Sacramento. En di\u00e1logo con Prensa Legislativa, la hermana Claudia Krupsky record\u00f3 la visita de la madre general de la Congregaci\u00f3n, Karuna Kuruvanthann, que reside en Roma (Italia), y visit\u00f3 la casa superiora en Salta, a finales de junio. El Vicegobernador particip\u00f3 de ese encuentro, invitado especialmente por las cl\u00e9rigas de Tierra del Fuego.<\/strong><\/p>\n<p>&nbsp;<\/p>\n<p>La hermana Claudia explic\u00f3 que \u201cen aquella ocasi\u00f3n vino nuestra Madre General a hacernos una visita fraterna, para saber c\u00f3mo est\u00e1bamos, c\u00f3mo andamos, c\u00f3mo va nuestra vida de oraci\u00f3n y nuestro apostolado\u201d. Claudia dijo que la intenci\u00f3n de ellas era que el Vicegobernador tuviera una entrevista con ella. \u201cQuer\u00edamos que Arcando le cuente cu\u00e1l es nuestro apostolado ac\u00e1 en Tierra del Fuego, qu\u00e9 es lo que hacemos y la importancia que tiene que nosotras permanezcamos como congregaci\u00f3n en Ushuaia, ya que somos la \u00fanica congregaci\u00f3n religiosa femenina\u201d, dijo.<\/p>\n<p>&nbsp;<\/p>\n<p>Por \u00faltimo, la hermana Claudia se mostr\u00f3 \u201cmuy agradecida\u201d con el Vicegobernador: \u201cHabl\u00f3 muy bien, yo estoy muy contenta y agradecida por el apoyo que nos dio delante de la Madre General y todo lo que dijo de nosotras. Fue una oportunidad para hacerle conocer la Casa, nuestro apostolado all\u00e1 en Salta, mostrar qui\u00e9nes somos y qu\u00e9 es lo que hacemos. La presencia del vicegobernador Juan Carlos Arcando en Salta fue para nosotras, que vivimos en Tierra del Fuego, muy valiosa, ya que siempre est\u00e1 atento de nuestras necesidades\u201d concluy\u00f3 la hermana Claudia Krupsky.<\/p>\n<p>&nbsp;<\/p>\n<p>En el encuentro de Salta, el vicegobernador Juan Carlos Arcando recibi\u00f3 de manos de las Hermanas Clarisas Franciscanas un cuadro con el retrato de la madre Serafina Farolfi, fundadora de la Congregaci\u00f3n. La madre Serafina fund\u00f3 el nuevo Instituto de\u00a0Clarisas Franciscanas Misioneras del Sant\u00edsimo Sacramento de misi\u00f3n educativa con la espiritualidad franciscana.<\/p>\n<p>El 1 de Mayo de 1898, el nuevo Instituto fue reconocido oficialmente por las autoridades religiosas. En ese mismo d\u00eda, la madre Serafina, como fundadora y sus ocho compa\u00f1eras, se trasladaron a Bertinoro y renovaron los votos de\u00a0castidad, pobreza y obediencia\u00a0y profesaron\u00a0la regla de Santa Clara.<\/p>\n<p>&nbsp;<\/p>\n\n\t\t<style type=\"text\/css\">\n\t\t\t#gallery-1 {\n\t\t\t\tmargin: auto;\n\t\t\t}\n\t\t\t#gallery-1 .gallery-item {\n\t\t\t\tfloat: left;\n\t\t\t\tmargin-top: 10px;\n\t\t\t\ttext-align: center;\n\t\t\t\twidth: 33%;\n\t\t\t}\n\t\t\t#gallery-1 img {\n\t\t\t\tborder: 2px solid #cfcfcf;\n\t\t\t}\n\t\t\t#gallery-1 .gallery-caption {\n\t\t\t\tmargin-left: 0;\n\t\t\t}\n\t\t\t\/* see gallery_shortcode() in wp-includes\/media.php *\/\n\t\t<\/style>\n\t\t<div data-carousel-extra='{\"blog_id\":1,\"permalink\":\"https:\\\/\\\/www.legistdf.gob.ar\\\/index.php\\\/2018\\\/08\\\/15\\\/sociedad-arcando-recibio-a-integrantes-de-la-congregacion-de-hermanas-clarisas-franciscanas\\\/\"}' id='gallery-1' class='gallery galleryid-8802 gallery-columns-3 gallery-size-thumbnail'><dl class='gallery-item'>\n\t\t\t<dt class='gallery-icon landscape'>\n\t\t\t\t<a href='https:\/\/www.legistdf.gob.ar\/index.php\/2018\/08\/15\/sociedad-arcando-recibio-a-integrantes-de-la-congregacion-de-hermanas-clarisas-franciscanas\/img_3366\/'><img loading=\"lazy\" decoding=\"async\" width=\"150\" height=\"150\" src=\"https:\/\/www.legistdf.gob.ar\/wp-content\/uploads\/2018\/08\/IMG_3366-150x150.jpg\" class=\"attachment-thumbnail size-thumbnail\" alt=\"\" srcset=\"https:\/\/www.legistdf.gob.ar\/wp-content\/uploads\/2018\/08\/IMG_3366-150x150.jpg 150w, https:\/\/www.legistdf.gob.ar\/wp-content\/uploads\/2018\/08\/IMG_3366-64x64.jpg 64w\" sizes=\"(max-width: 150px) 100vw, 150px\" data-attachment-id=\"8803\" data-permalink=\"https:\/\/www.legistdf.gob.ar\/index.php\/2018\/08\/15\/sociedad-arcando-recibio-a-integrantes-de-la-congregacion-de-hermanas-clarisas-franciscanas\/img_3366\/\" data-orig-file=\"https:\/\/www.legistdf.gob.ar\/wp-content\/uploads\/2018\/08\/IMG_3366.jpg\" data-orig-size=\"1000,667\" data-comments-opened=\"0\" data-image-meta=\"{&quot;aperture&quot;:&quot;14&quot;,&quot;credit&quot;:&quot;PrensaLegislativa2015&quot;,&quot;camera&quot;:&quot;Canon EOS 70D&quot;,&quot;caption&quot;:&quot;&quot;,&quot;created_timestamp&quot;:&quot;1534310303&quot;,&quot;copyright&quot;:&quot;&quot;,&quot;focal_length&quot;:&quot;22&quot;,&quot;iso&quot;:&quot;1000&quot;,&quot;shutter_speed&quot;:&quot;0.066666666666667&quot;,&quot;title&quot;:&quot;&quot;,&quot;orientation&quot;:&quot;1&quot;}\" data-image-title=\"IMG_3366\" data-image-description=\"\" data-image-caption=\"\" data-medium-file=\"https:\/\/www.legistdf.gob.ar\/wp-content\/uploads\/2018\/08\/IMG_3366-300x200.jpg\" data-large-file=\"https:\/\/www.legistdf.gob.ar\/wp-content\/uploads\/2018\/08\/IMG_3366.jpg\" \/><\/a>\n\t\t\t<\/dt><\/dl><dl class='gallery-item'>\n\t\t\t<dt class='gallery-icon landscape'>\n\t\t\t\t<a href='https:\/\/www.legistdf.gob.ar\/index.php\/2018\/08\/15\/sociedad-arcando-recibio-a-integrantes-de-la-congregacion-de-hermanas-clarisas-franciscanas\/whatsapp-image-2018-08-15-at-10-59-56\/'><img loading=\"lazy\" decoding=\"async\" width=\"150\" height=\"150\" src=\"https:\/\/www.legistdf.gob.ar\/wp-content\/uploads\/2018\/08\/WhatsApp-Image-2018-08-15-at-10.59.56-150x150.jpeg\" class=\"attachment-thumbnail size-thumbnail\" alt=\"\" srcset=\"https:\/\/www.legistdf.gob.ar\/wp-content\/uploads\/2018\/08\/WhatsApp-Image-2018-08-15-at-10.59.56-150x150.jpeg 150w, https:\/\/www.legistdf.gob.ar\/wp-content\/uploads\/2018\/08\/WhatsApp-Image-2018-08-15-at-10.59.56-64x64.jpeg 64w\" sizes=\"(max-width: 150px) 100vw, 150px\" data-attachment-id=\"8804\" data-permalink=\"https:\/\/www.legistdf.gob.ar\/index.php\/2018\/08\/15\/sociedad-arcando-recibio-a-integrantes-de-la-congregacion-de-hermanas-clarisas-franciscanas\/whatsapp-image-2018-08-15-at-10-59-56\/\" data-orig-file=\"https:\/\/www.legistdf.gob.ar\/wp-content\/uploads\/2018\/08\/WhatsApp-Image-2018-08-15-at-10.59.56.jpeg\" data-orig-size=\"1032,774\" data-comments-opened=\"0\" data-image-meta=\"{&quot;aperture&quot;:&quot;0&quot;,&quot;credit&quot;:&quot;&quot;,&quot;camera&quot;:&quot;&quot;,&quot;caption&quot;:&quot;&quot;,&quot;created_timestamp&quot;:&quot;0&quot;,&quot;copyright&quot;:&quot;&quot;,&quot;focal_length&quot;:&quot;0&quot;,&quot;iso&quot;:&quot;0&quot;,&quot;shutter_speed&quot;:&quot;0&quot;,&quot;title&quot;:&quot;&quot;,&quot;orientation&quot;:&quot;0&quot;}\" data-image-title=\"WhatsApp Image 2018-08-15 at 10.59.56\" data-image-description=\"\" data-image-caption=\"\" data-medium-file=\"https:\/\/www.legistdf.gob.ar\/wp-content\/uploads\/2018\/08\/WhatsApp-Image-2018-08-15-at-10.59.56-300x225.jpeg\" data-large-file=\"https:\/\/www.legistdf.gob.ar\/wp-content\/uploads\/2018\/08\/WhatsApp-Image-2018-08-15-at-10.59.56-1024x768.jpeg\" \/><\/a>\n\t\t\t<\/dt><\/dl><dl class='gallery-item'>\n\t\t\t<dt class='gallery-icon landscape'>\n\t\t\t\t<a href='https:\/\/www.legistdf.gob.ar\/index.php\/2018\/08\/15\/sociedad-arcando-recibio-a-integrantes-de-la-congregacion-de-hermanas-clarisas-franciscanas\/whatsapp-image-2018-08-15-at-11-00-47\/'><img loading=\"lazy\" decoding=\"async\" width=\"150\" height=\"150\" src=\"https:\/\/www.legistdf.gob.ar\/wp-content\/uploads\/2018\/08\/WhatsApp-Image-2018-08-15-at-11.00.47-150x150.jpeg\" class=\"attachment-thumbnail size-thumbnail\" alt=\"\" srcset=\"https:\/\/www.legistdf.gob.ar\/wp-content\/uploads\/2018\/08\/WhatsApp-Image-2018-08-15-at-11.00.47-150x150.jpeg 150w, https:\/\/www.legistdf.gob.ar\/wp-content\/uploads\/2018\/08\/WhatsApp-Image-2018-08-15-at-11.00.47-64x64.jpeg 64w\" sizes=\"(max-width: 150px) 100vw, 150px\" data-attachment-id=\"8805\" data-permalink=\"https:\/\/www.legistdf.gob.ar\/index.php\/2018\/08\/15\/sociedad-arcando-recibio-a-integrantes-de-la-congregacion-de-hermanas-clarisas-franciscanas\/whatsapp-image-2018-08-15-at-11-00-47\/\" data-orig-file=\"https:\/\/www.legistdf.gob.ar\/wp-content\/uploads\/2018\/08\/WhatsApp-Image-2018-08-15-at-11.00.47.jpeg\" data-orig-size=\"1024,768\" data-comments-opened=\"0\" data-image-meta=\"{&quot;aperture&quot;:&quot;0&quot;,&quot;credit&quot;:&quot;&quot;,&quot;camera&quot;:&quot;&quot;,&quot;caption&quot;:&quot;&quot;,&quot;created_timestamp&quot;:&quot;0&quot;,&quot;copyright&quot;:&quot;&quot;,&quot;focal_length&quot;:&quot;0&quot;,&quot;iso&quot;:&quot;0&quot;,&quot;shutter_speed&quot;:&quot;0&quot;,&quot;title&quot;:&quot;&quot;,&quot;orientation&quot;:&quot;0&quot;}\" data-image-title=\"WhatsApp Image 2018-08-15 at 11.00.47\" data-image-description=\"\" data-image-caption=\"\" data-medium-file=\"https:\/\/www.legistdf.gob.ar\/wp-content\/uploads\/2018\/08\/WhatsApp-Image-2018-08-15-at-11.00.47-300x225.jpeg\" data-large-file=\"https:\/\/www.legistdf.gob.ar\/wp-content\/uploads\/2018\/08\/WhatsApp-Image-2018-08-15-at-11.00.47-1024x768.jpeg\" \/><\/a>\n\t\t\t<\/dt><\/dl><br style=\"clear: both\" \/>\n\t\t<\/div>\n\n","protected":false},"excerpt":{"rendered":"<p>&nbsp; Ushuaia, mi\u00e9rcoles 15 de agosto de 2018.- El Presidente del Parlamento, vicegobernador Juan Carlos Arcando, recibi\u00f3 en su despacho a integrantes de la Congregaci\u00f3n Hermanas Clarisas Franciscanas Misioneras del Sant\u00edsimo Sacramento. En di\u00e1logo con Prensa Legislativa, la hermana Claudia Krupsky record\u00f3 la visita de la madre general de la Congregaci\u00f3n, Karuna Kuruvanthann, que reside [&hellip;]<\/p>\n","protected":false},"author":352,"featured_media":8803,"comment_status":"closed","ping_status":"open","sticky":false,"template":"","format":"standard","meta":{"jetpack_post_was_ever_published":false,"_jetpack_newsletter_access":"","_jetpack_dont_email_post_to_subs":false,"_jetpack_newsletter_tier_id":0,"footnotes":"","jetpack_publicize_message":"","jetpack_publicize_feature_enabled":true,"jetpack_social_post_already_shared":true,"jetpack_social_options":{"image_generator_settings":{"template":"highway","enabled":false}}},"categories":[1],"tags":[97,78,87],"jetpack_publicize_connections":[],"jetpack_sharing_enabled":true,"jetpack_featured_media_url":"https:\/\/www.legistdf.gob.ar\/wp-content\/uploads\/2018\/08\/IMG_3366.jpg","jetpack-related-posts":[],"_links":{"self":[{"href":"https:\/\/www.legistdf.gob.ar\/index.php\/wp-json\/wp\/v2\/posts\/8802"}],"collection":[{"href":"https:\/\/www.legistdf.gob.ar\/index.php\/wp-json\/wp\/v2\/posts"}],"about":[{"href":"https:\/\/www.legistdf.gob.ar\/index.php\/wp-json\/wp\/v2\/types\/post"}],"author":[{"embeddable":true,"href":"https:\/\/www.legistdf.gob.ar\/index.php\/wp-json\/wp\/v2\/users\/352"}],"replies":[{"embeddable":true,"href":"https:\/\/www.legistdf.gob.ar\/index.php\/wp-json\/wp\/v2\/comments?post=8802"}],"version-history":[{"count":1,"href":"https:\/\/www.legistdf.gob.ar\/index.php\/wp-json\/wp\/v2\/posts\/8802\/revisions"}],"predecessor-version":[{"id":8806,"href":"https:\/\/www.legistdf.gob.ar\/index.php\/wp-json\/wp\/v2\/posts\/8802\/revisions\/8806"}],"wp:featuredmedia":[{"embeddable":true,"href":"https:\/\/www.legistdf.gob.ar\/index.php\/wp-json\/wp\/v2\/media\/8803"}],"wp:attachment":[{"href":"https:\/\/www.legistdf.gob.ar\/index.php\/wp-json\/wp\/v2\/media?parent=8802"}],"wp:term":[{"taxonomy":"category","embeddable":true,"href":"https:\/\/www.legistdf.gob.ar\/index.php\/wp-json\/wp\/v2\/categories?post=8802"},{"taxonomy":"post_tag","embeddable":true,"href":"https:\/\/www.legistdf.gob.ar\/index.php\/wp-json\/wp\/v2\/tags?post=8802"}],"curies":[{"name":"wp","href":"https:\/\/api.w.org\/{rel}","templated":true}]}}