{"id":8807,"date":"2018-08-15T16:25:52","date_gmt":"2018-08-15T19:25:52","guid":{"rendered":"http:\/\/www.legistdf.gob.ar\/?p=8807"},"modified":"2018-08-15T16:25:52","modified_gmt":"2018-08-15T19:25:52","slug":"legislatura-colaboraciones-a-organizaciones-y-eventos-a-realizarse-en-la-provincia","status":"publish","type":"post","link":"https:\/\/www.legistdf.gob.ar\/index.php\/2018\/08\/15\/legislatura-colaboraciones-a-organizaciones-y-eventos-a-realizarse-en-la-provincia\/","title":{"rendered":"LEGISLATURA: Colaboraciones a organizaciones y eventos a realizarse en la Provincia"},"content":{"rendered":"<p>Ushuaia, mi\u00e9rcoles 15 de agosto de 2018.- Esta ma\u00f1ana el vicegobernador Juan Carlos Arcando hizo entrega de distintas colaboraciones entidades y eventos a realizarse. La fiesta del d\u00eda del ni\u00f1o y el simposio de contabilidad y auditoria recibieron el apoyo del Parlamento fueguino.<\/p>\n<p>&nbsp;<\/p>\n<p>Jos\u00e9 Hern\u00e1ndez agradeci\u00f3 el aporte para la realizaci\u00f3n de la 3\u00aa edici\u00f3n del D\u00eda de Ni\u00f1o que organizan desde la radio que conduce: \u201cEs una forma, tambi\u00e9n de que todos se involucren y participen de estas actividades para que se puedan llevar adelante\u201d<\/p>\n<p>&nbsp;<\/p>\n<p>Hern\u00e1ndez cont\u00f3 a Prensa Legislativa que el evento ser\u00e1 el pr\u00f3ximo domingo a partir de las 15 en el Microestadio \u201cCochocho Vargas, lo vamos a convertir en un espacio de entretenimiento, sonrisas y emociones para que los ni\u00f1os celebren su d\u00eda\u201d.<\/p>\n<p>&nbsp;<\/p>\n<p>En tanto, Ricardo Frias, coordinador de la carrera de contador P\u00fablico de la Universidad Nacional de Tierra del Fuego (UNTDF), recibi\u00f3 la colaboraci\u00f3n del Poder Legislativo, para llevar adelante un simposio de contabilidad y auditoria del extremo sur, \u201cque realizamos todos los a\u00f1os desde hace 12 y contamos con el apoyo de la Legislatura desde hace varios a\u00f1os\u201d, agradeci\u00f3.<\/p>\n<p>&nbsp;<\/p>\n<p>Frias explic\u00f3 que este tipo de eventos y de \u201cdifusi\u00f3n del conocimiento, son necesarios para los estudiantes y graduados, con personalidades destacadas, autores de libros que utilizamos para las distintas c\u00e1tedras\u201d<\/p>\n<p>&nbsp;<\/p>\n<p>Tambi\u00e9n mencion\u00f3 que este a\u00f1o la propuesta fue \u201cactualizar la auditoria y contabilidad, discutimos sobre el futuro de la profesi\u00f3n frente a los avances de la tecnolog\u00eda, los procesos robotizados, sistemas y automatizaci\u00f3n\u201d, cont\u00f3.<\/p>\n<p>&nbsp;<\/p>\n<p>El Vicegobernador recibi\u00f3 tambi\u00e9n a integrantes de la Uni\u00f3n Docentes Argentinos (UDA) de Tierra del Fuego. Luego del encuentro, Prensa Legislativa dialog\u00f3 con Rub\u00e9n Silva, profesor de Educaci\u00f3n F\u00edsica e integrante de la comisi\u00f3n directiva de la UDA. El docente record\u00f3 que \u201cel a\u00f1o pasado organizamos un torneo de f\u00fatbol para docentes. El Vicegobernador colabor\u00f3 con los \u00e1rbitros, que es el costo m\u00e1s elevado\u201d.<\/p>\n<p>&nbsp;<\/p>\n<p>En aquella oportunidad, el Gobierno provincial aport\u00f3 con el gimnasio Muriel de R\u00edo Grande, en el que todos los s\u00e1bados se realizaron los partidos. \u201cPor eso vinimos a agradecerle y pedirle que siga colaborando con nosotros, porque a pesar que les cobramos algo a los jugadores, sin estas colaboraciones ser\u00eda casi imposible\u201d, dijo Silva.<\/p>\n<p>&nbsp;<\/p>\n<p>\u201cNosotros impulsamos con estas actividades el fair play, la amistad, porque a pesar de que puede haber discusiones durante el partido, cuando termina, salimos todos abrazados\u201d. El profesor adelant\u00f3 que cuando finalice el torneo, \u201cla idea es agasajar a los jugadores con un asado, por eso es tan importante contar con instituciones como la Legislatura, que ayudan a fortalecer estas actividades deportivas y recreativas\u201d, concluy\u00f3 Silva.<\/p>\n<p>&nbsp;<\/p>\n\n\t\t<style type=\"text\/css\">\n\t\t\t#gallery-1 {\n\t\t\t\tmargin: auto;\n\t\t\t}\n\t\t\t#gallery-1 .gallery-item {\n\t\t\t\tfloat: left;\n\t\t\t\tmargin-top: 10px;\n\t\t\t\ttext-align: center;\n\t\t\t\twidth: 33%;\n\t\t\t}\n\t\t\t#gallery-1 img {\n\t\t\t\tborder: 2px solid #cfcfcf;\n\t\t\t}\n\t\t\t#gallery-1 .gallery-caption {\n\t\t\t\tmargin-left: 0;\n\t\t\t}\n\t\t\t\/* see gallery_shortcode() in wp-includes\/media.php *\/\n\t\t<\/style>\n\t\t<div data-carousel-extra='{\"blog_id\":1,\"permalink\":\"https:\\\/\\\/www.legistdf.gob.ar\\\/index.php\\\/2018\\\/08\\\/15\\\/legislatura-colaboraciones-a-organizaciones-y-eventos-a-realizarse-en-la-provincia\\\/\"}' id='gallery-1' class='gallery galleryid-8807 gallery-columns-3 gallery-size-thumbnail'><dl class='gallery-item'>\n\t\t\t<dt class='gallery-icon landscape'>\n\t\t\t\t<a href='https:\/\/www.legistdf.gob.ar\/index.php\/2018\/08\/15\/legislatura-colaboraciones-a-organizaciones-y-eventos-a-realizarse-en-la-provincia\/img_3384\/'><img loading=\"lazy\" decoding=\"async\" width=\"150\" height=\"150\" src=\"https:\/\/www.legistdf.gob.ar\/wp-content\/uploads\/2018\/08\/IMG_3384-150x150.jpg\" class=\"attachment-thumbnail size-thumbnail\" alt=\"\" srcset=\"https:\/\/www.legistdf.gob.ar\/wp-content\/uploads\/2018\/08\/IMG_3384-150x150.jpg 150w, https:\/\/www.legistdf.gob.ar\/wp-content\/uploads\/2018\/08\/IMG_3384-64x64.jpg 64w\" sizes=\"(max-width: 150px) 100vw, 150px\" data-attachment-id=\"8808\" data-permalink=\"https:\/\/www.legistdf.gob.ar\/index.php\/2018\/08\/15\/legislatura-colaboraciones-a-organizaciones-y-eventos-a-realizarse-en-la-provincia\/img_3384\/\" data-orig-file=\"https:\/\/www.legistdf.gob.ar\/wp-content\/uploads\/2018\/08\/IMG_3384.jpg\" data-orig-size=\"1000,667\" data-comments-opened=\"0\" data-image-meta=\"{&quot;aperture&quot;:&quot;5.6&quot;,&quot;credit&quot;:&quot;&quot;,&quot;camera&quot;:&quot;Canon EOS 6D&quot;,&quot;caption&quot;:&quot;&quot;,&quot;created_timestamp&quot;:&quot;1534309325&quot;,&quot;copyright&quot;:&quot;&quot;,&quot;focal_length&quot;:&quot;50&quot;,&quot;iso&quot;:&quot;1000&quot;,&quot;shutter_speed&quot;:&quot;0.0125&quot;,&quot;title&quot;:&quot;&quot;,&quot;orientation&quot;:&quot;1&quot;}\" data-image-title=\"IMG_3384\" data-image-description=\"\" data-image-caption=\"\" data-medium-file=\"https:\/\/www.legistdf.gob.ar\/wp-content\/uploads\/2018\/08\/IMG_3384-300x200.jpg\" data-large-file=\"https:\/\/www.legistdf.gob.ar\/wp-content\/uploads\/2018\/08\/IMG_3384.jpg\" \/><\/a>\n\t\t\t<\/dt><\/dl><dl class='gallery-item'>\n\t\t\t<dt class='gallery-icon landscape'>\n\t\t\t\t<a href='https:\/\/www.legistdf.gob.ar\/index.php\/2018\/08\/15\/legislatura-colaboraciones-a-organizaciones-y-eventos-a-realizarse-en-la-provincia\/img_3390\/'><img loading=\"lazy\" decoding=\"async\" width=\"150\" height=\"150\" src=\"https:\/\/www.legistdf.gob.ar\/wp-content\/uploads\/2018\/08\/IMG_3390-150x150.jpg\" class=\"attachment-thumbnail size-thumbnail\" alt=\"\" srcset=\"https:\/\/www.legistdf.gob.ar\/wp-content\/uploads\/2018\/08\/IMG_3390-150x150.jpg 150w, https:\/\/www.legistdf.gob.ar\/wp-content\/uploads\/2018\/08\/IMG_3390-64x64.jpg 64w\" sizes=\"(max-width: 150px) 100vw, 150px\" data-attachment-id=\"8809\" data-permalink=\"https:\/\/www.legistdf.gob.ar\/index.php\/2018\/08\/15\/legislatura-colaboraciones-a-organizaciones-y-eventos-a-realizarse-en-la-provincia\/img_3390\/\" data-orig-file=\"https:\/\/www.legistdf.gob.ar\/wp-content\/uploads\/2018\/08\/IMG_3390.jpg\" data-orig-size=\"1000,667\" data-comments-opened=\"0\" data-image-meta=\"{&quot;aperture&quot;:&quot;5&quot;,&quot;credit&quot;:&quot;&quot;,&quot;camera&quot;:&quot;Canon EOS 6D&quot;,&quot;caption&quot;:&quot;&quot;,&quot;created_timestamp&quot;:&quot;1534309545&quot;,&quot;copyright&quot;:&quot;&quot;,&quot;focal_length&quot;:&quot;50&quot;,&quot;iso&quot;:&quot;1000&quot;,&quot;shutter_speed&quot;:&quot;0.0125&quot;,&quot;title&quot;:&quot;&quot;,&quot;orientation&quot;:&quot;1&quot;}\" data-image-title=\"IMG_3390\" data-image-description=\"\" data-image-caption=\"\" data-medium-file=\"https:\/\/www.legistdf.gob.ar\/wp-content\/uploads\/2018\/08\/IMG_3390-300x200.jpg\" data-large-file=\"https:\/\/www.legistdf.gob.ar\/wp-content\/uploads\/2018\/08\/IMG_3390.jpg\" \/><\/a>\n\t\t\t<\/dt><\/dl><dl class='gallery-item'>\n\t\t\t<dt class='gallery-icon landscape'>\n\t\t\t\t<a href='https:\/\/www.legistdf.gob.ar\/index.php\/2018\/08\/15\/legislatura-colaboraciones-a-organizaciones-y-eventos-a-realizarse-en-la-provincia\/img_3393\/'><img loading=\"lazy\" decoding=\"async\" width=\"150\" height=\"150\" src=\"https:\/\/www.legistdf.gob.ar\/wp-content\/uploads\/2018\/08\/IMG_3393-150x150.jpg\" class=\"attachment-thumbnail size-thumbnail\" alt=\"\" srcset=\"https:\/\/www.legistdf.gob.ar\/wp-content\/uploads\/2018\/08\/IMG_3393-150x150.jpg 150w, https:\/\/www.legistdf.gob.ar\/wp-content\/uploads\/2018\/08\/IMG_3393-64x64.jpg 64w\" sizes=\"(max-width: 150px) 100vw, 150px\" data-attachment-id=\"8810\" data-permalink=\"https:\/\/www.legistdf.gob.ar\/index.php\/2018\/08\/15\/legislatura-colaboraciones-a-organizaciones-y-eventos-a-realizarse-en-la-provincia\/img_3393\/\" data-orig-file=\"https:\/\/www.legistdf.gob.ar\/wp-content\/uploads\/2018\/08\/IMG_3393.jpg\" data-orig-size=\"1000,667\" data-comments-opened=\"0\" data-image-meta=\"{&quot;aperture&quot;:&quot;4&quot;,&quot;credit&quot;:&quot;&quot;,&quot;camera&quot;:&quot;Canon EOS 6D&quot;,&quot;caption&quot;:&quot;&quot;,&quot;created_timestamp&quot;:&quot;1534309781&quot;,&quot;copyright&quot;:&quot;&quot;,&quot;focal_length&quot;:&quot;50&quot;,&quot;iso&quot;:&quot;1000&quot;,&quot;shutter_speed&quot;:&quot;0.0125&quot;,&quot;title&quot;:&quot;&quot;,&quot;orientation&quot;:&quot;1&quot;}\" data-image-title=\"IMG_3393\" data-image-description=\"\" data-image-caption=\"\" data-medium-file=\"https:\/\/www.legistdf.gob.ar\/wp-content\/uploads\/2018\/08\/IMG_3393-300x200.jpg\" data-large-file=\"https:\/\/www.legistdf.gob.ar\/wp-content\/uploads\/2018\/08\/IMG_3393.jpg\" \/><\/a>\n\t\t\t<\/dt><\/dl><br style=\"clear: both\" \/><dl class='gallery-item'>\n\t\t\t<dt class='gallery-icon landscape'>\n\t\t\t\t<a href='https:\/\/www.legistdf.gob.ar\/index.php\/2018\/08\/15\/legislatura-colaboraciones-a-organizaciones-y-eventos-a-realizarse-en-la-provincia\/img_3418\/'><img loading=\"lazy\" decoding=\"async\" width=\"150\" height=\"150\" src=\"https:\/\/www.legistdf.gob.ar\/wp-content\/uploads\/2018\/08\/IMG_3418-150x150.jpg\" class=\"attachment-thumbnail size-thumbnail\" alt=\"\" srcset=\"https:\/\/www.legistdf.gob.ar\/wp-content\/uploads\/2018\/08\/IMG_3418-150x150.jpg 150w, https:\/\/www.legistdf.gob.ar\/wp-content\/uploads\/2018\/08\/IMG_3418-64x64.jpg 64w\" sizes=\"(max-width: 150px) 100vw, 150px\" data-attachment-id=\"8811\" data-permalink=\"https:\/\/www.legistdf.gob.ar\/index.php\/2018\/08\/15\/legislatura-colaboraciones-a-organizaciones-y-eventos-a-realizarse-en-la-provincia\/img_3418\/\" data-orig-file=\"https:\/\/www.legistdf.gob.ar\/wp-content\/uploads\/2018\/08\/IMG_3418.jpg\" data-orig-size=\"1000,667\" data-comments-opened=\"0\" data-image-meta=\"{&quot;aperture&quot;:&quot;3.5&quot;,&quot;credit&quot;:&quot;PrensaLegislativa2015&quot;,&quot;camera&quot;:&quot;Canon EOS 70D&quot;,&quot;caption&quot;:&quot;&quot;,&quot;created_timestamp&quot;:&quot;1534322243&quot;,&quot;copyright&quot;:&quot;&quot;,&quot;focal_length&quot;:&quot;24&quot;,&quot;iso&quot;:&quot;640&quot;,&quot;shutter_speed&quot;:&quot;0.0125&quot;,&quot;title&quot;:&quot;&quot;,&quot;orientation&quot;:&quot;0&quot;}\" data-image-title=\"IMG_3418\" data-image-description=\"\" data-image-caption=\"\" data-medium-file=\"https:\/\/www.legistdf.gob.ar\/wp-content\/uploads\/2018\/08\/IMG_3418-300x200.jpg\" data-large-file=\"https:\/\/www.legistdf.gob.ar\/wp-content\/uploads\/2018\/08\/IMG_3418.jpg\" \/><\/a>\n\t\t\t<\/dt><\/dl>\n\t\t\t<br style='clear: both' \/>\n\t\t<\/div>\n\n","protected":false},"excerpt":{"rendered":"<p>Ushuaia, mi\u00e9rcoles 15 de agosto de 2018.- Esta ma\u00f1ana el vicegobernador Juan Carlos Arcando hizo entrega de distintas colaboraciones entidades y eventos a realizarse. La fiesta del d\u00eda del ni\u00f1o y el simposio de contabilidad y auditoria recibieron el apoyo del Parlamento fueguino. &nbsp; Jos\u00e9 Hern\u00e1ndez agradeci\u00f3 el aporte para la realizaci\u00f3n de la 3\u00aa [&hellip;]<\/p>\n","protected":false},"author":352,"featured_media":8808,"comment_status":"closed","ping_status":"open","sticky":false,"template":"","format":"standard","meta":{"jetpack_post_was_ever_published":false,"_jetpack_newsletter_access":"","_jetpack_dont_email_post_to_subs":false,"_jetpack_newsletter_tier_id":0,"footnotes":"","jetpack_publicize_message":"","jetpack_publicize_feature_enabled":true,"jetpack_social_post_already_shared":true,"jetpack_social_options":{"image_generator_settings":{"template":"highway","enabled":false}}},"categories":[1],"tags":[97,78,79,87],"jetpack_publicize_connections":[],"jetpack_sharing_enabled":true,"jetpack_featured_media_url":"https:\/\/www.legistdf.gob.ar\/wp-content\/uploads\/2018\/08\/IMG_3384.jpg","jetpack-related-posts":[],"_links":{"self":[{"href":"https:\/\/www.legistdf.gob.ar\/index.php\/wp-json\/wp\/v2\/posts\/8807"}],"collection":[{"href":"https:\/\/www.legistdf.gob.ar\/index.php\/wp-json\/wp\/v2\/posts"}],"about":[{"href":"https:\/\/www.legistdf.gob.ar\/index.php\/wp-json\/wp\/v2\/types\/post"}],"author":[{"embeddable":true,"href":"https:\/\/www.legistdf.gob.ar\/index.php\/wp-json\/wp\/v2\/users\/352"}],"replies":[{"embeddable":true,"href":"https:\/\/www.legistdf.gob.ar\/index.php\/wp-json\/wp\/v2\/comments?post=8807"}],"version-history":[{"count":1,"href":"https:\/\/www.legistdf.gob.ar\/index.php\/wp-json\/wp\/v2\/posts\/8807\/revisions"}],"predecessor-version":[{"id":8812,"href":"https:\/\/www.legistdf.gob.ar\/index.php\/wp-json\/wp\/v2\/posts\/8807\/revisions\/8812"}],"wp:featuredmedia":[{"embeddable":true,"href":"https:\/\/www.legistdf.gob.ar\/index.php\/wp-json\/wp\/v2\/media\/8808"}],"wp:attachment":[{"href":"https:\/\/www.legistdf.gob.ar\/index.php\/wp-json\/wp\/v2\/media?parent=8807"}],"wp:term":[{"taxonomy":"category","embeddable":true,"href":"https:\/\/www.legistdf.gob.ar\/index.php\/wp-json\/wp\/v2\/categories?post=8807"},{"taxonomy":"post_tag","embeddable":true,"href":"https:\/\/www.legistdf.gob.ar\/index.php\/wp-json\/wp\/v2\/tags?post=8807"}],"curies":[{"name":"wp","href":"https:\/\/api.w.org\/{rel}","templated":true}]}}