{"id":8910,"date":"2018-08-22T10:10:14","date_gmt":"2018-08-22T13:10:14","guid":{"rendered":"http:\/\/www.legistdf.gob.ar\/?p=8910"},"modified":"2018-08-22T14:43:03","modified_gmt":"2018-08-22T17:43:03","slug":"educacion-dictaminaron-sobre-bibliotecas-populares-y-mapa-biocontinental","status":"publish","type":"post","link":"https:\/\/www.legistdf.gob.ar\/index.php\/2018\/08\/22\/educacion-dictaminaron-sobre-bibliotecas-populares-y-mapa-biocontinental\/","title":{"rendered":"EDUCACI\u00d3N: Dictaminaron sobre bibliotecas populares y mapa bicontinental"},"content":{"rendered":"<p>&nbsp;<\/p>\n<p><b>Ushuaia, mi\u00e9rcoles\u00a022 de agosto de 2018.- La Comisi\u00f3n de Educaci\u00f3n (4) concret\u00f3 un encuentro donde se abordaron los asuntos 268\/17 y el 190\/18, sobre bibliotecas populares y mapas bicontinentales, respectivamente. La presidente de la mesa, Andrea Freites se mostr\u00f3 conforme por lograr el acuerdo de sus pares para dictaminar sobre esos dos asuntos.<\/b><\/p>\n<p>&nbsp;<\/p>\n<p>Freites, explic\u00f3 que los dos asuntos tratados se encontraban pendientes desde la semana pasada. \u201cEl asunto 268\/17 de autor\u00eda del MPF propone declarar las bibliotecas populares como bienes de utilidad social. El proyecto fundamenta que las bibliotecas cumplen un servicio y espacios de consulta, expresi\u00f3n y desarrollo de actividades abiertas a la comunidad.<\/p>\n<p>&nbsp;<\/p>\n<p>La Ley nacional N\u00ba 23.351, fomenta y promueve el desarrollo de las bibliotecas populares, y determina las bases para su funcionamiento y desarrollo; dispone diversas medidas de protecci\u00f3n e incentivo, las cuales -acompa\u00f1adas por el trabajo que realiza la CONABIP-, han podido desarrollarse y expandirse en todas las comunidades del pa\u00eds.<\/p>\n<p>&nbsp;<\/p>\n<p>Las Bibliotecas populares son reconocidas en la Provincia, por su inter\u00e9s p\u00fablico y trascendencia social mediante la Ley provincial N\u00ba 643, que dispone diversas medidas de promoci\u00f3n e incentivo, a partir del trabajo comunitario de quienes colaboran en el desarrollo y promoci\u00f3n de la cultura y la idiosincrasia local y regional. Del trabajo social que desenvuelven los vecinos, deviene la necesidad de asegurar su continuidad en el tiempo como reservorios de conocimiento e idiosincrasia cultural.<\/p>\n<p>&nbsp;<\/p>\n<p>El proyecto de Ley se\u00f1ala que el patrimonio elemental para el funcionamiento de las bibliotecas populares, que re\u00fanan los recaudos establecidos en la normativa y dem\u00e1s requisitos exigidos por esta Ley, ser\u00e1n consideradas en la Provincia como \u00abbienes de utilidad social\u00bb y no podr\u00e1n se embargadas, aseguran su protecci\u00f3n y continuidad.<\/p>\n<p>&nbsp;<\/p>\n<p>Por otra parte, durante el encuentro, la legisladora Marcela G\u00f3mez defendi\u00f3 el proyecto 190\/18 de su autor\u00eda, que busca la actualizaci\u00f3n y trabajo sobre la cartograf\u00eda de Tierra del Fuego, el mapa bicontinental. En este sentido, la presidente de la Comisi\u00f3n explic\u00f3 que \u201csi bien existe una Ley nacional, que dice esto, trabajamos para que en todas las instituciones exista la cartograf\u00eda real\u201d.<\/p>\n<p>&nbsp;<\/p>\n<p>Este proyecto se \u201ccomplement\u00f3 con uno que ten\u00eda el MPF, que propone sacar todos los mapas que est\u00e1n en circulaci\u00f3n que no sean los bicontinentales\u201d.<\/p>\n<p>&nbsp;<\/p>\n<p>Freites asegur\u00f3 que la intenci\u00f3n es \u201creforzar lo que se trabaja desde el Poder Ejecutivo y defendiendo la soberan\u00eda que los fueguinos remarcamos d\u00eda a d\u00eda y en un panorama tan complejo a nivel nacional, expres\u00f3. \u201cQueremos reforzar y visibilizar la soberan\u00eda de Tierra del Fuego\u201d, cerr\u00f3.<\/p>\n<p>Del encuentro participaron los legisladores Pablo Villegas y Cristina Boyadjian (MPF); Ricardo Furlan, Daniel Harrington y Marcela G\u00f3mez (FPV \u2013 PJ) y Oscar Rubinos (UCR \u2013 Cambiemos).<\/p>\n\n\t\t<style type=\"text\/css\">\n\t\t\t#gallery-1 {\n\t\t\t\tmargin: auto;\n\t\t\t}\n\t\t\t#gallery-1 .gallery-item {\n\t\t\t\tfloat: left;\n\t\t\t\tmargin-top: 10px;\n\t\t\t\ttext-align: center;\n\t\t\t\twidth: 33%;\n\t\t\t}\n\t\t\t#gallery-1 img {\n\t\t\t\tborder: 2px solid #cfcfcf;\n\t\t\t}\n\t\t\t#gallery-1 .gallery-caption {\n\t\t\t\tmargin-left: 0;\n\t\t\t}\n\t\t\t\/* see gallery_shortcode() in wp-includes\/media.php *\/\n\t\t<\/style>\n\t\t<div data-carousel-extra='{\"blog_id\":1,\"permalink\":\"https:\\\/\\\/www.legistdf.gob.ar\\\/index.php\\\/2018\\\/08\\\/22\\\/educacion-dictaminaron-sobre-bibliotecas-populares-y-mapa-biocontinental\\\/\"}' id='gallery-1' class='gallery galleryid-8910 gallery-columns-3 gallery-size-thumbnail'><dl class='gallery-item'>\n\t\t\t<dt class='gallery-icon landscape'>\n\t\t\t\t<a href='https:\/\/www.legistdf.gob.ar\/index.php\/2018\/08\/22\/educacion-dictaminaron-sobre-bibliotecas-populares-y-mapa-biocontinental\/img_4194\/'><img loading=\"lazy\" decoding=\"async\" width=\"150\" height=\"150\" src=\"https:\/\/www.legistdf.gob.ar\/wp-content\/uploads\/2018\/08\/IMG_4194-150x150.jpg\" class=\"attachment-thumbnail size-thumbnail\" alt=\"\" srcset=\"https:\/\/www.legistdf.gob.ar\/wp-content\/uploads\/2018\/08\/IMG_4194-150x150.jpg 150w, https:\/\/www.legistdf.gob.ar\/wp-content\/uploads\/2018\/08\/IMG_4194-64x64.jpg 64w\" sizes=\"(max-width: 150px) 100vw, 150px\" data-attachment-id=\"8911\" data-permalink=\"https:\/\/www.legistdf.gob.ar\/index.php\/2018\/08\/22\/educacion-dictaminaron-sobre-bibliotecas-populares-y-mapa-biocontinental\/img_4194\/\" data-orig-file=\"https:\/\/www.legistdf.gob.ar\/wp-content\/uploads\/2018\/08\/IMG_4194.jpg\" data-orig-size=\"1500,1000\" data-comments-opened=\"0\" data-image-meta=\"{&quot;aperture&quot;:&quot;0&quot;,&quot;credit&quot;:&quot;PrensaLegislativa2015&quot;,&quot;camera&quot;:&quot;&quot;,&quot;caption&quot;:&quot;&quot;,&quot;created_timestamp&quot;:&quot;0&quot;,&quot;copyright&quot;:&quot;&quot;,&quot;focal_length&quot;:&quot;0&quot;,&quot;iso&quot;:&quot;0&quot;,&quot;shutter_speed&quot;:&quot;0&quot;,&quot;title&quot;:&quot;&quot;,&quot;orientation&quot;:&quot;0&quot;}\" data-image-title=\"IMG_4194\" data-image-description=\"\" data-image-caption=\"\" data-medium-file=\"https:\/\/www.legistdf.gob.ar\/wp-content\/uploads\/2018\/08\/IMG_4194-300x200.jpg\" data-large-file=\"https:\/\/www.legistdf.gob.ar\/wp-content\/uploads\/2018\/08\/IMG_4194-1024x683.jpg\" \/><\/a>\n\t\t\t<\/dt><\/dl><dl class='gallery-item'>\n\t\t\t<dt class='gallery-icon landscape'>\n\t\t\t\t<a href='https:\/\/www.legistdf.gob.ar\/index.php\/2018\/08\/22\/educacion-dictaminaron-sobre-bibliotecas-populares-y-mapa-biocontinental\/img_4213\/'><img loading=\"lazy\" decoding=\"async\" width=\"150\" height=\"150\" src=\"https:\/\/www.legistdf.gob.ar\/wp-content\/uploads\/2018\/08\/IMG_4213-150x150.jpg\" class=\"attachment-thumbnail size-thumbnail\" alt=\"\" srcset=\"https:\/\/www.legistdf.gob.ar\/wp-content\/uploads\/2018\/08\/IMG_4213-150x150.jpg 150w, https:\/\/www.legistdf.gob.ar\/wp-content\/uploads\/2018\/08\/IMG_4213-64x64.jpg 64w\" sizes=\"(max-width: 150px) 100vw, 150px\" data-attachment-id=\"8912\" data-permalink=\"https:\/\/www.legistdf.gob.ar\/index.php\/2018\/08\/22\/educacion-dictaminaron-sobre-bibliotecas-populares-y-mapa-biocontinental\/img_4213\/\" data-orig-file=\"https:\/\/www.legistdf.gob.ar\/wp-content\/uploads\/2018\/08\/IMG_4213.jpg\" data-orig-size=\"1500,1000\" data-comments-opened=\"0\" data-image-meta=\"{&quot;aperture&quot;:&quot;0&quot;,&quot;credit&quot;:&quot;PrensaLegislativa2015&quot;,&quot;camera&quot;:&quot;&quot;,&quot;caption&quot;:&quot;&quot;,&quot;created_timestamp&quot;:&quot;0&quot;,&quot;copyright&quot;:&quot;&quot;,&quot;focal_length&quot;:&quot;0&quot;,&quot;iso&quot;:&quot;0&quot;,&quot;shutter_speed&quot;:&quot;0&quot;,&quot;title&quot;:&quot;&quot;,&quot;orientation&quot;:&quot;0&quot;}\" data-image-title=\"IMG_4213\" data-image-description=\"\" data-image-caption=\"\" data-medium-file=\"https:\/\/www.legistdf.gob.ar\/wp-content\/uploads\/2018\/08\/IMG_4213-300x200.jpg\" data-large-file=\"https:\/\/www.legistdf.gob.ar\/wp-content\/uploads\/2018\/08\/IMG_4213-1024x683.jpg\" \/><\/a>\n\t\t\t<\/dt><\/dl><dl class='gallery-item'>\n\t\t\t<dt class='gallery-icon landscape'>\n\t\t\t\t<a href='https:\/\/www.legistdf.gob.ar\/index.php\/2018\/08\/22\/educacion-dictaminaron-sobre-bibliotecas-populares-y-mapa-biocontinental\/img_4217\/'><img loading=\"lazy\" decoding=\"async\" width=\"150\" height=\"150\" src=\"https:\/\/www.legistdf.gob.ar\/wp-content\/uploads\/2018\/08\/IMG_4217-150x150.jpg\" class=\"attachment-thumbnail size-thumbnail\" alt=\"\" srcset=\"https:\/\/www.legistdf.gob.ar\/wp-content\/uploads\/2018\/08\/IMG_4217-150x150.jpg 150w, https:\/\/www.legistdf.gob.ar\/wp-content\/uploads\/2018\/08\/IMG_4217-64x64.jpg 64w\" sizes=\"(max-width: 150px) 100vw, 150px\" data-attachment-id=\"8913\" data-permalink=\"https:\/\/www.legistdf.gob.ar\/index.php\/2018\/08\/22\/educacion-dictaminaron-sobre-bibliotecas-populares-y-mapa-biocontinental\/img_4217\/\" data-orig-file=\"https:\/\/www.legistdf.gob.ar\/wp-content\/uploads\/2018\/08\/IMG_4217.jpg\" data-orig-size=\"1500,1000\" data-comments-opened=\"0\" data-image-meta=\"{&quot;aperture&quot;:&quot;0&quot;,&quot;credit&quot;:&quot;PrensaLegislativa2015&quot;,&quot;camera&quot;:&quot;&quot;,&quot;caption&quot;:&quot;&quot;,&quot;created_timestamp&quot;:&quot;0&quot;,&quot;copyright&quot;:&quot;&quot;,&quot;focal_length&quot;:&quot;0&quot;,&quot;iso&quot;:&quot;0&quot;,&quot;shutter_speed&quot;:&quot;0&quot;,&quot;title&quot;:&quot;&quot;,&quot;orientation&quot;:&quot;0&quot;}\" data-image-title=\"IMG_4217\" data-image-description=\"\" data-image-caption=\"\" data-medium-file=\"https:\/\/www.legistdf.gob.ar\/wp-content\/uploads\/2018\/08\/IMG_4217-300x200.jpg\" data-large-file=\"https:\/\/www.legistdf.gob.ar\/wp-content\/uploads\/2018\/08\/IMG_4217-1024x683.jpg\" \/><\/a>\n\t\t\t<\/dt><\/dl><br style=\"clear: both\" \/><dl class='gallery-item'>\n\t\t\t<dt class='gallery-icon landscape'>\n\t\t\t\t<a href='https:\/\/www.legistdf.gob.ar\/index.php\/2018\/08\/22\/educacion-dictaminaron-sobre-bibliotecas-populares-y-mapa-biocontinental\/img_4219\/'><img loading=\"lazy\" decoding=\"async\" width=\"150\" height=\"150\" src=\"https:\/\/www.legistdf.gob.ar\/wp-content\/uploads\/2018\/08\/IMG_4219-150x150.jpg\" class=\"attachment-thumbnail size-thumbnail\" alt=\"\" srcset=\"https:\/\/www.legistdf.gob.ar\/wp-content\/uploads\/2018\/08\/IMG_4219-150x150.jpg 150w, https:\/\/www.legistdf.gob.ar\/wp-content\/uploads\/2018\/08\/IMG_4219-64x64.jpg 64w\" sizes=\"(max-width: 150px) 100vw, 150px\" data-attachment-id=\"8914\" data-permalink=\"https:\/\/www.legistdf.gob.ar\/index.php\/2018\/08\/22\/educacion-dictaminaron-sobre-bibliotecas-populares-y-mapa-biocontinental\/img_4219\/\" data-orig-file=\"https:\/\/www.legistdf.gob.ar\/wp-content\/uploads\/2018\/08\/IMG_4219.jpg\" data-orig-size=\"1500,1000\" data-comments-opened=\"0\" data-image-meta=\"{&quot;aperture&quot;:&quot;0&quot;,&quot;credit&quot;:&quot;PrensaLegislativa2015&quot;,&quot;camera&quot;:&quot;&quot;,&quot;caption&quot;:&quot;&quot;,&quot;created_timestamp&quot;:&quot;0&quot;,&quot;copyright&quot;:&quot;&quot;,&quot;focal_length&quot;:&quot;0&quot;,&quot;iso&quot;:&quot;0&quot;,&quot;shutter_speed&quot;:&quot;0&quot;,&quot;title&quot;:&quot;&quot;,&quot;orientation&quot;:&quot;0&quot;}\" data-image-title=\"IMG_4219\" data-image-description=\"\" data-image-caption=\"\" data-medium-file=\"https:\/\/www.legistdf.gob.ar\/wp-content\/uploads\/2018\/08\/IMG_4219-300x200.jpg\" data-large-file=\"https:\/\/www.legistdf.gob.ar\/wp-content\/uploads\/2018\/08\/IMG_4219-1024x683.jpg\" \/><\/a>\n\t\t\t<\/dt><\/dl><dl class='gallery-item'>\n\t\t\t<dt class='gallery-icon landscape'>\n\t\t\t\t<a href='https:\/\/www.legistdf.gob.ar\/index.php\/2018\/08\/22\/educacion-dictaminaron-sobre-bibliotecas-populares-y-mapa-biocontinental\/img_4221\/'><img loading=\"lazy\" decoding=\"async\" width=\"150\" height=\"150\" src=\"https:\/\/www.legistdf.gob.ar\/wp-content\/uploads\/2018\/08\/IMG_4221-150x150.jpg\" class=\"attachment-thumbnail size-thumbnail\" alt=\"\" srcset=\"https:\/\/www.legistdf.gob.ar\/wp-content\/uploads\/2018\/08\/IMG_4221-150x150.jpg 150w, https:\/\/www.legistdf.gob.ar\/wp-content\/uploads\/2018\/08\/IMG_4221-64x64.jpg 64w\" sizes=\"(max-width: 150px) 100vw, 150px\" data-attachment-id=\"8915\" data-permalink=\"https:\/\/www.legistdf.gob.ar\/index.php\/2018\/08\/22\/educacion-dictaminaron-sobre-bibliotecas-populares-y-mapa-biocontinental\/img_4221\/\" data-orig-file=\"https:\/\/www.legistdf.gob.ar\/wp-content\/uploads\/2018\/08\/IMG_4221.jpg\" data-orig-size=\"1500,1000\" data-comments-opened=\"0\" data-image-meta=\"{&quot;aperture&quot;:&quot;0&quot;,&quot;credit&quot;:&quot;PrensaLegislativa2015&quot;,&quot;camera&quot;:&quot;&quot;,&quot;caption&quot;:&quot;&quot;,&quot;created_timestamp&quot;:&quot;0&quot;,&quot;copyright&quot;:&quot;&quot;,&quot;focal_length&quot;:&quot;0&quot;,&quot;iso&quot;:&quot;0&quot;,&quot;shutter_speed&quot;:&quot;0&quot;,&quot;title&quot;:&quot;&quot;,&quot;orientation&quot;:&quot;0&quot;}\" data-image-title=\"IMG_4221\" data-image-description=\"\" data-image-caption=\"\" data-medium-file=\"https:\/\/www.legistdf.gob.ar\/wp-content\/uploads\/2018\/08\/IMG_4221-300x200.jpg\" data-large-file=\"https:\/\/www.legistdf.gob.ar\/wp-content\/uploads\/2018\/08\/IMG_4221-1024x683.jpg\" \/><\/a>\n\t\t\t<\/dt><\/dl><dl class='gallery-item'>\n\t\t\t<dt class='gallery-icon landscape'>\n\t\t\t\t<a href='https:\/\/www.legistdf.gob.ar\/index.php\/2018\/08\/22\/educacion-dictaminaron-sobre-bibliotecas-populares-y-mapa-biocontinental\/img_4222\/'><img loading=\"lazy\" decoding=\"async\" width=\"150\" height=\"150\" src=\"https:\/\/www.legistdf.gob.ar\/wp-content\/uploads\/2018\/08\/IMG_4222-150x150.jpg\" class=\"attachment-thumbnail size-thumbnail\" alt=\"\" srcset=\"https:\/\/www.legistdf.gob.ar\/wp-content\/uploads\/2018\/08\/IMG_4222-150x150.jpg 150w, https:\/\/www.legistdf.gob.ar\/wp-content\/uploads\/2018\/08\/IMG_4222-64x64.jpg 64w\" sizes=\"(max-width: 150px) 100vw, 150px\" data-attachment-id=\"8916\" data-permalink=\"https:\/\/www.legistdf.gob.ar\/index.php\/2018\/08\/22\/educacion-dictaminaron-sobre-bibliotecas-populares-y-mapa-biocontinental\/img_4222\/\" data-orig-file=\"https:\/\/www.legistdf.gob.ar\/wp-content\/uploads\/2018\/08\/IMG_4222.jpg\" data-orig-size=\"1500,1000\" data-comments-opened=\"0\" data-image-meta=\"{&quot;aperture&quot;:&quot;0&quot;,&quot;credit&quot;:&quot;PrensaLegislativa2015&quot;,&quot;camera&quot;:&quot;&quot;,&quot;caption&quot;:&quot;&quot;,&quot;created_timestamp&quot;:&quot;0&quot;,&quot;copyright&quot;:&quot;&quot;,&quot;focal_length&quot;:&quot;0&quot;,&quot;iso&quot;:&quot;0&quot;,&quot;shutter_speed&quot;:&quot;0&quot;,&quot;title&quot;:&quot;&quot;,&quot;orientation&quot;:&quot;0&quot;}\" data-image-title=\"IMG_4222\" data-image-description=\"\" data-image-caption=\"\" data-medium-file=\"https:\/\/www.legistdf.gob.ar\/wp-content\/uploads\/2018\/08\/IMG_4222-300x200.jpg\" data-large-file=\"https:\/\/www.legistdf.gob.ar\/wp-content\/uploads\/2018\/08\/IMG_4222-1024x683.jpg\" \/><\/a>\n\t\t\t<\/dt><\/dl><br style=\"clear: both\" \/><dl class='gallery-item'>\n\t\t\t<dt class='gallery-icon landscape'>\n\t\t\t\t<a href='https:\/\/www.legistdf.gob.ar\/index.php\/2018\/08\/22\/educacion-dictaminaron-sobre-bibliotecas-populares-y-mapa-biocontinental\/img_4236\/'><img loading=\"lazy\" decoding=\"async\" width=\"150\" height=\"150\" src=\"https:\/\/www.legistdf.gob.ar\/wp-content\/uploads\/2018\/08\/IMG_4236-150x150.jpg\" class=\"attachment-thumbnail size-thumbnail\" alt=\"\" srcset=\"https:\/\/www.legistdf.gob.ar\/wp-content\/uploads\/2018\/08\/IMG_4236-150x150.jpg 150w, https:\/\/www.legistdf.gob.ar\/wp-content\/uploads\/2018\/08\/IMG_4236-64x64.jpg 64w\" sizes=\"(max-width: 150px) 100vw, 150px\" data-attachment-id=\"8917\" data-permalink=\"https:\/\/www.legistdf.gob.ar\/index.php\/2018\/08\/22\/educacion-dictaminaron-sobre-bibliotecas-populares-y-mapa-biocontinental\/img_4236\/\" data-orig-file=\"https:\/\/www.legistdf.gob.ar\/wp-content\/uploads\/2018\/08\/IMG_4236.jpg\" data-orig-size=\"1500,1000\" data-comments-opened=\"0\" data-image-meta=\"{&quot;aperture&quot;:&quot;0&quot;,&quot;credit&quot;:&quot;PrensaLegislativa2015&quot;,&quot;camera&quot;:&quot;&quot;,&quot;caption&quot;:&quot;&quot;,&quot;created_timestamp&quot;:&quot;0&quot;,&quot;copyright&quot;:&quot;&quot;,&quot;focal_length&quot;:&quot;0&quot;,&quot;iso&quot;:&quot;0&quot;,&quot;shutter_speed&quot;:&quot;0&quot;,&quot;title&quot;:&quot;&quot;,&quot;orientation&quot;:&quot;0&quot;}\" data-image-title=\"IMG_4236\" data-image-description=\"\" data-image-caption=\"\" data-medium-file=\"https:\/\/www.legistdf.gob.ar\/wp-content\/uploads\/2018\/08\/IMG_4236-300x200.jpg\" data-large-file=\"https:\/\/www.legistdf.gob.ar\/wp-content\/uploads\/2018\/08\/IMG_4236-1024x683.jpg\" \/><\/a>\n\t\t\t<\/dt><\/dl>\n\t\t\t<br style='clear: both' \/>\n\t\t<\/div>\n\n","protected":false},"excerpt":{"rendered":"<p>&nbsp; Ushuaia, mi\u00e9rcoles\u00a022 de agosto de 2018.- La Comisi\u00f3n de Educaci\u00f3n (4) concret\u00f3 un encuentro donde se abordaron los asuntos 268\/17 y el 190\/18, sobre bibliotecas populares y mapas bicontinentales, respectivamente. La presidente de la mesa, Andrea Freites se mostr\u00f3 conforme por lograr el acuerdo de sus pares para dictaminar sobre esos dos asuntos. &nbsp; [&hellip;]<\/p>\n","protected":false},"author":352,"featured_media":8915,"comment_status":"closed","ping_status":"open","sticky":false,"template":"","format":"standard","meta":{"jetpack_post_was_ever_published":false,"_jetpack_newsletter_access":"","_jetpack_dont_email_post_to_subs":false,"_jetpack_newsletter_tier_id":0,"footnotes":"","jetpack_publicize_message":"","jetpack_publicize_feature_enabled":true,"jetpack_social_post_already_shared":true,"jetpack_social_options":{"image_generator_settings":{"template":"highway","enabled":false}}},"categories":[1],"tags":[81,444,259,277,80,78,405,123,106],"jetpack_publicize_connections":[],"jetpack_sharing_enabled":true,"jetpack_featured_media_url":"https:\/\/www.legistdf.gob.ar\/wp-content\/uploads\/2018\/08\/IMG_4221.jpg","jetpack-related-posts":[],"_links":{"self":[{"href":"https:\/\/www.legistdf.gob.ar\/index.php\/wp-json\/wp\/v2\/posts\/8910"}],"collection":[{"href":"https:\/\/www.legistdf.gob.ar\/index.php\/wp-json\/wp\/v2\/posts"}],"about":[{"href":"https:\/\/www.legistdf.gob.ar\/index.php\/wp-json\/wp\/v2\/types\/post"}],"author":[{"embeddable":true,"href":"https:\/\/www.legistdf.gob.ar\/index.php\/wp-json\/wp\/v2\/users\/352"}],"replies":[{"embeddable":true,"href":"https:\/\/www.legistdf.gob.ar\/index.php\/wp-json\/wp\/v2\/comments?post=8910"}],"version-history":[{"count":3,"href":"https:\/\/www.legistdf.gob.ar\/index.php\/wp-json\/wp\/v2\/posts\/8910\/revisions"}],"predecessor-version":[{"id":8956,"href":"https:\/\/www.legistdf.gob.ar\/index.php\/wp-json\/wp\/v2\/posts\/8910\/revisions\/8956"}],"wp:featuredmedia":[{"embeddable":true,"href":"https:\/\/www.legistdf.gob.ar\/index.php\/wp-json\/wp\/v2\/media\/8915"}],"wp:attachment":[{"href":"https:\/\/www.legistdf.gob.ar\/index.php\/wp-json\/wp\/v2\/media?parent=8910"}],"wp:term":[{"taxonomy":"category","embeddable":true,"href":"https:\/\/www.legistdf.gob.ar\/index.php\/wp-json\/wp\/v2\/categories?post=8910"},{"taxonomy":"post_tag","embeddable":true,"href":"https:\/\/www.legistdf.gob.ar\/index.php\/wp-json\/wp\/v2\/tags?post=8910"}],"curies":[{"name":"wp","href":"https:\/\/api.w.org\/{rel}","templated":true}]}}