{"id":8939,"date":"2018-08-22T13:55:20","date_gmt":"2018-08-22T16:55:20","guid":{"rendered":"http:\/\/www.legistdf.gob.ar\/?p=8939"},"modified":"2018-08-22T13:55:20","modified_gmt":"2018-08-22T16:55:20","slug":"salud-necesitamos-tener-una-atencion-mas-personalizada-en-los-caps-dijo-martinez-allende","status":"publish","type":"post","link":"https:\/\/www.legistdf.gob.ar\/index.php\/2018\/08\/22\/salud-necesitamos-tener-una-atencion-mas-personalizada-en-los-caps-dijo-martinez-allende\/","title":{"rendered":"SALUD: \u201cNecesitamos tener una atenci\u00f3n m\u00e1s personalizada en los CAPS\u201d, dijo Mart\u00ednez Allende"},"content":{"rendered":"<p>&nbsp;<\/p>\n<p><strong>Ushuaia, mi\u00e9rcoles 22 de agosto de 2018.- La legisladora Liliana Mart\u00ednez Allende recibi\u00f3 en la Comisi\u00f3n de Salud (5) que preside, al ministro de Salud, Guillermo Ruckauf para abordar temas planteados en un encuentro realizado con anterioridad. La Legisladora adelant\u00f3 que trabajan de forma intensa para reforzar la atenci\u00f3n en todos los centros de salud p\u00fablica. El encuentro se concret\u00f3 en la jornada pasada.<\/strong><\/p>\n<p><strong>\u00a0<\/strong><\/p>\n<p>Semanas atr\u00e1s la Mesa de Salud abord\u00f3 problem\u00e1ticas y proyectos con los Legisladores de la Comisi\u00f3n 5. Ayer fueron volcadas en la mesa junto al equipo de trabajo de la cartera ministerial.<\/p>\n<p>&nbsp;<\/p>\n<p>Tras un debate de m\u00e1s de dos horas, donde los Parlamentarios consultaron sobre el estado de los hospitales; centros de salud; profesionales de los CAPS y la necesidad de m\u00e9dicos en \u00e1reas espec\u00edficas. Se abordaron proyectos a llevar adelante en el marco de Cobertura Universal de Salud (CUS), es un plan de la Naci\u00f3n, que incorpora el plan SUMAR, entre otros.<\/p>\n<p>&nbsp;<\/p>\n<p>Liliana Mart\u00ednez Allende, en di\u00e1logo con Prensa Legislativa, cont\u00f3 que en estos programas \u201cse han propuesto metas sanitarias con la Provincia y est\u00e1n trabajando en l\u00edneas prioritarias con desarrollo sustentable. Este plan est\u00e1 a cargo de la Dra. Segovia, que lleva adelante este trabajo en todos los CAPS, promoci\u00f3n y prevenci\u00f3n de embarazo precoz y adolescente, atenci\u00f3n de ni\u00f1os, prevenci\u00f3n de c\u00e1ncer de mama y \u00fatero\u201d.<\/p>\n<p>&nbsp;<\/p>\n<p>Sobre los pormenores de la iniciativa de la Naci\u00f3n, este programa traz\u00f3 l\u00edneas para \u201cmejorar y corregir en el mediano y largo plazo. Por esto tambi\u00e9n se plantea la necesidad de contar con m\u00e1s psic\u00f3logos, psiquiatras, asistentes sociales y agentes sanitarios, que adem\u00e1s de estar en los Centros de Atenci\u00f3n Primaria de la Salud (CAPS), salgan al campo a reconocer problem\u00e1ticas\u201d.<\/p>\n<p>&nbsp;<\/p>\n<p>El CUS tambi\u00e9n plantea la atenci\u00f3n integral del adolescente: \u201cEl Ministro tiene un ambicioso proyecto, y es un tema el de los j\u00f3venes y su atenci\u00f3n m\u00e9dica, porque no se acercan voluntariamente. Hay mucho trabajo por hacer para lograr la protecci\u00f3n integral\u201d, cont\u00f3 Mart\u00ednez Allende<\/p>\n<p>&nbsp;<\/p>\n<p>Sobre las mesas de trabajo en el \u00e1mbito de la Comisi\u00f3n que preside, Mart\u00ednez Allende inform\u00f3 que participaron de encuentros junto con los integrantes de la Mesa de Salud. \u201cAl Ministro lo citamos, luego de haber recibido a la agrupaci\u00f3n local en la Comisi\u00f3n, que plantearon una serie de puntos que fueron trasladados a las autoridades; c\u00f3mo estaba la salud en la Provincia; cu\u00e1l es la situaci\u00f3n de las guardias; qu\u00e9 pasa con los profesionales de la salud que se fueron de la Provincia y a\u00fan figuran en las cartillas de prestadores de los hospitales p\u00fablicos y el funcionamiento de los CAPS\u201d, entre otros t\u00f3picos.<\/p>\n<p>&nbsp;<\/p>\n<p>\u201cUna de las problem\u00e1ticas en los CAPS es la necesidad de psic\u00f3logos, incorporaci\u00f3n de profesionales, contar con tres enfermeros en cada uno de estos centros\u201d, plante\u00f3<\/p>\n<p>&nbsp;<\/p>\n<p>Sobre la situaci\u00f3n de Tolhuin, \u201cplantee la necesidad de contar con m\u00e1s profesionales, sobre todo en la especialidad de pediatr\u00eda\u201d y consider\u00f3 que se trata de una comunidad con muchos ni\u00f1os y necesitan contar con un m\u00e9dico estable\u201d. Asimismo, resalt\u00f3 que \u201cla intenci\u00f3n que estos puntos queden en claro y que de una vez por todas la Mesa de Salud pueda llevar respuestas y soluciones a los vecinos\u201d, puntualiz\u00f3.<\/p>\n<p>&nbsp;<\/p>\n<p>La Mesa de Salud est\u00e1 compuesta por \u201cpersonas que de buena voluntad quieren conformarla, algunos son referentes barriales, otros tienen conocidos con discapacidad, etc. Ellos reciben consultas, proyectos y quejas, la intenci\u00f3n es tener un ida y vuelta con el ministerio de salud\u201d, asegur\u00f3 Mart\u00ednez Allende.<\/p>\n<p>&nbsp;<\/p>\n<p>Sobre los fondos que se adeudaban por parte de las obras sociales a los hospitales p\u00fablicos, la presidente de la Comisi\u00f3n cont\u00f3 que, \u201cdesde la Legislatura brindamos una Ley, para posibilitar el cobro de estas deudas, se hizo una moratoria. Muchas obras sociales pagaron, por esto elevamos un pedido de informes para saber con exactitud quienes pagaron, cuanto y quienes no pagaron, para saber cuanto recuper\u00f3 la Provincia con esta moratoria\u201d, inform\u00f3.<\/p>\n<p>&nbsp;<\/p>\n<p>Adem\u00e1s en el encuentro se consult\u00f3 acerca de los anestesistas y los atrasos en los pagos, \u201cRuckauf nos adelant\u00f3 que ese tema ya hab\u00eda sido subsanado\u201d. \u201cLa intenci\u00f3n es lograr contar con los profesionales necesarios en todos los sectores de la salud, en los CAPS, para lograr una atenci\u00f3n eficaz y personalizada y esto se logra con organizaci\u00f3n\u201d, cerr\u00f3<\/p>\n<p>&nbsp;<\/p>\n<p>Del encuentro participaron los legisladores, Andrea Freites, Marcela G\u00f3mez, M\u00f3nica Urquiza, Cristina Bodyajian, Ricardo Furlan y Ricardo Romano y Oscar Rubinios, junto a su presidente, Liliana Mart\u00ednez Allende.<\/p>\n<p>&nbsp;<\/p>\n\n\t\t<style type=\"text\/css\">\n\t\t\t#gallery-1 {\n\t\t\t\tmargin: auto;\n\t\t\t}\n\t\t\t#gallery-1 .gallery-item {\n\t\t\t\tfloat: left;\n\t\t\t\tmargin-top: 10px;\n\t\t\t\ttext-align: center;\n\t\t\t\twidth: 33%;\n\t\t\t}\n\t\t\t#gallery-1 img {\n\t\t\t\tborder: 2px solid #cfcfcf;\n\t\t\t}\n\t\t\t#gallery-1 .gallery-caption {\n\t\t\t\tmargin-left: 0;\n\t\t\t}\n\t\t\t\/* see gallery_shortcode() in wp-includes\/media.php *\/\n\t\t<\/style>\n\t\t<div data-carousel-extra='{\"blog_id\":1,\"permalink\":\"https:\\\/\\\/www.legistdf.gob.ar\\\/index.php\\\/2018\\\/08\\\/22\\\/salud-necesitamos-tener-una-atencion-mas-personalizada-en-los-caps-dijo-martinez-allende\\\/\"}' id='gallery-1' class='gallery galleryid-8939 gallery-columns-3 gallery-size-thumbnail'><dl class='gallery-item'>\n\t\t\t<dt class='gallery-icon landscape'>\n\t\t\t\t<a href='https:\/\/www.legistdf.gob.ar\/index.php\/2018\/08\/22\/salud-necesitamos-tener-una-atencion-mas-personalizada-en-los-caps-dijo-martinez-allende\/img_4132\/'><img loading=\"lazy\" decoding=\"async\" width=\"150\" height=\"150\" src=\"https:\/\/www.legistdf.gob.ar\/wp-content\/uploads\/2018\/08\/IMG_4132-150x150.jpg\" class=\"attachment-thumbnail size-thumbnail\" alt=\"\" srcset=\"https:\/\/www.legistdf.gob.ar\/wp-content\/uploads\/2018\/08\/IMG_4132-150x150.jpg 150w, https:\/\/www.legistdf.gob.ar\/wp-content\/uploads\/2018\/08\/IMG_4132-64x64.jpg 64w\" sizes=\"(max-width: 150px) 100vw, 150px\" data-attachment-id=\"8940\" data-permalink=\"https:\/\/www.legistdf.gob.ar\/index.php\/2018\/08\/22\/salud-necesitamos-tener-una-atencion-mas-personalizada-en-los-caps-dijo-martinez-allende\/img_4132\/\" data-orig-file=\"https:\/\/www.legistdf.gob.ar\/wp-content\/uploads\/2018\/08\/IMG_4132.jpg\" data-orig-size=\"1000,667\" data-comments-opened=\"0\" data-image-meta=\"{&quot;aperture&quot;:&quot;0&quot;,&quot;credit&quot;:&quot;&quot;,&quot;camera&quot;:&quot;&quot;,&quot;caption&quot;:&quot;&quot;,&quot;created_timestamp&quot;:&quot;0&quot;,&quot;copyright&quot;:&quot;&quot;,&quot;focal_length&quot;:&quot;0&quot;,&quot;iso&quot;:&quot;0&quot;,&quot;shutter_speed&quot;:&quot;0&quot;,&quot;title&quot;:&quot;&quot;,&quot;orientation&quot;:&quot;0&quot;}\" data-image-title=\"IMG_4132\" data-image-description=\"\" data-image-caption=\"\" data-medium-file=\"https:\/\/www.legistdf.gob.ar\/wp-content\/uploads\/2018\/08\/IMG_4132-300x200.jpg\" data-large-file=\"https:\/\/www.legistdf.gob.ar\/wp-content\/uploads\/2018\/08\/IMG_4132.jpg\" \/><\/a>\n\t\t\t<\/dt><\/dl><dl class='gallery-item'>\n\t\t\t<dt class='gallery-icon landscape'>\n\t\t\t\t<a href='https:\/\/www.legistdf.gob.ar\/index.php\/2018\/08\/22\/salud-necesitamos-tener-una-atencion-mas-personalizada-en-los-caps-dijo-martinez-allende\/img_4135\/'><img loading=\"lazy\" decoding=\"async\" width=\"150\" height=\"150\" src=\"https:\/\/www.legistdf.gob.ar\/wp-content\/uploads\/2018\/08\/IMG_4135-150x150.jpg\" class=\"attachment-thumbnail size-thumbnail\" alt=\"\" srcset=\"https:\/\/www.legistdf.gob.ar\/wp-content\/uploads\/2018\/08\/IMG_4135-150x150.jpg 150w, https:\/\/www.legistdf.gob.ar\/wp-content\/uploads\/2018\/08\/IMG_4135-64x64.jpg 64w\" sizes=\"(max-width: 150px) 100vw, 150px\" data-attachment-id=\"8941\" data-permalink=\"https:\/\/www.legistdf.gob.ar\/index.php\/2018\/08\/22\/salud-necesitamos-tener-una-atencion-mas-personalizada-en-los-caps-dijo-martinez-allende\/img_4135\/\" data-orig-file=\"https:\/\/www.legistdf.gob.ar\/wp-content\/uploads\/2018\/08\/IMG_4135.jpg\" data-orig-size=\"1000,667\" data-comments-opened=\"0\" data-image-meta=\"{&quot;aperture&quot;:&quot;0&quot;,&quot;credit&quot;:&quot;&quot;,&quot;camera&quot;:&quot;&quot;,&quot;caption&quot;:&quot;&quot;,&quot;created_timestamp&quot;:&quot;0&quot;,&quot;copyright&quot;:&quot;&quot;,&quot;focal_length&quot;:&quot;0&quot;,&quot;iso&quot;:&quot;0&quot;,&quot;shutter_speed&quot;:&quot;0&quot;,&quot;title&quot;:&quot;&quot;,&quot;orientation&quot;:&quot;0&quot;}\" data-image-title=\"IMG_4135\" data-image-description=\"\" data-image-caption=\"\" data-medium-file=\"https:\/\/www.legistdf.gob.ar\/wp-content\/uploads\/2018\/08\/IMG_4135-300x200.jpg\" data-large-file=\"https:\/\/www.legistdf.gob.ar\/wp-content\/uploads\/2018\/08\/IMG_4135.jpg\" \/><\/a>\n\t\t\t<\/dt><\/dl><dl class='gallery-item'>\n\t\t\t<dt class='gallery-icon landscape'>\n\t\t\t\t<a href='https:\/\/www.legistdf.gob.ar\/index.php\/2018\/08\/22\/salud-necesitamos-tener-una-atencion-mas-personalizada-en-los-caps-dijo-martinez-allende\/img_4138\/'><img loading=\"lazy\" decoding=\"async\" width=\"150\" height=\"150\" src=\"https:\/\/www.legistdf.gob.ar\/wp-content\/uploads\/2018\/08\/IMG_4138-150x150.jpg\" class=\"attachment-thumbnail size-thumbnail\" alt=\"\" srcset=\"https:\/\/www.legistdf.gob.ar\/wp-content\/uploads\/2018\/08\/IMG_4138-150x150.jpg 150w, https:\/\/www.legistdf.gob.ar\/wp-content\/uploads\/2018\/08\/IMG_4138-64x64.jpg 64w\" sizes=\"(max-width: 150px) 100vw, 150px\" data-attachment-id=\"8942\" data-permalink=\"https:\/\/www.legistdf.gob.ar\/index.php\/2018\/08\/22\/salud-necesitamos-tener-una-atencion-mas-personalizada-en-los-caps-dijo-martinez-allende\/img_4138\/\" data-orig-file=\"https:\/\/www.legistdf.gob.ar\/wp-content\/uploads\/2018\/08\/IMG_4138.jpg\" data-orig-size=\"1000,667\" data-comments-opened=\"0\" data-image-meta=\"{&quot;aperture&quot;:&quot;0&quot;,&quot;credit&quot;:&quot;&quot;,&quot;camera&quot;:&quot;&quot;,&quot;caption&quot;:&quot;&quot;,&quot;created_timestamp&quot;:&quot;0&quot;,&quot;copyright&quot;:&quot;&quot;,&quot;focal_length&quot;:&quot;0&quot;,&quot;iso&quot;:&quot;0&quot;,&quot;shutter_speed&quot;:&quot;0&quot;,&quot;title&quot;:&quot;&quot;,&quot;orientation&quot;:&quot;0&quot;}\" data-image-title=\"IMG_4138\" data-image-description=\"\" data-image-caption=\"\" data-medium-file=\"https:\/\/www.legistdf.gob.ar\/wp-content\/uploads\/2018\/08\/IMG_4138-300x200.jpg\" data-large-file=\"https:\/\/www.legistdf.gob.ar\/wp-content\/uploads\/2018\/08\/IMG_4138.jpg\" \/><\/a>\n\t\t\t<\/dt><\/dl><br style=\"clear: both\" \/><dl class='gallery-item'>\n\t\t\t<dt class='gallery-icon landscape'>\n\t\t\t\t<a href='https:\/\/www.legistdf.gob.ar\/index.php\/2018\/08\/22\/salud-necesitamos-tener-una-atencion-mas-personalizada-en-los-caps-dijo-martinez-allende\/img_4140\/'><img loading=\"lazy\" decoding=\"async\" width=\"150\" height=\"150\" src=\"https:\/\/www.legistdf.gob.ar\/wp-content\/uploads\/2018\/08\/IMG_4140-150x150.jpg\" class=\"attachment-thumbnail size-thumbnail\" alt=\"\" srcset=\"https:\/\/www.legistdf.gob.ar\/wp-content\/uploads\/2018\/08\/IMG_4140-150x150.jpg 150w, https:\/\/www.legistdf.gob.ar\/wp-content\/uploads\/2018\/08\/IMG_4140-64x64.jpg 64w\" sizes=\"(max-width: 150px) 100vw, 150px\" data-attachment-id=\"8943\" data-permalink=\"https:\/\/www.legistdf.gob.ar\/index.php\/2018\/08\/22\/salud-necesitamos-tener-una-atencion-mas-personalizada-en-los-caps-dijo-martinez-allende\/img_4140\/\" data-orig-file=\"https:\/\/www.legistdf.gob.ar\/wp-content\/uploads\/2018\/08\/IMG_4140.jpg\" data-orig-size=\"1000,667\" data-comments-opened=\"0\" data-image-meta=\"{&quot;aperture&quot;:&quot;0&quot;,&quot;credit&quot;:&quot;&quot;,&quot;camera&quot;:&quot;&quot;,&quot;caption&quot;:&quot;&quot;,&quot;created_timestamp&quot;:&quot;0&quot;,&quot;copyright&quot;:&quot;&quot;,&quot;focal_length&quot;:&quot;0&quot;,&quot;iso&quot;:&quot;0&quot;,&quot;shutter_speed&quot;:&quot;0&quot;,&quot;title&quot;:&quot;&quot;,&quot;orientation&quot;:&quot;0&quot;}\" data-image-title=\"IMG_4140\" data-image-description=\"\" data-image-caption=\"\" data-medium-file=\"https:\/\/www.legistdf.gob.ar\/wp-content\/uploads\/2018\/08\/IMG_4140-300x200.jpg\" data-large-file=\"https:\/\/www.legistdf.gob.ar\/wp-content\/uploads\/2018\/08\/IMG_4140.jpg\" \/><\/a>\n\t\t\t<\/dt><\/dl><dl class='gallery-item'>\n\t\t\t<dt class='gallery-icon landscape'>\n\t\t\t\t<a href='https:\/\/www.legistdf.gob.ar\/index.php\/2018\/08\/22\/salud-necesitamos-tener-una-atencion-mas-personalizada-en-los-caps-dijo-martinez-allende\/img_4150\/'><img loading=\"lazy\" decoding=\"async\" width=\"150\" height=\"150\" src=\"https:\/\/www.legistdf.gob.ar\/wp-content\/uploads\/2018\/08\/IMG_4150-150x150.jpg\" class=\"attachment-thumbnail size-thumbnail\" alt=\"\" srcset=\"https:\/\/www.legistdf.gob.ar\/wp-content\/uploads\/2018\/08\/IMG_4150-150x150.jpg 150w, https:\/\/www.legistdf.gob.ar\/wp-content\/uploads\/2018\/08\/IMG_4150-64x64.jpg 64w\" sizes=\"(max-width: 150px) 100vw, 150px\" data-attachment-id=\"8944\" data-permalink=\"https:\/\/www.legistdf.gob.ar\/index.php\/2018\/08\/22\/salud-necesitamos-tener-una-atencion-mas-personalizada-en-los-caps-dijo-martinez-allende\/img_4150\/\" data-orig-file=\"https:\/\/www.legistdf.gob.ar\/wp-content\/uploads\/2018\/08\/IMG_4150.jpg\" data-orig-size=\"1000,667\" data-comments-opened=\"0\" data-image-meta=\"{&quot;aperture&quot;:&quot;0&quot;,&quot;credit&quot;:&quot;&quot;,&quot;camera&quot;:&quot;&quot;,&quot;caption&quot;:&quot;&quot;,&quot;created_timestamp&quot;:&quot;0&quot;,&quot;copyright&quot;:&quot;&quot;,&quot;focal_length&quot;:&quot;0&quot;,&quot;iso&quot;:&quot;0&quot;,&quot;shutter_speed&quot;:&quot;0&quot;,&quot;title&quot;:&quot;&quot;,&quot;orientation&quot;:&quot;0&quot;}\" data-image-title=\"IMG_4150\" data-image-description=\"\" data-image-caption=\"\" data-medium-file=\"https:\/\/www.legistdf.gob.ar\/wp-content\/uploads\/2018\/08\/IMG_4150-300x200.jpg\" data-large-file=\"https:\/\/www.legistdf.gob.ar\/wp-content\/uploads\/2018\/08\/IMG_4150.jpg\" \/><\/a>\n\t\t\t<\/dt><\/dl><dl class='gallery-item'>\n\t\t\t<dt class='gallery-icon landscape'>\n\t\t\t\t<a href='https:\/\/www.legistdf.gob.ar\/index.php\/2018\/08\/22\/salud-necesitamos-tener-una-atencion-mas-personalizada-en-los-caps-dijo-martinez-allende\/img_4154\/'><img loading=\"lazy\" decoding=\"async\" width=\"150\" height=\"150\" src=\"https:\/\/www.legistdf.gob.ar\/wp-content\/uploads\/2018\/08\/IMG_4154-150x150.jpg\" class=\"attachment-thumbnail size-thumbnail\" alt=\"\" srcset=\"https:\/\/www.legistdf.gob.ar\/wp-content\/uploads\/2018\/08\/IMG_4154-150x150.jpg 150w, https:\/\/www.legistdf.gob.ar\/wp-content\/uploads\/2018\/08\/IMG_4154-64x64.jpg 64w\" sizes=\"(max-width: 150px) 100vw, 150px\" data-attachment-id=\"8945\" data-permalink=\"https:\/\/www.legistdf.gob.ar\/index.php\/2018\/08\/22\/salud-necesitamos-tener-una-atencion-mas-personalizada-en-los-caps-dijo-martinez-allende\/img_4154\/\" data-orig-file=\"https:\/\/www.legistdf.gob.ar\/wp-content\/uploads\/2018\/08\/IMG_4154.jpg\" data-orig-size=\"1000,667\" data-comments-opened=\"0\" data-image-meta=\"{&quot;aperture&quot;:&quot;0&quot;,&quot;credit&quot;:&quot;&quot;,&quot;camera&quot;:&quot;&quot;,&quot;caption&quot;:&quot;&quot;,&quot;created_timestamp&quot;:&quot;0&quot;,&quot;copyright&quot;:&quot;&quot;,&quot;focal_length&quot;:&quot;0&quot;,&quot;iso&quot;:&quot;0&quot;,&quot;shutter_speed&quot;:&quot;0&quot;,&quot;title&quot;:&quot;&quot;,&quot;orientation&quot;:&quot;0&quot;}\" data-image-title=\"IMG_4154\" data-image-description=\"\" data-image-caption=\"\" data-medium-file=\"https:\/\/www.legistdf.gob.ar\/wp-content\/uploads\/2018\/08\/IMG_4154-300x200.jpg\" data-large-file=\"https:\/\/www.legistdf.gob.ar\/wp-content\/uploads\/2018\/08\/IMG_4154.jpg\" \/><\/a>\n\t\t\t<\/dt><\/dl><br style=\"clear: both\" \/><dl class='gallery-item'>\n\t\t\t<dt class='gallery-icon landscape'>\n\t\t\t\t<a href='https:\/\/www.legistdf.gob.ar\/index.php\/2018\/08\/22\/salud-necesitamos-tener-una-atencion-mas-personalizada-en-los-caps-dijo-martinez-allende\/img_4162\/'><img loading=\"lazy\" decoding=\"async\" width=\"150\" height=\"150\" src=\"https:\/\/www.legistdf.gob.ar\/wp-content\/uploads\/2018\/08\/IMG_4162-150x150.jpg\" class=\"attachment-thumbnail size-thumbnail\" alt=\"\" srcset=\"https:\/\/www.legistdf.gob.ar\/wp-content\/uploads\/2018\/08\/IMG_4162-150x150.jpg 150w, https:\/\/www.legistdf.gob.ar\/wp-content\/uploads\/2018\/08\/IMG_4162-64x64.jpg 64w\" sizes=\"(max-width: 150px) 100vw, 150px\" data-attachment-id=\"8946\" data-permalink=\"https:\/\/www.legistdf.gob.ar\/index.php\/2018\/08\/22\/salud-necesitamos-tener-una-atencion-mas-personalizada-en-los-caps-dijo-martinez-allende\/img_4162\/\" data-orig-file=\"https:\/\/www.legistdf.gob.ar\/wp-content\/uploads\/2018\/08\/IMG_4162.jpg\" data-orig-size=\"1000,667\" data-comments-opened=\"0\" data-image-meta=\"{&quot;aperture&quot;:&quot;0&quot;,&quot;credit&quot;:&quot;&quot;,&quot;camera&quot;:&quot;&quot;,&quot;caption&quot;:&quot;&quot;,&quot;created_timestamp&quot;:&quot;0&quot;,&quot;copyright&quot;:&quot;&quot;,&quot;focal_length&quot;:&quot;0&quot;,&quot;iso&quot;:&quot;0&quot;,&quot;shutter_speed&quot;:&quot;0&quot;,&quot;title&quot;:&quot;&quot;,&quot;orientation&quot;:&quot;0&quot;}\" data-image-title=\"IMG_4162\" data-image-description=\"\" data-image-caption=\"\" data-medium-file=\"https:\/\/www.legistdf.gob.ar\/wp-content\/uploads\/2018\/08\/IMG_4162-300x200.jpg\" data-large-file=\"https:\/\/www.legistdf.gob.ar\/wp-content\/uploads\/2018\/08\/IMG_4162.jpg\" \/><\/a>\n\t\t\t<\/dt><\/dl><dl class='gallery-item'>\n\t\t\t<dt class='gallery-icon landscape'>\n\t\t\t\t<a href='https:\/\/www.legistdf.gob.ar\/index.php\/2018\/08\/22\/salud-necesitamos-tener-una-atencion-mas-personalizada-en-los-caps-dijo-martinez-allende\/img_4163\/'><img loading=\"lazy\" decoding=\"async\" width=\"150\" height=\"150\" src=\"https:\/\/www.legistdf.gob.ar\/wp-content\/uploads\/2018\/08\/IMG_4163-150x150.jpg\" class=\"attachment-thumbnail size-thumbnail\" alt=\"\" srcset=\"https:\/\/www.legistdf.gob.ar\/wp-content\/uploads\/2018\/08\/IMG_4163-150x150.jpg 150w, https:\/\/www.legistdf.gob.ar\/wp-content\/uploads\/2018\/08\/IMG_4163-64x64.jpg 64w\" sizes=\"(max-width: 150px) 100vw, 150px\" data-attachment-id=\"8947\" data-permalink=\"https:\/\/www.legistdf.gob.ar\/index.php\/2018\/08\/22\/salud-necesitamos-tener-una-atencion-mas-personalizada-en-los-caps-dijo-martinez-allende\/img_4163\/\" data-orig-file=\"https:\/\/www.legistdf.gob.ar\/wp-content\/uploads\/2018\/08\/IMG_4163.jpg\" data-orig-size=\"1000,667\" data-comments-opened=\"0\" data-image-meta=\"{&quot;aperture&quot;:&quot;0&quot;,&quot;credit&quot;:&quot;&quot;,&quot;camera&quot;:&quot;&quot;,&quot;caption&quot;:&quot;&quot;,&quot;created_timestamp&quot;:&quot;0&quot;,&quot;copyright&quot;:&quot;&quot;,&quot;focal_length&quot;:&quot;0&quot;,&quot;iso&quot;:&quot;0&quot;,&quot;shutter_speed&quot;:&quot;0&quot;,&quot;title&quot;:&quot;&quot;,&quot;orientation&quot;:&quot;0&quot;}\" data-image-title=\"IMG_4163\" data-image-description=\"\" data-image-caption=\"\" data-medium-file=\"https:\/\/www.legistdf.gob.ar\/wp-content\/uploads\/2018\/08\/IMG_4163-300x200.jpg\" data-large-file=\"https:\/\/www.legistdf.gob.ar\/wp-content\/uploads\/2018\/08\/IMG_4163.jpg\" \/><\/a>\n\t\t\t<\/dt><\/dl><dl class='gallery-item'>\n\t\t\t<dt class='gallery-icon landscape'>\n\t\t\t\t<a href='https:\/\/www.legistdf.gob.ar\/index.php\/2018\/08\/22\/salud-necesitamos-tener-una-atencion-mas-personalizada-en-los-caps-dijo-martinez-allende\/img_4165\/'><img loading=\"lazy\" decoding=\"async\" width=\"150\" height=\"150\" src=\"https:\/\/www.legistdf.gob.ar\/wp-content\/uploads\/2018\/08\/IMG_4165-150x150.jpg\" class=\"attachment-thumbnail size-thumbnail\" alt=\"\" srcset=\"https:\/\/www.legistdf.gob.ar\/wp-content\/uploads\/2018\/08\/IMG_4165-150x150.jpg 150w, https:\/\/www.legistdf.gob.ar\/wp-content\/uploads\/2018\/08\/IMG_4165-64x64.jpg 64w\" sizes=\"(max-width: 150px) 100vw, 150px\" data-attachment-id=\"8948\" data-permalink=\"https:\/\/www.legistdf.gob.ar\/index.php\/2018\/08\/22\/salud-necesitamos-tener-una-atencion-mas-personalizada-en-los-caps-dijo-martinez-allende\/img_4165\/\" data-orig-file=\"https:\/\/www.legistdf.gob.ar\/wp-content\/uploads\/2018\/08\/IMG_4165.jpg\" data-orig-size=\"1000,667\" data-comments-opened=\"0\" data-image-meta=\"{&quot;aperture&quot;:&quot;0&quot;,&quot;credit&quot;:&quot;&quot;,&quot;camera&quot;:&quot;&quot;,&quot;caption&quot;:&quot;&quot;,&quot;created_timestamp&quot;:&quot;0&quot;,&quot;copyright&quot;:&quot;&quot;,&quot;focal_length&quot;:&quot;0&quot;,&quot;iso&quot;:&quot;0&quot;,&quot;shutter_speed&quot;:&quot;0&quot;,&quot;title&quot;:&quot;&quot;,&quot;orientation&quot;:&quot;0&quot;}\" data-image-title=\"IMG_4165\" data-image-description=\"\" data-image-caption=\"\" data-medium-file=\"https:\/\/www.legistdf.gob.ar\/wp-content\/uploads\/2018\/08\/IMG_4165-300x200.jpg\" data-large-file=\"https:\/\/www.legistdf.gob.ar\/wp-content\/uploads\/2018\/08\/IMG_4165.jpg\" \/><\/a>\n\t\t\t<\/dt><\/dl><br style=\"clear: both\" \/><dl class='gallery-item'>\n\t\t\t<dt class='gallery-icon landscape'>\n\t\t\t\t<a href='https:\/\/www.legistdf.gob.ar\/index.php\/2018\/08\/22\/salud-necesitamos-tener-una-atencion-mas-personalizada-en-los-caps-dijo-martinez-allende\/img_4167\/'><img loading=\"lazy\" decoding=\"async\" width=\"150\" height=\"150\" src=\"https:\/\/www.legistdf.gob.ar\/wp-content\/uploads\/2018\/08\/IMG_4167-150x150.jpg\" class=\"attachment-thumbnail size-thumbnail\" alt=\"\" srcset=\"https:\/\/www.legistdf.gob.ar\/wp-content\/uploads\/2018\/08\/IMG_4167-150x150.jpg 150w, https:\/\/www.legistdf.gob.ar\/wp-content\/uploads\/2018\/08\/IMG_4167-64x64.jpg 64w\" sizes=\"(max-width: 150px) 100vw, 150px\" data-attachment-id=\"8949\" data-permalink=\"https:\/\/www.legistdf.gob.ar\/index.php\/2018\/08\/22\/salud-necesitamos-tener-una-atencion-mas-personalizada-en-los-caps-dijo-martinez-allende\/img_4167\/\" data-orig-file=\"https:\/\/www.legistdf.gob.ar\/wp-content\/uploads\/2018\/08\/IMG_4167.jpg\" data-orig-size=\"1000,667\" data-comments-opened=\"0\" data-image-meta=\"{&quot;aperture&quot;:&quot;0&quot;,&quot;credit&quot;:&quot;&quot;,&quot;camera&quot;:&quot;&quot;,&quot;caption&quot;:&quot;&quot;,&quot;created_timestamp&quot;:&quot;0&quot;,&quot;copyright&quot;:&quot;&quot;,&quot;focal_length&quot;:&quot;0&quot;,&quot;iso&quot;:&quot;0&quot;,&quot;shutter_speed&quot;:&quot;0&quot;,&quot;title&quot;:&quot;&quot;,&quot;orientation&quot;:&quot;0&quot;}\" data-image-title=\"IMG_4167\" data-image-description=\"\" data-image-caption=\"\" data-medium-file=\"https:\/\/www.legistdf.gob.ar\/wp-content\/uploads\/2018\/08\/IMG_4167-300x200.jpg\" data-large-file=\"https:\/\/www.legistdf.gob.ar\/wp-content\/uploads\/2018\/08\/IMG_4167.jpg\" \/><\/a>\n\t\t\t<\/dt><\/dl><dl class='gallery-item'>\n\t\t\t<dt class='gallery-icon landscape'>\n\t\t\t\t<a href='https:\/\/www.legistdf.gob.ar\/index.php\/2018\/08\/22\/salud-necesitamos-tener-una-atencion-mas-personalizada-en-los-caps-dijo-martinez-allende\/img_4175\/'><img loading=\"lazy\" decoding=\"async\" width=\"150\" height=\"150\" src=\"https:\/\/www.legistdf.gob.ar\/wp-content\/uploads\/2018\/08\/IMG_4175-150x150.jpg\" class=\"attachment-thumbnail size-thumbnail\" alt=\"\" srcset=\"https:\/\/www.legistdf.gob.ar\/wp-content\/uploads\/2018\/08\/IMG_4175-150x150.jpg 150w, https:\/\/www.legistdf.gob.ar\/wp-content\/uploads\/2018\/08\/IMG_4175-64x64.jpg 64w\" sizes=\"(max-width: 150px) 100vw, 150px\" data-attachment-id=\"8950\" data-permalink=\"https:\/\/www.legistdf.gob.ar\/index.php\/2018\/08\/22\/salud-necesitamos-tener-una-atencion-mas-personalizada-en-los-caps-dijo-martinez-allende\/img_4175\/\" data-orig-file=\"https:\/\/www.legistdf.gob.ar\/wp-content\/uploads\/2018\/08\/IMG_4175.jpg\" data-orig-size=\"1000,667\" data-comments-opened=\"0\" data-image-meta=\"{&quot;aperture&quot;:&quot;0&quot;,&quot;credit&quot;:&quot;&quot;,&quot;camera&quot;:&quot;&quot;,&quot;caption&quot;:&quot;&quot;,&quot;created_timestamp&quot;:&quot;0&quot;,&quot;copyright&quot;:&quot;&quot;,&quot;focal_length&quot;:&quot;0&quot;,&quot;iso&quot;:&quot;0&quot;,&quot;shutter_speed&quot;:&quot;0&quot;,&quot;title&quot;:&quot;&quot;,&quot;orientation&quot;:&quot;0&quot;}\" data-image-title=\"IMG_4175\" data-image-description=\"\" data-image-caption=\"\" data-medium-file=\"https:\/\/www.legistdf.gob.ar\/wp-content\/uploads\/2018\/08\/IMG_4175-300x200.jpg\" data-large-file=\"https:\/\/www.legistdf.gob.ar\/wp-content\/uploads\/2018\/08\/IMG_4175.jpg\" \/><\/a>\n\t\t\t<\/dt><\/dl><dl class='gallery-item'>\n\t\t\t<dt class='gallery-icon landscape'>\n\t\t\t\t<a href='https:\/\/www.legistdf.gob.ar\/index.php\/2018\/08\/22\/salud-necesitamos-tener-una-atencion-mas-personalizada-en-los-caps-dijo-martinez-allende\/img_4184\/'><img loading=\"lazy\" decoding=\"async\" width=\"150\" height=\"150\" src=\"https:\/\/www.legistdf.gob.ar\/wp-content\/uploads\/2018\/08\/IMG_4184-150x150.jpg\" class=\"attachment-thumbnail size-thumbnail\" alt=\"\" srcset=\"https:\/\/www.legistdf.gob.ar\/wp-content\/uploads\/2018\/08\/IMG_4184-150x150.jpg 150w, https:\/\/www.legistdf.gob.ar\/wp-content\/uploads\/2018\/08\/IMG_4184-64x64.jpg 64w\" sizes=\"(max-width: 150px) 100vw, 150px\" data-attachment-id=\"8951\" data-permalink=\"https:\/\/www.legistdf.gob.ar\/index.php\/2018\/08\/22\/salud-necesitamos-tener-una-atencion-mas-personalizada-en-los-caps-dijo-martinez-allende\/img_4184\/\" data-orig-file=\"https:\/\/www.legistdf.gob.ar\/wp-content\/uploads\/2018\/08\/IMG_4184.jpg\" data-orig-size=\"1000,667\" data-comments-opened=\"0\" data-image-meta=\"{&quot;aperture&quot;:&quot;0&quot;,&quot;credit&quot;:&quot;&quot;,&quot;camera&quot;:&quot;&quot;,&quot;caption&quot;:&quot;&quot;,&quot;created_timestamp&quot;:&quot;0&quot;,&quot;copyright&quot;:&quot;&quot;,&quot;focal_length&quot;:&quot;0&quot;,&quot;iso&quot;:&quot;0&quot;,&quot;shutter_speed&quot;:&quot;0&quot;,&quot;title&quot;:&quot;&quot;,&quot;orientation&quot;:&quot;0&quot;}\" data-image-title=\"IMG_4184\" data-image-description=\"\" data-image-caption=\"\" data-medium-file=\"https:\/\/www.legistdf.gob.ar\/wp-content\/uploads\/2018\/08\/IMG_4184-300x200.jpg\" data-large-file=\"https:\/\/www.legistdf.gob.ar\/wp-content\/uploads\/2018\/08\/IMG_4184.jpg\" \/><\/a>\n\t\t\t<\/dt><\/dl><br style=\"clear: both\" \/><dl class='gallery-item'>\n\t\t\t<dt class='gallery-icon landscape'>\n\t\t\t\t<a href='https:\/\/www.legistdf.gob.ar\/index.php\/2018\/08\/22\/salud-necesitamos-tener-una-atencion-mas-personalizada-en-los-caps-dijo-martinez-allende\/img_4187\/'><img loading=\"lazy\" decoding=\"async\" width=\"150\" height=\"150\" src=\"https:\/\/www.legistdf.gob.ar\/wp-content\/uploads\/2018\/08\/IMG_4187-150x150.jpg\" class=\"attachment-thumbnail size-thumbnail\" alt=\"\" srcset=\"https:\/\/www.legistdf.gob.ar\/wp-content\/uploads\/2018\/08\/IMG_4187-150x150.jpg 150w, https:\/\/www.legistdf.gob.ar\/wp-content\/uploads\/2018\/08\/IMG_4187-64x64.jpg 64w\" sizes=\"(max-width: 150px) 100vw, 150px\" data-attachment-id=\"8952\" data-permalink=\"https:\/\/www.legistdf.gob.ar\/index.php\/2018\/08\/22\/salud-necesitamos-tener-una-atencion-mas-personalizada-en-los-caps-dijo-martinez-allende\/img_4187\/\" data-orig-file=\"https:\/\/www.legistdf.gob.ar\/wp-content\/uploads\/2018\/08\/IMG_4187.jpg\" data-orig-size=\"1000,667\" data-comments-opened=\"0\" data-image-meta=\"{&quot;aperture&quot;:&quot;0&quot;,&quot;credit&quot;:&quot;&quot;,&quot;camera&quot;:&quot;&quot;,&quot;caption&quot;:&quot;&quot;,&quot;created_timestamp&quot;:&quot;0&quot;,&quot;copyright&quot;:&quot;&quot;,&quot;focal_length&quot;:&quot;0&quot;,&quot;iso&quot;:&quot;0&quot;,&quot;shutter_speed&quot;:&quot;0&quot;,&quot;title&quot;:&quot;&quot;,&quot;orientation&quot;:&quot;0&quot;}\" data-image-title=\"IMG_4187\" data-image-description=\"\" data-image-caption=\"\" data-medium-file=\"https:\/\/www.legistdf.gob.ar\/wp-content\/uploads\/2018\/08\/IMG_4187-300x200.jpg\" data-large-file=\"https:\/\/www.legistdf.gob.ar\/wp-content\/uploads\/2018\/08\/IMG_4187.jpg\" \/><\/a>\n\t\t\t<\/dt><\/dl><dl class='gallery-item'>\n\t\t\t<dt class='gallery-icon landscape'>\n\t\t\t\t<a href='https:\/\/www.legistdf.gob.ar\/index.php\/2018\/08\/22\/salud-necesitamos-tener-una-atencion-mas-personalizada-en-los-caps-dijo-martinez-allende\/img_4191-2\/'><img loading=\"lazy\" decoding=\"async\" width=\"150\" height=\"150\" src=\"https:\/\/www.legistdf.gob.ar\/wp-content\/uploads\/2018\/08\/IMG_4191-150x150.jpg\" class=\"attachment-thumbnail size-thumbnail\" alt=\"\" srcset=\"https:\/\/www.legistdf.gob.ar\/wp-content\/uploads\/2018\/08\/IMG_4191-150x150.jpg 150w, https:\/\/www.legistdf.gob.ar\/wp-content\/uploads\/2018\/08\/IMG_4191-64x64.jpg 64w\" sizes=\"(max-width: 150px) 100vw, 150px\" data-attachment-id=\"8953\" data-permalink=\"https:\/\/www.legistdf.gob.ar\/index.php\/2018\/08\/22\/salud-necesitamos-tener-una-atencion-mas-personalizada-en-los-caps-dijo-martinez-allende\/img_4191-2\/\" data-orig-file=\"https:\/\/www.legistdf.gob.ar\/wp-content\/uploads\/2018\/08\/IMG_4191.jpg\" data-orig-size=\"1000,667\" data-comments-opened=\"0\" data-image-meta=\"{&quot;aperture&quot;:&quot;0&quot;,&quot;credit&quot;:&quot;&quot;,&quot;camera&quot;:&quot;&quot;,&quot;caption&quot;:&quot;&quot;,&quot;created_timestamp&quot;:&quot;0&quot;,&quot;copyright&quot;:&quot;&quot;,&quot;focal_length&quot;:&quot;0&quot;,&quot;iso&quot;:&quot;0&quot;,&quot;shutter_speed&quot;:&quot;0&quot;,&quot;title&quot;:&quot;&quot;,&quot;orientation&quot;:&quot;0&quot;}\" data-image-title=\"IMG_4191\" data-image-description=\"\" data-image-caption=\"\" data-medium-file=\"https:\/\/www.legistdf.gob.ar\/wp-content\/uploads\/2018\/08\/IMG_4191-300x200.jpg\" data-large-file=\"https:\/\/www.legistdf.gob.ar\/wp-content\/uploads\/2018\/08\/IMG_4191.jpg\" \/><\/a>\n\t\t\t<\/dt><\/dl>\n\t\t\t<br style='clear: both' \/>\n\t\t<\/div>\n\n","protected":false},"excerpt":{"rendered":"<p>&nbsp; Ushuaia, mi\u00e9rcoles 22 de agosto de 2018.- La legisladora Liliana Mart\u00ednez Allende recibi\u00f3 en la Comisi\u00f3n de Salud (5) que preside, al ministro de Salud, Guillermo Ruckauf para abordar temas planteados en un encuentro realizado con anterioridad. La Legisladora adelant\u00f3 que trabajan de forma intensa para reforzar la atenci\u00f3n en todos los centros de [&hellip;]<\/p>\n","protected":false},"author":352,"featured_media":8943,"comment_status":"closed","ping_status":"open","sticky":false,"template":"","format":"standard","meta":{"jetpack_post_was_ever_published":false,"_jetpack_newsletter_access":"","_jetpack_dont_email_post_to_subs":false,"_jetpack_newsletter_tier_id":0,"footnotes":"","jetpack_publicize_message":"","jetpack_publicize_feature_enabled":true,"jetpack_social_post_already_shared":true,"jetpack_social_options":{"image_generator_settings":{"template":"highway","enabled":false}}},"categories":[1],"tags":[158,78,155,48,87],"jetpack_publicize_connections":[],"jetpack_sharing_enabled":true,"jetpack_featured_media_url":"https:\/\/www.legistdf.gob.ar\/wp-content\/uploads\/2018\/08\/IMG_4140.jpg","jetpack-related-posts":[],"_links":{"self":[{"href":"https:\/\/www.legistdf.gob.ar\/index.php\/wp-json\/wp\/v2\/posts\/8939"}],"collection":[{"href":"https:\/\/www.legistdf.gob.ar\/index.php\/wp-json\/wp\/v2\/posts"}],"about":[{"href":"https:\/\/www.legistdf.gob.ar\/index.php\/wp-json\/wp\/v2\/types\/post"}],"author":[{"embeddable":true,"href":"https:\/\/www.legistdf.gob.ar\/index.php\/wp-json\/wp\/v2\/users\/352"}],"replies":[{"embeddable":true,"href":"https:\/\/www.legistdf.gob.ar\/index.php\/wp-json\/wp\/v2\/comments?post=8939"}],"version-history":[{"count":1,"href":"https:\/\/www.legistdf.gob.ar\/index.php\/wp-json\/wp\/v2\/posts\/8939\/revisions"}],"predecessor-version":[{"id":8954,"href":"https:\/\/www.legistdf.gob.ar\/index.php\/wp-json\/wp\/v2\/posts\/8939\/revisions\/8954"}],"wp:featuredmedia":[{"embeddable":true,"href":"https:\/\/www.legistdf.gob.ar\/index.php\/wp-json\/wp\/v2\/media\/8943"}],"wp:attachment":[{"href":"https:\/\/www.legistdf.gob.ar\/index.php\/wp-json\/wp\/v2\/media?parent=8939"}],"wp:term":[{"taxonomy":"category","embeddable":true,"href":"https:\/\/www.legistdf.gob.ar\/index.php\/wp-json\/wp\/v2\/categories?post=8939"},{"taxonomy":"post_tag","embeddable":true,"href":"https:\/\/www.legistdf.gob.ar\/index.php\/wp-json\/wp\/v2\/tags?post=8939"}],"curies":[{"name":"wp","href":"https:\/\/api.w.org\/{rel}","templated":true}]}}