{"id":8957,"date":"2018-08-22T15:45:07","date_gmt":"2018-08-22T18:45:07","guid":{"rendered":"http:\/\/www.legistdf.gob.ar\/?p=8957"},"modified":"2018-08-22T15:45:07","modified_gmt":"2018-08-22T18:45:07","slug":"salud-seminario-de-cannabis-terapeutico-en-ushuaia","status":"publish","type":"post","link":"https:\/\/www.legistdf.gob.ar\/index.php\/2018\/08\/22\/salud-seminario-de-cannabis-terapeutico-en-ushuaia\/","title":{"rendered":"SALUD: Seminario de cannabis terap\u00e9utico en Ushuaia  \u00a0  \u00a0"},"content":{"rendered":"<p><strong>Ushuaia, mi\u00e9rcoles 22 de agosto de 2018.- La legisladora Myriam Mart\u00ednez invita a participar del seminario \u201cCannabis terap\u00e9utico y salud\u201d en el gimnasio de la escuela N\u00ba 3. Entre los temas a tratar se proyecta abordar la regulaci\u00f3n del cannabis medicinal, que se convirti\u00f3 en Ley en marzo y reglamentada en septiembre de 2017.<\/strong><\/p>\n<p><strong>\u00a0<\/strong><\/p>\n<p>Del evento, que comenzar\u00e1 a las 14 de este s\u00e1bado 25 en Ushuaia, disertar\u00e1n Sebasti\u00e1n Basalo, director de la revista THC, medio especializado en cannabis de Latinoam\u00e9rica; el Dr. Carlos Magdalena, neur\u00f3logo especialista en cannabis medicinal y director de neurolog\u00eda del hospital Guti\u00e9rrez, Mario Juliano, juez del Tribunal Criminal N\u00ba 1 de Necochea; Juli\u00e1n Lemus, fundador de Cultivadores Solidarios Argentina y del proyecto de cannabis y salud de la Universidad Nacional de la Plata (UNLP) y Mar\u00eda Eugenia Sar, abuela de un ni\u00f1o que utiliza cannabis medicinal.<\/p>\n<p>&nbsp;<\/p>\n<p>El encuentro est\u00e1 previsto para toda la jornada del s\u00e1bado, con exposici\u00f3n y posterior debate con preguntas.<\/p>\n<p>&nbsp;<\/p>\n<p>Los temas a desarrollar son la regulaci\u00f3n del cannabis medicinal; introducci\u00f3n a la tem\u00e1tica; \u201cBreve historia del prohibicionismo en Argentina, perspectivas futuras\u201d; \u201cAutocultivo y extracciones de cannabis\u201d y la experiencia en la utilizaci\u00f3n de cannabis medicinal y recursos de amparo.<\/p>\n<p>&nbsp;<\/p>\n<p>La Ley nacional 27.350 &#8211; Uso medicinal del cannabis y sus derivados, tiene por objeto establecer un marco regulatorio para la investigaci\u00f3n m\u00e9dica y cient\u00edfica del uso medicinal, terap\u00e9utico y\/o paliativo del dolor de la planta de cannabis y sus derivados, para garantizar y promover el cuidado integral de la salud.<\/p>\n<p>&nbsp;<\/p>\n<p>Cabe mencionar que la Legislatura fueguina tratar\u00e1 en la pr\u00f3xima sesi\u00f3n el asunto 376\/18, impulsado por el bloque del FPV- PJ, para declarar de inter\u00e9s provincial el Seminario.<\/p>\n<p>&nbsp;<\/p>\n\n\t\t<style type=\"text\/css\">\n\t\t\t#gallery-1 {\n\t\t\t\tmargin: auto;\n\t\t\t}\n\t\t\t#gallery-1 .gallery-item {\n\t\t\t\tfloat: left;\n\t\t\t\tmargin-top: 10px;\n\t\t\t\ttext-align: center;\n\t\t\t\twidth: 100%;\n\t\t\t}\n\t\t\t#gallery-1 img {\n\t\t\t\tborder: 2px solid #cfcfcf;\n\t\t\t}\n\t\t\t#gallery-1 .gallery-caption {\n\t\t\t\tmargin-left: 0;\n\t\t\t}\n\t\t\t\/* see gallery_shortcode() in wp-includes\/media.php *\/\n\t\t<\/style>\n\t\t<div data-carousel-extra='{\"blog_id\":1,\"permalink\":\"https:\\\/\\\/www.legistdf.gob.ar\\\/index.php\\\/2018\\\/08\\\/22\\\/salud-seminario-de-cannabis-terapeutico-en-ushuaia\\\/\"}' id='gallery-1' class='gallery galleryid-8957 gallery-columns-1 gallery-size-thumbnail'><dl class='gallery-item'>\n\t\t\t<dt class='gallery-icon portrait'>\n\t\t\t\t<a href='https:\/\/www.legistdf.gob.ar\/index.php\/2018\/08\/22\/salud-seminario-de-cannabis-terapeutico-en-ushuaia\/img-20180822-wa0012\/'><img loading=\"lazy\" decoding=\"async\" width=\"150\" height=\"150\" src=\"https:\/\/www.legistdf.gob.ar\/wp-content\/uploads\/2018\/08\/IMG-20180822-WA0012-150x150.jpg\" class=\"attachment-thumbnail size-thumbnail\" alt=\"\" srcset=\"https:\/\/www.legistdf.gob.ar\/wp-content\/uploads\/2018\/08\/IMG-20180822-WA0012-150x150.jpg 150w, https:\/\/www.legistdf.gob.ar\/wp-content\/uploads\/2018\/08\/IMG-20180822-WA0012-64x64.jpg 64w\" sizes=\"(max-width: 150px) 100vw, 150px\" data-attachment-id=\"8959\" data-permalink=\"https:\/\/www.legistdf.gob.ar\/index.php\/2018\/08\/22\/salud-seminario-de-cannabis-terapeutico-en-ushuaia\/img-20180822-wa0012\/\" data-orig-file=\"https:\/\/www.legistdf.gob.ar\/wp-content\/uploads\/2018\/08\/IMG-20180822-WA0012.jpg\" data-orig-size=\"904,1280\" data-comments-opened=\"0\" data-image-meta=\"{&quot;aperture&quot;:&quot;0&quot;,&quot;credit&quot;:&quot;&quot;,&quot;camera&quot;:&quot;&quot;,&quot;caption&quot;:&quot;&quot;,&quot;created_timestamp&quot;:&quot;0&quot;,&quot;copyright&quot;:&quot;&quot;,&quot;focal_length&quot;:&quot;0&quot;,&quot;iso&quot;:&quot;0&quot;,&quot;shutter_speed&quot;:&quot;0&quot;,&quot;title&quot;:&quot;&quot;,&quot;orientation&quot;:&quot;0&quot;}\" data-image-title=\"IMG-20180822-WA0012\" data-image-description=\"\" data-image-caption=\"\" data-medium-file=\"https:\/\/www.legistdf.gob.ar\/wp-content\/uploads\/2018\/08\/IMG-20180822-WA0012-212x300.jpg\" data-large-file=\"https:\/\/www.legistdf.gob.ar\/wp-content\/uploads\/2018\/08\/IMG-20180822-WA0012-723x1024.jpg\" \/><\/a>\n\t\t\t<\/dt><\/dl><br style=\"clear: both\" \/>\n\t\t<\/div>\n\n","protected":false},"excerpt":{"rendered":"<p>Ushuaia, mi\u00e9rcoles 22 de agosto de 2018.- La legisladora Myriam Mart\u00ednez invita a participar del seminario \u201cCannabis terap\u00e9utico y salud\u201d en el gimnasio de la escuela N\u00ba 3. Entre los temas a tratar se proyecta abordar la regulaci\u00f3n del cannabis medicinal, que se convirti\u00f3 en Ley en marzo y reglamentada en septiembre de 2017. \u00a0 [&hellip;]<\/p>\n","protected":false},"author":352,"featured_media":8959,"comment_status":"closed","ping_status":"open","sticky":false,"template":"","format":"standard","meta":{"jetpack_post_was_ever_published":false,"_jetpack_newsletter_access":"","_jetpack_dont_email_post_to_subs":false,"_jetpack_newsletter_tier_id":0,"footnotes":"","jetpack_publicize_message":"","jetpack_publicize_feature_enabled":true,"jetpack_social_post_already_shared":true,"jetpack_social_options":{"image_generator_settings":{"template":"highway","enabled":false}}},"categories":[1],"tags":[445,78,82,446,87],"jetpack_publicize_connections":[],"jetpack_sharing_enabled":true,"jetpack_featured_media_url":"https:\/\/www.legistdf.gob.ar\/wp-content\/uploads\/2018\/08\/IMG-20180822-WA0012.jpg","jetpack-related-posts":[],"_links":{"self":[{"href":"https:\/\/www.legistdf.gob.ar\/index.php\/wp-json\/wp\/v2\/posts\/8957"}],"collection":[{"href":"https:\/\/www.legistdf.gob.ar\/index.php\/wp-json\/wp\/v2\/posts"}],"about":[{"href":"https:\/\/www.legistdf.gob.ar\/index.php\/wp-json\/wp\/v2\/types\/post"}],"author":[{"embeddable":true,"href":"https:\/\/www.legistdf.gob.ar\/index.php\/wp-json\/wp\/v2\/users\/352"}],"replies":[{"embeddable":true,"href":"https:\/\/www.legistdf.gob.ar\/index.php\/wp-json\/wp\/v2\/comments?post=8957"}],"version-history":[{"count":2,"href":"https:\/\/www.legistdf.gob.ar\/index.php\/wp-json\/wp\/v2\/posts\/8957\/revisions"}],"predecessor-version":[{"id":8961,"href":"https:\/\/www.legistdf.gob.ar\/index.php\/wp-json\/wp\/v2\/posts\/8957\/revisions\/8961"}],"wp:featuredmedia":[{"embeddable":true,"href":"https:\/\/www.legistdf.gob.ar\/index.php\/wp-json\/wp\/v2\/media\/8959"}],"wp:attachment":[{"href":"https:\/\/www.legistdf.gob.ar\/index.php\/wp-json\/wp\/v2\/media?parent=8957"}],"wp:term":[{"taxonomy":"category","embeddable":true,"href":"https:\/\/www.legistdf.gob.ar\/index.php\/wp-json\/wp\/v2\/categories?post=8957"},{"taxonomy":"post_tag","embeddable":true,"href":"https:\/\/www.legistdf.gob.ar\/index.php\/wp-json\/wp\/v2\/tags?post=8957"}],"curies":[{"name":"wp","href":"https:\/\/api.w.org\/{rel}","templated":true}]}}