{"id":8962,"date":"2018-08-22T17:17:02","date_gmt":"2018-08-22T20:17:02","guid":{"rendered":"http:\/\/www.legistdf.gob.ar\/?p=8962"},"modified":"2018-08-22T17:17:02","modified_gmt":"2018-08-22T20:17:02","slug":"comisiones-la-comision-de-legislacion-general-dictamino-por-trabajo-docente-y-cartografia","status":"publish","type":"post","link":"https:\/\/www.legistdf.gob.ar\/index.php\/2018\/08\/22\/comisiones-la-comision-de-legislacion-general-dictamino-por-trabajo-docente-y-cartografia\/","title":{"rendered":"COMISIONES: La Comisi\u00f3n de Legislaci\u00f3n General dictamin\u00f3 por trabajo docente y cartograf\u00eda"},"content":{"rendered":"<p><strong>Ushuaia, mi\u00e9rcoles 22 de agosto de 2018.- La legisladora Myriam Mart\u00ednez (FPV \u2013 PJ) presidi\u00f3 el encuentro de la Comisi\u00f3n 1 de Legislaci\u00f3n General, donde junto a sus pares dio dictamen a los asuntos sobre la derogaci\u00f3n del art\u00edculo 49 sobre el r\u00e9gimen laboral del trabajador docente y otro, que establece las actualizaciones de las normas referidas a la cartograf\u00eda provincial. Respecto del asunto que trata sobre bomberos voluntarios, luego de un arduo debate, el asunto N\u00ba 248\/18, continuar\u00e1 su tr\u00e1nsito legislativo a las comisiones de Presupuesto (2) y Salud (5).<\/strong><\/p>\n<p>&nbsp;<\/p>\n<p>Respecto del asunto que aborda la cuesti\u00f3n de bomberos voluntarios, participaron del encuentro el secretario de Protecci\u00f3n Civil, Eduardo Barrientos y referentes de la Federaci\u00f3n de Asociaciones de Bomberos Volutarios Tierra del Fuego, de las tres ciudades fuguinas. En ese momento, expusieron sobre la necesidad de Obra Social del Estado fueguino (OSEF) y acceso a la jubilaci\u00f3n en reconocimiento a las tareas que realizan los servidores p\u00fablicos.<\/p>\n<p>&nbsp;<\/p>\n<p>En un breve contacto con Prensa Legislativa, la titular de ese espacio, se\u00f1al\u00f3 que luego del intenso debate, el asunto, que es un proyecto del Poder Ejecutivo fueguino, continuar\u00e1 en an\u00e1lisis parlamentario en las comisiones 2 y 5. Se trata de un proyecto de ley que busca la modificaci\u00f3n de las leyes 345, 414 y 736 (Bomberos Voluntarios).<\/p>\n<p>&nbsp;<\/p>\n<p>Por su parte, se alcanz\u00f3 consenso en la Comisi\u00f3n para dar dictamen al asuntos 260\/18 sobre la derogaci\u00f3n del art\u00edculo 49 de la Ley provincial N\u00ba 631 &#8211; R\u00e9gimen Laboral del trabajador docente, iniciativa del Gobierno fueguino.<\/p>\n<p>&nbsp;<\/p>\n<p>Ese texto, en los fundamentos menciona que \u201cen el entendimiento del mencionado l\u00edmite actualmente en nada se vincula al requisito de idoneidad necesario para ejercer un cargo docente, y que su vigencia en colisi\u00f3n con preceptos constitucionales\u201d.<\/p>\n<p>&nbsp;<\/p>\n<p>La vigencia de esta normativa \u201catenta contra derechos y garant\u00edas reconocidos en nuestra Constituci\u00f3n Provincial, en especial su art\u00edculo 14\u201d, sostiene el proyecto.<\/p>\n<p>&nbsp;<\/p>\n<p>La sanci\u00f3n de este proyecto, elimina limitaciones infundadas y contrarias a las normas constitucionales, garantizar\u00e1 a los trabajadores de la educaci\u00f3n el derecho a trabajar y acceder a los cargos sin distinci\u00f3n de edad, en condiciones de igualdad y sin otra condici\u00f3n que la idoneidad. Evita el dispendio jurisdiccional frente a la necesidad de accionar judicialmente por parte de quienes se vean afectados por la norma vigente.<\/p>\n<p>&nbsp;<\/p>\n<p>El asunto 190\/18, presentado por las legisladoras Angelina Carrasco y Marcela G\u00f3mez (FPV \u2013 PJ), tom\u00f3 estado parlamentario en la sesi\u00f3n del 24 de mayo pasado y fue girado a las comisiones de Legislaci\u00f3n General (1) y Educaci\u00f3n (4). Seg\u00fan sus autoras, su \u201cobjetivo final es la concientizaci\u00f3n respecto de las dimensiones reales del territorio nacional y provincial y la reafirmaci\u00f3n de nuestros derechos soberanos, como instrumento de pol\u00edtica de Estado\u201d.<\/p>\n<p>&nbsp;<\/p>\n<p>El proyecto de ley, que consta de ocho art\u00edculos, se enmarca en la Ley nacional N\u00b0 26.651, que establece \u201cla obligatoriedad de utilizar, en todos los niveles y modalidades del sistema educativo como as\u00ed tambi\u00e9n en su exhibici\u00f3n p\u00fablica en todos los organismos nacionales y provinciales, el mapa bicontinental de la Rep\u00fablica Argentina, el cual muestra el sector ant\u00e1rtico en su real proporci\u00f3n con relaci\u00f3n al sector continental e insular\u201d.<\/p>\n<p>&nbsp;<\/p>\n<p>La norma propuesta, en su primer art\u00edculo, reconoce a la Rep\u00fablica Argentina y a la Provincia de Tierra del Fuego, Ant\u00e1rtida e Islas del Atl\u00e1ntico Sur como pa\u00eds y provincia bicontinentales, respectivamente. As\u00ed, plantea como objetivos la difusi\u00f3n y ense\u00f1anza de: Los derechos de soberan\u00eda argentina y fueguina sobre el sector ant\u00e1rtico; las actividades de investigaci\u00f3n cient\u00edfica en la zona; la cuesti\u00f3n Malvinas y otros temas referentes al l\u00edmite de la plataforma continental.<\/p>\n<p>&nbsp;<\/p>\n<p>El art\u00edculo 2\u00b0 dispone, en el \u00e1mbito de la Provincia, la obligatoriedad de utilizar en todos los niveles y modalidades del sistema educativo provincial, el mapa bicontinental de la Rep\u00fablica Argentina y el mapa bicontinental de la Provincia de Tierra del Fuego, Ant\u00e1rtida e Islas del Atl\u00e1ntico Sur, los cuales muestran el sector ant\u00e1rtico en su real proporci\u00f3n con relaci\u00f3n al sector continental e insular. Tambi\u00e9n, propone su exhibici\u00f3n p\u00fablica en todos los organismos provinciales y actividades culturales.<\/p>\n<p>&nbsp;<\/p>\n<p>Participaron del encuentro los legisladores Angelina Carrasco, Marcela G\u00f3mez, Federico Bilota y Ricardo Romano (FPV \u2013 PJ); Oscar Rubinos, Liliana Mart\u00ednez Allende y Pablo Blanco (UCR \u2013 Cambiemos) y Pablo Villegas (MPF).<\/p>\n<p>&nbsp;<\/p>\n\n\t\t<style type=\"text\/css\">\n\t\t\t#gallery-1 {\n\t\t\t\tmargin: auto;\n\t\t\t}\n\t\t\t#gallery-1 .gallery-item {\n\t\t\t\tfloat: left;\n\t\t\t\tmargin-top: 10px;\n\t\t\t\ttext-align: center;\n\t\t\t\twidth: 33%;\n\t\t\t}\n\t\t\t#gallery-1 img {\n\t\t\t\tborder: 2px solid #cfcfcf;\n\t\t\t}\n\t\t\t#gallery-1 .gallery-caption {\n\t\t\t\tmargin-left: 0;\n\t\t\t}\n\t\t\t\/* see gallery_shortcode() in wp-includes\/media.php *\/\n\t\t<\/style>\n\t\t<div data-carousel-extra='{\"blog_id\":1,\"permalink\":\"https:\\\/\\\/www.legistdf.gob.ar\\\/index.php\\\/2018\\\/08\\\/22\\\/comisiones-la-comision-de-legislacion-general-dictamino-por-trabajo-docente-y-cartografia\\\/\"}' id='gallery-1' class='gallery galleryid-8962 gallery-columns-3 gallery-size-thumbnail'><dl class='gallery-item'>\n\t\t\t<dt class='gallery-icon landscape'>\n\t\t\t\t<a href='https:\/\/www.legistdf.gob.ar\/index.php\/2018\/08\/22\/comisiones-la-comision-de-legislacion-general-dictamino-por-trabajo-docente-y-cartografia\/img_4439\/'><img loading=\"lazy\" decoding=\"async\" width=\"150\" height=\"150\" src=\"https:\/\/www.legistdf.gob.ar\/wp-content\/uploads\/2018\/08\/IMG_4439-150x150.jpg\" class=\"attachment-thumbnail size-thumbnail\" alt=\"\" srcset=\"https:\/\/www.legistdf.gob.ar\/wp-content\/uploads\/2018\/08\/IMG_4439-150x150.jpg 150w, https:\/\/www.legistdf.gob.ar\/wp-content\/uploads\/2018\/08\/IMG_4439-64x64.jpg 64w\" sizes=\"(max-width: 150px) 100vw, 150px\" data-attachment-id=\"8963\" data-permalink=\"https:\/\/www.legistdf.gob.ar\/index.php\/2018\/08\/22\/comisiones-la-comision-de-legislacion-general-dictamino-por-trabajo-docente-y-cartografia\/img_4439\/\" data-orig-file=\"https:\/\/www.legistdf.gob.ar\/wp-content\/uploads\/2018\/08\/IMG_4439.jpg\" data-orig-size=\"1000,667\" data-comments-opened=\"0\" data-image-meta=\"{&quot;aperture&quot;:&quot;5&quot;,&quot;credit&quot;:&quot;PrensaLegislativa2015&quot;,&quot;camera&quot;:&quot;Canon EOS 70D&quot;,&quot;caption&quot;:&quot;&quot;,&quot;created_timestamp&quot;:&quot;1534931720&quot;,&quot;copyright&quot;:&quot;&quot;,&quot;focal_length&quot;:&quot;24&quot;,&quot;iso&quot;:&quot;1000&quot;,&quot;shutter_speed&quot;:&quot;0.008&quot;,&quot;title&quot;:&quot;&quot;,&quot;orientation&quot;:&quot;0&quot;}\" data-image-title=\"IMG_4439\" data-image-description=\"\" data-image-caption=\"\" data-medium-file=\"https:\/\/www.legistdf.gob.ar\/wp-content\/uploads\/2018\/08\/IMG_4439-300x200.jpg\" data-large-file=\"https:\/\/www.legistdf.gob.ar\/wp-content\/uploads\/2018\/08\/IMG_4439.jpg\" \/><\/a>\n\t\t\t<\/dt><\/dl><dl class='gallery-item'>\n\t\t\t<dt class='gallery-icon landscape'>\n\t\t\t\t<a href='https:\/\/www.legistdf.gob.ar\/index.php\/2018\/08\/22\/comisiones-la-comision-de-legislacion-general-dictamino-por-trabajo-docente-y-cartografia\/img_4455\/'><img loading=\"lazy\" decoding=\"async\" width=\"150\" height=\"150\" src=\"https:\/\/www.legistdf.gob.ar\/wp-content\/uploads\/2018\/08\/IMG_4455-150x150.jpg\" class=\"attachment-thumbnail size-thumbnail\" alt=\"\" srcset=\"https:\/\/www.legistdf.gob.ar\/wp-content\/uploads\/2018\/08\/IMG_4455-150x150.jpg 150w, https:\/\/www.legistdf.gob.ar\/wp-content\/uploads\/2018\/08\/IMG_4455-64x64.jpg 64w\" sizes=\"(max-width: 150px) 100vw, 150px\" data-attachment-id=\"8964\" data-permalink=\"https:\/\/www.legistdf.gob.ar\/index.php\/2018\/08\/22\/comisiones-la-comision-de-legislacion-general-dictamino-por-trabajo-docente-y-cartografia\/img_4455\/\" data-orig-file=\"https:\/\/www.legistdf.gob.ar\/wp-content\/uploads\/2018\/08\/IMG_4455.jpg\" data-orig-size=\"1000,667\" data-comments-opened=\"0\" data-image-meta=\"{&quot;aperture&quot;:&quot;4&quot;,&quot;credit&quot;:&quot;PrensaLegislativa2015&quot;,&quot;camera&quot;:&quot;Canon EOS 70D&quot;,&quot;caption&quot;:&quot;&quot;,&quot;created_timestamp&quot;:&quot;1534931867&quot;,&quot;copyright&quot;:&quot;&quot;,&quot;focal_length&quot;:&quot;59&quot;,&quot;iso&quot;:&quot;1000&quot;,&quot;shutter_speed&quot;:&quot;0.008&quot;,&quot;title&quot;:&quot;&quot;,&quot;orientation&quot;:&quot;0&quot;}\" data-image-title=\"IMG_4455\" data-image-description=\"\" data-image-caption=\"\" data-medium-file=\"https:\/\/www.legistdf.gob.ar\/wp-content\/uploads\/2018\/08\/IMG_4455-300x200.jpg\" data-large-file=\"https:\/\/www.legistdf.gob.ar\/wp-content\/uploads\/2018\/08\/IMG_4455.jpg\" \/><\/a>\n\t\t\t<\/dt><\/dl><dl class='gallery-item'>\n\t\t\t<dt class='gallery-icon landscape'>\n\t\t\t\t<a href='https:\/\/www.legistdf.gob.ar\/index.php\/2018\/08\/22\/comisiones-la-comision-de-legislacion-general-dictamino-por-trabajo-docente-y-cartografia\/img_4474\/'><img loading=\"lazy\" decoding=\"async\" width=\"150\" height=\"150\" src=\"https:\/\/www.legistdf.gob.ar\/wp-content\/uploads\/2018\/08\/IMG_4474-150x150.jpg\" class=\"attachment-thumbnail size-thumbnail\" alt=\"\" srcset=\"https:\/\/www.legistdf.gob.ar\/wp-content\/uploads\/2018\/08\/IMG_4474-150x150.jpg 150w, https:\/\/www.legistdf.gob.ar\/wp-content\/uploads\/2018\/08\/IMG_4474-64x64.jpg 64w\" sizes=\"(max-width: 150px) 100vw, 150px\" data-attachment-id=\"8965\" data-permalink=\"https:\/\/www.legistdf.gob.ar\/index.php\/2018\/08\/22\/comisiones-la-comision-de-legislacion-general-dictamino-por-trabajo-docente-y-cartografia\/img_4474\/\" data-orig-file=\"https:\/\/www.legistdf.gob.ar\/wp-content\/uploads\/2018\/08\/IMG_4474.jpg\" data-orig-size=\"1000,667\" data-comments-opened=\"0\" data-image-meta=\"{&quot;aperture&quot;:&quot;5&quot;,&quot;credit&quot;:&quot;PrensaLegislativa2015&quot;,&quot;camera&quot;:&quot;Canon EOS 70D&quot;,&quot;caption&quot;:&quot;&quot;,&quot;created_timestamp&quot;:&quot;1534932023&quot;,&quot;copyright&quot;:&quot;&quot;,&quot;focal_length&quot;:&quot;35&quot;,&quot;iso&quot;:&quot;1000&quot;,&quot;shutter_speed&quot;:&quot;0.008&quot;,&quot;title&quot;:&quot;&quot;,&quot;orientation&quot;:&quot;0&quot;}\" data-image-title=\"IMG_4474\" data-image-description=\"\" data-image-caption=\"\" data-medium-file=\"https:\/\/www.legistdf.gob.ar\/wp-content\/uploads\/2018\/08\/IMG_4474-300x200.jpg\" data-large-file=\"https:\/\/www.legistdf.gob.ar\/wp-content\/uploads\/2018\/08\/IMG_4474.jpg\" \/><\/a>\n\t\t\t<\/dt><\/dl><br style=\"clear: both\" \/><dl class='gallery-item'>\n\t\t\t<dt class='gallery-icon landscape'>\n\t\t\t\t<a href='https:\/\/www.legistdf.gob.ar\/index.php\/2018\/08\/22\/comisiones-la-comision-de-legislacion-general-dictamino-por-trabajo-docente-y-cartografia\/img_4494\/'><img loading=\"lazy\" decoding=\"async\" width=\"150\" height=\"150\" src=\"https:\/\/www.legistdf.gob.ar\/wp-content\/uploads\/2018\/08\/IMG_4494-150x150.jpg\" class=\"attachment-thumbnail size-thumbnail\" alt=\"\" srcset=\"https:\/\/www.legistdf.gob.ar\/wp-content\/uploads\/2018\/08\/IMG_4494-150x150.jpg 150w, https:\/\/www.legistdf.gob.ar\/wp-content\/uploads\/2018\/08\/IMG_4494-64x64.jpg 64w\" sizes=\"(max-width: 150px) 100vw, 150px\" data-attachment-id=\"8966\" data-permalink=\"https:\/\/www.legistdf.gob.ar\/index.php\/2018\/08\/22\/comisiones-la-comision-de-legislacion-general-dictamino-por-trabajo-docente-y-cartografia\/img_4494\/\" data-orig-file=\"https:\/\/www.legistdf.gob.ar\/wp-content\/uploads\/2018\/08\/IMG_4494.jpg\" data-orig-size=\"1000,667\" data-comments-opened=\"0\" data-image-meta=\"{&quot;aperture&quot;:&quot;4&quot;,&quot;credit&quot;:&quot;PrensaLegislativa2015&quot;,&quot;camera&quot;:&quot;Canon EOS 70D&quot;,&quot;caption&quot;:&quot;&quot;,&quot;created_timestamp&quot;:&quot;1534932474&quot;,&quot;copyright&quot;:&quot;&quot;,&quot;focal_length&quot;:&quot;31&quot;,&quot;iso&quot;:&quot;800&quot;,&quot;shutter_speed&quot;:&quot;0.008&quot;,&quot;title&quot;:&quot;&quot;,&quot;orientation&quot;:&quot;0&quot;}\" data-image-title=\"IMG_4494\" data-image-description=\"\" data-image-caption=\"\" data-medium-file=\"https:\/\/www.legistdf.gob.ar\/wp-content\/uploads\/2018\/08\/IMG_4494-300x200.jpg\" data-large-file=\"https:\/\/www.legistdf.gob.ar\/wp-content\/uploads\/2018\/08\/IMG_4494.jpg\" \/><\/a>\n\t\t\t<\/dt><\/dl>\n\t\t\t<br style='clear: both' \/>\n\t\t<\/div>\n\n","protected":false},"excerpt":{"rendered":"<p>Ushuaia, mi\u00e9rcoles 22 de agosto de 2018.- La legisladora Myriam Mart\u00ednez (FPV \u2013 PJ) presidi\u00f3 el encuentro de la Comisi\u00f3n 1 de Legislaci\u00f3n General, donde junto a sus pares dio dictamen a los asuntos sobre la derogaci\u00f3n del art\u00edculo 49 sobre el r\u00e9gimen laboral del trabajador docente y otro, que establece las actualizaciones de las [&hellip;]<\/p>\n","protected":false},"author":352,"featured_media":8963,"comment_status":"closed","ping_status":"open","sticky":false,"template":"","format":"standard","meta":{"jetpack_post_was_ever_published":false,"_jetpack_newsletter_access":"","_jetpack_dont_email_post_to_subs":false,"_jetpack_newsletter_tier_id":0,"footnotes":"","jetpack_publicize_message":"","jetpack_publicize_feature_enabled":true,"jetpack_social_post_already_shared":true,"jetpack_social_options":{"image_generator_settings":{"template":"highway","enabled":false}}},"categories":[1],"tags":[84,85,78,82,79,87],"jetpack_publicize_connections":[],"jetpack_sharing_enabled":true,"jetpack_featured_media_url":"https:\/\/www.legistdf.gob.ar\/wp-content\/uploads\/2018\/08\/IMG_4439.jpg","jetpack-related-posts":[],"_links":{"self":[{"href":"https:\/\/www.legistdf.gob.ar\/index.php\/wp-json\/wp\/v2\/posts\/8962"}],"collection":[{"href":"https:\/\/www.legistdf.gob.ar\/index.php\/wp-json\/wp\/v2\/posts"}],"about":[{"href":"https:\/\/www.legistdf.gob.ar\/index.php\/wp-json\/wp\/v2\/types\/post"}],"author":[{"embeddable":true,"href":"https:\/\/www.legistdf.gob.ar\/index.php\/wp-json\/wp\/v2\/users\/352"}],"replies":[{"embeddable":true,"href":"https:\/\/www.legistdf.gob.ar\/index.php\/wp-json\/wp\/v2\/comments?post=8962"}],"version-history":[{"count":1,"href":"https:\/\/www.legistdf.gob.ar\/index.php\/wp-json\/wp\/v2\/posts\/8962\/revisions"}],"predecessor-version":[{"id":8967,"href":"https:\/\/www.legistdf.gob.ar\/index.php\/wp-json\/wp\/v2\/posts\/8962\/revisions\/8967"}],"wp:featuredmedia":[{"embeddable":true,"href":"https:\/\/www.legistdf.gob.ar\/index.php\/wp-json\/wp\/v2\/media\/8963"}],"wp:attachment":[{"href":"https:\/\/www.legistdf.gob.ar\/index.php\/wp-json\/wp\/v2\/media?parent=8962"}],"wp:term":[{"taxonomy":"category","embeddable":true,"href":"https:\/\/www.legistdf.gob.ar\/index.php\/wp-json\/wp\/v2\/categories?post=8962"},{"taxonomy":"post_tag","embeddable":true,"href":"https:\/\/www.legistdf.gob.ar\/index.php\/wp-json\/wp\/v2\/tags?post=8962"}],"curies":[{"name":"wp","href":"https:\/\/api.w.org\/{rel}","templated":true}]}}