{"id":8971,"date":"2018-08-22T19:28:22","date_gmt":"2018-08-22T22:28:22","guid":{"rendered":"http:\/\/www.legistdf.gob.ar\/?p=8971"},"modified":"2018-08-22T19:28:22","modified_gmt":"2018-08-22T22:28:22","slug":"economia-analizaron-ampliacion-de-recursos-para-obras-publicas-de-la-provincia","status":"publish","type":"post","link":"https:\/\/www.legistdf.gob.ar\/index.php\/2018\/08\/22\/economia-analizaron-ampliacion-de-recursos-para-obras-publicas-de-la-provincia\/","title":{"rendered":"ECONOM\u00cdA: Analizaron ampliaci\u00f3n de recursos para obras p\u00fablicas de la Provincia"},"content":{"rendered":"<p>&nbsp;<\/p>\n<p><strong>Ushuaia, mi\u00e9rcoles 22 de agosto de 2018.- Las Comisiones de Econom\u00eda (2) y Obras P\u00fablicas (3) del Parlamento, abordaron en conjunto <\/strong><strong>el asunto N\u00ba 280\/18 Mensaje N\u00ba 12\/18 del Poder Ejecutivo provincial. El encuentro, fue presidido por los legisladores Pablo Blanco (UCR \u2013 Cambiemos) y Federico Bilota (FPV \u2013 PJ). Tambi\u00e9n, participaron el ministro de Econom\u00eda Jos\u00e9 Labroca; el ministro de Obras P\u00fablicas, Luis V\u00e1zquez, junto a sus equipos t\u00e9cnicos.\u00a0 <\/strong><\/p>\n<p>&nbsp;<\/p>\n<p>All\u00ed ambas carteras explicaron los alcances de las obras de infraestructura, que se llevan adelante en las tres ciudades de la Provincia. De este modo, brindaron precisiones sobre los porcentajes de los avances en cada una de las obras y los montos ejecutados hasta el momento, en relaci\u00f3n a la Ley provincial N\u00ba 1.149. Esta norma, refiere a la emisi\u00f3n de t\u00edtulos de deuda, autorizados por la Ley provincial N\u00ba 1.061 y los recursos obtenidos a trav\u00e9s del fondo de garant\u00eda de sustentabilidad Ley nacional N\u00ba 27.260.<\/p>\n<p>&nbsp;<\/p>\n<p>Cabe se\u00f1alar, que producto de esta emisi\u00f3n autorizada mediante art\u00edculo 12 de la Ley provincial N\u00b0 1132, la Provincia deposit\u00f3 en el banco de Tierra del Fuego m\u00e1s de 189 millones de d\u00f3lares. De acuerdo a esto, se financian las siguientes obras de infraestructura: \u201cPlantas de tratamiento cloacal Ushuaia; microestadio R\u00edo Grande complejo deportivo de la margen sur; desarrollo troncal de fibra \u00f3ptica; desarrollo costero Canal Beagle; reparaci\u00f3n edificios p\u00fablicos, alimentaci\u00f3n de red de gas natural en sector barrio de Andorra parte II\u201d, entre otras.<\/p>\n<p>&nbsp;<\/p>\n<p>El mensaje 12\/18 del Poder Ejecutivo provincial, firmado por la gobernadora Dra. Rosana Bertone, refiere que \u201cdurante los \u00faltimos meses se registr\u00f3 una excesiva volatilidad en el Mercado \u00danico y Libre de Cambios (MULC), que afect\u00f3 la cotizaci\u00f3n de la divisa que se encuentran depositados dichos fondos. De esta forma, s\u00f3lo por tenencia de moneda el Tesoro de la Provincia registr\u00f3 un incremento patrimonial del orden del 89%\u201d, al 3 de julio de este a\u00f1o.<\/p>\n<p>&nbsp;<\/p>\n<p>En tanto, sostiene que \u201csin perjuicio de lo anterior, no deja de ser cierta la necesidad de reservar los fondos suficientes que permitan ejecutar hoy y en el futuro mediato las obras previstas, tomando en cuenta el aumento de costos que tambi\u00e9n se registraron en este mismo lapso. Para ello, la presente iniciativa de Ley consider\u00f3 como par\u00e1metro objetivo para la redeterminaci\u00f3n de precios a las variaciones en el \u00cdndice del Costo de la Construcci\u00f3n (ICC) informadas mensualmente por el Instituto Nacional de Estad\u00edstica y Censos (INDEC)\u201d.<\/p>\n<p>&nbsp;<\/p>\n<p>En tanto, el titular de la cartera econ\u00f3mica fueguina, cont\u00f3 a los Legisladores que se realizaron encuentros con los miembros del Tribunal de Cuentas de la Provincia, donde \u201cse propuso a la Gobernadora la posibilidad de concretar determinadas obras, tomando los recaudos necesarios\u201d. El Ministro present\u00f3 el plan de obras, que figuraba en el anexo 1 de la documental que aport\u00f3 en el encuentro, y se\u00f1al\u00f3 que est\u00e1 pensado con el equipo de gesti\u00f3n de la Gobernaci\u00f3n.<\/p>\n<p>&nbsp;<\/p>\n<p>En la Ley \u201cpedimos la autorizaci\u00f3n\u201d de ciertos art\u00edculos. Ejemplific\u00f3 con el ejemplo del art\u00edculo 4. En ese sentido, aclar\u00f3 que no \u201cingresar\u00e9 en una discusi\u00f3n pol\u00edtica\u201d y detall\u00f3: \u201cNo estamos recibiendo fondos de obras, que en general Naci\u00f3n se comprometi\u00f3\u201d, dijo. Enumer\u00f3 la obra del Hospital Regional Ushuaia, Fideicomiso Austral, el FIR, hospital de Tolhuin, rotonda del barrio Malvinas Argentinas en R\u00edo Grande, entre otras. \u201cLos fondos vienen tarde o todav\u00eda no llegaron\u201d.<\/p>\n<p>&nbsp;<\/p>\n<p>Sobre la determinaci\u00f3n de la Dra. Bertone, Labrocca consider\u00f3 que si se ten\u00edan los fondos disponibles para pagar los certificados, \u201ccomo adelanto financiero, hasta tanto Naci\u00f3n restituya esos fondos\u201d. En este punto, se esperanz\u00f3 ante los Parlamentarios y dijo: \u201cCreemos que lo va a hacer\u201d.<\/p>\n<p>&nbsp;<\/p>\n<p>Adem\u00e1s, estuvieron presentes en la reuni\u00f3n los legisladores M\u00f3nica Urquiza, Pablo Villegas, Dami\u00e1n L\u00f6ffler, Cristina Boyadjian (MPF); Angelina Carrasco; Marcela G\u00f3mez, Andrea Freites, Ricardo Furlan, Ricardo Romano, Daniel Harrington, Myriam Mart\u00ednez (FPV \u2013 PJ), Liliana Mart\u00ednez Allende y Oscar Rubinos (UCR \u2013 Cambiemos). Tambi\u00e9n, participaron el presidente de la Direcci\u00f3n Provincial de Obras y Servicios Sanitarios (DPOSS), Guillermo Worman; el presidente del Instituto Provincial de la Vivienda (IPV), Gustavo V\u00e1zquez.<\/p>\n<p>&nbsp;<\/p>\n<p>Galer\u00eda:\u00a0<a href=\"https:\/\/flic.kr\/s\/aHskDpk9FB\">https:\/\/flic.kr\/s\/aHskDpk9FB<\/a><\/p>\n<p>&nbsp;<\/p>\n\n\t\t<style type=\"text\/css\">\n\t\t\t#gallery-1 {\n\t\t\t\tmargin: auto;\n\t\t\t}\n\t\t\t#gallery-1 .gallery-item {\n\t\t\t\tfloat: left;\n\t\t\t\tmargin-top: 10px;\n\t\t\t\ttext-align: center;\n\t\t\t\twidth: 33%;\n\t\t\t}\n\t\t\t#gallery-1 img {\n\t\t\t\tborder: 2px solid #cfcfcf;\n\t\t\t}\n\t\t\t#gallery-1 .gallery-caption {\n\t\t\t\tmargin-left: 0;\n\t\t\t}\n\t\t\t\/* see gallery_shortcode() in wp-includes\/media.php *\/\n\t\t<\/style>\n\t\t<div data-carousel-extra='{\"blog_id\":1,\"permalink\":\"https:\\\/\\\/www.legistdf.gob.ar\\\/index.php\\\/2018\\\/08\\\/22\\\/economia-analizaron-ampliacion-de-recursos-para-obras-publicas-de-la-provincia\\\/\"}' id='gallery-1' class='gallery galleryid-8971 gallery-columns-3 gallery-size-thumbnail'><dl class='gallery-item'>\n\t\t\t<dt class='gallery-icon landscape'>\n\t\t\t\t<a href='https:\/\/www.legistdf.gob.ar\/index.php\/2018\/08\/22\/economia-analizaron-ampliacion-de-recursos-para-obras-publicas-de-la-provincia\/img_4306\/'><img loading=\"lazy\" decoding=\"async\" width=\"150\" height=\"150\" src=\"https:\/\/www.legistdf.gob.ar\/wp-content\/uploads\/2018\/08\/IMG_4306-150x150.jpg\" class=\"attachment-thumbnail size-thumbnail\" alt=\"\" srcset=\"https:\/\/www.legistdf.gob.ar\/wp-content\/uploads\/2018\/08\/IMG_4306-150x150.jpg 150w, https:\/\/www.legistdf.gob.ar\/wp-content\/uploads\/2018\/08\/IMG_4306-64x64.jpg 64w\" sizes=\"(max-width: 150px) 100vw, 150px\" data-attachment-id=\"8972\" data-permalink=\"https:\/\/www.legistdf.gob.ar\/index.php\/2018\/08\/22\/economia-analizaron-ampliacion-de-recursos-para-obras-publicas-de-la-provincia\/img_4306\/\" data-orig-file=\"https:\/\/www.legistdf.gob.ar\/wp-content\/uploads\/2018\/08\/IMG_4306.jpg\" data-orig-size=\"1000,667\" data-comments-opened=\"0\" data-image-meta=\"{&quot;aperture&quot;:&quot;0&quot;,&quot;credit&quot;:&quot;&quot;,&quot;camera&quot;:&quot;&quot;,&quot;caption&quot;:&quot;&quot;,&quot;created_timestamp&quot;:&quot;0&quot;,&quot;copyright&quot;:&quot;&quot;,&quot;focal_length&quot;:&quot;0&quot;,&quot;iso&quot;:&quot;0&quot;,&quot;shutter_speed&quot;:&quot;0&quot;,&quot;title&quot;:&quot;&quot;,&quot;orientation&quot;:&quot;0&quot;}\" data-image-title=\"IMG_4306\" data-image-description=\"\" data-image-caption=\"\" data-medium-file=\"https:\/\/www.legistdf.gob.ar\/wp-content\/uploads\/2018\/08\/IMG_4306-300x200.jpg\" data-large-file=\"https:\/\/www.legistdf.gob.ar\/wp-content\/uploads\/2018\/08\/IMG_4306.jpg\" \/><\/a>\n\t\t\t<\/dt><\/dl><dl class='gallery-item'>\n\t\t\t<dt class='gallery-icon landscape'>\n\t\t\t\t<a href='https:\/\/www.legistdf.gob.ar\/index.php\/2018\/08\/22\/economia-analizaron-ampliacion-de-recursos-para-obras-publicas-de-la-provincia\/img_4310\/'><img loading=\"lazy\" decoding=\"async\" width=\"150\" height=\"150\" src=\"https:\/\/www.legistdf.gob.ar\/wp-content\/uploads\/2018\/08\/IMG_4310-150x150.jpg\" class=\"attachment-thumbnail size-thumbnail\" alt=\"\" srcset=\"https:\/\/www.legistdf.gob.ar\/wp-content\/uploads\/2018\/08\/IMG_4310-150x150.jpg 150w, https:\/\/www.legistdf.gob.ar\/wp-content\/uploads\/2018\/08\/IMG_4310-64x64.jpg 64w\" sizes=\"(max-width: 150px) 100vw, 150px\" data-attachment-id=\"8973\" data-permalink=\"https:\/\/www.legistdf.gob.ar\/index.php\/2018\/08\/22\/economia-analizaron-ampliacion-de-recursos-para-obras-publicas-de-la-provincia\/img_4310\/\" data-orig-file=\"https:\/\/www.legistdf.gob.ar\/wp-content\/uploads\/2018\/08\/IMG_4310.jpg\" data-orig-size=\"1000,667\" data-comments-opened=\"0\" data-image-meta=\"{&quot;aperture&quot;:&quot;0&quot;,&quot;credit&quot;:&quot;&quot;,&quot;camera&quot;:&quot;&quot;,&quot;caption&quot;:&quot;&quot;,&quot;created_timestamp&quot;:&quot;0&quot;,&quot;copyright&quot;:&quot;&quot;,&quot;focal_length&quot;:&quot;0&quot;,&quot;iso&quot;:&quot;0&quot;,&quot;shutter_speed&quot;:&quot;0&quot;,&quot;title&quot;:&quot;&quot;,&quot;orientation&quot;:&quot;0&quot;}\" data-image-title=\"IMG_4310\" data-image-description=\"\" data-image-caption=\"\" data-medium-file=\"https:\/\/www.legistdf.gob.ar\/wp-content\/uploads\/2018\/08\/IMG_4310-300x200.jpg\" data-large-file=\"https:\/\/www.legistdf.gob.ar\/wp-content\/uploads\/2018\/08\/IMG_4310.jpg\" \/><\/a>\n\t\t\t<\/dt><\/dl><dl class='gallery-item'>\n\t\t\t<dt class='gallery-icon landscape'>\n\t\t\t\t<a href='https:\/\/www.legistdf.gob.ar\/index.php\/2018\/08\/22\/economia-analizaron-ampliacion-de-recursos-para-obras-publicas-de-la-provincia\/img_4315\/'><img loading=\"lazy\" decoding=\"async\" width=\"150\" height=\"150\" src=\"https:\/\/www.legistdf.gob.ar\/wp-content\/uploads\/2018\/08\/IMG_4315-150x150.jpg\" class=\"attachment-thumbnail size-thumbnail\" alt=\"\" srcset=\"https:\/\/www.legistdf.gob.ar\/wp-content\/uploads\/2018\/08\/IMG_4315-150x150.jpg 150w, https:\/\/www.legistdf.gob.ar\/wp-content\/uploads\/2018\/08\/IMG_4315-64x64.jpg 64w\" sizes=\"(max-width: 150px) 100vw, 150px\" data-attachment-id=\"8974\" data-permalink=\"https:\/\/www.legistdf.gob.ar\/index.php\/2018\/08\/22\/economia-analizaron-ampliacion-de-recursos-para-obras-publicas-de-la-provincia\/img_4315\/\" data-orig-file=\"https:\/\/www.legistdf.gob.ar\/wp-content\/uploads\/2018\/08\/IMG_4315.jpg\" data-orig-size=\"1000,667\" data-comments-opened=\"0\" data-image-meta=\"{&quot;aperture&quot;:&quot;0&quot;,&quot;credit&quot;:&quot;&quot;,&quot;camera&quot;:&quot;&quot;,&quot;caption&quot;:&quot;&quot;,&quot;created_timestamp&quot;:&quot;0&quot;,&quot;copyright&quot;:&quot;&quot;,&quot;focal_length&quot;:&quot;0&quot;,&quot;iso&quot;:&quot;0&quot;,&quot;shutter_speed&quot;:&quot;0&quot;,&quot;title&quot;:&quot;&quot;,&quot;orientation&quot;:&quot;0&quot;}\" data-image-title=\"IMG_4315\" data-image-description=\"\" data-image-caption=\"\" data-medium-file=\"https:\/\/www.legistdf.gob.ar\/wp-content\/uploads\/2018\/08\/IMG_4315-300x200.jpg\" data-large-file=\"https:\/\/www.legistdf.gob.ar\/wp-content\/uploads\/2018\/08\/IMG_4315.jpg\" \/><\/a>\n\t\t\t<\/dt><\/dl><br style=\"clear: both\" \/><dl class='gallery-item'>\n\t\t\t<dt class='gallery-icon landscape'>\n\t\t\t\t<a href='https:\/\/www.legistdf.gob.ar\/index.php\/2018\/08\/22\/economia-analizaron-ampliacion-de-recursos-para-obras-publicas-de-la-provincia\/img_4318\/'><img loading=\"lazy\" decoding=\"async\" width=\"150\" height=\"150\" src=\"https:\/\/www.legistdf.gob.ar\/wp-content\/uploads\/2018\/08\/IMG_4318-150x150.jpg\" class=\"attachment-thumbnail size-thumbnail\" alt=\"\" srcset=\"https:\/\/www.legistdf.gob.ar\/wp-content\/uploads\/2018\/08\/IMG_4318-150x150.jpg 150w, https:\/\/www.legistdf.gob.ar\/wp-content\/uploads\/2018\/08\/IMG_4318-64x64.jpg 64w\" sizes=\"(max-width: 150px) 100vw, 150px\" data-attachment-id=\"8975\" data-permalink=\"https:\/\/www.legistdf.gob.ar\/index.php\/2018\/08\/22\/economia-analizaron-ampliacion-de-recursos-para-obras-publicas-de-la-provincia\/img_4318\/\" data-orig-file=\"https:\/\/www.legistdf.gob.ar\/wp-content\/uploads\/2018\/08\/IMG_4318.jpg\" data-orig-size=\"1000,667\" data-comments-opened=\"0\" data-image-meta=\"{&quot;aperture&quot;:&quot;0&quot;,&quot;credit&quot;:&quot;&quot;,&quot;camera&quot;:&quot;&quot;,&quot;caption&quot;:&quot;&quot;,&quot;created_timestamp&quot;:&quot;0&quot;,&quot;copyright&quot;:&quot;&quot;,&quot;focal_length&quot;:&quot;0&quot;,&quot;iso&quot;:&quot;0&quot;,&quot;shutter_speed&quot;:&quot;0&quot;,&quot;title&quot;:&quot;&quot;,&quot;orientation&quot;:&quot;0&quot;}\" data-image-title=\"IMG_4318\" data-image-description=\"\" data-image-caption=\"\" data-medium-file=\"https:\/\/www.legistdf.gob.ar\/wp-content\/uploads\/2018\/08\/IMG_4318-300x200.jpg\" data-large-file=\"https:\/\/www.legistdf.gob.ar\/wp-content\/uploads\/2018\/08\/IMG_4318.jpg\" \/><\/a>\n\t\t\t<\/dt><\/dl><dl class='gallery-item'>\n\t\t\t<dt class='gallery-icon landscape'>\n\t\t\t\t<a href='https:\/\/www.legistdf.gob.ar\/index.php\/2018\/08\/22\/economia-analizaron-ampliacion-de-recursos-para-obras-publicas-de-la-provincia\/img_4327\/'><img loading=\"lazy\" decoding=\"async\" width=\"150\" height=\"150\" src=\"https:\/\/www.legistdf.gob.ar\/wp-content\/uploads\/2018\/08\/IMG_4327-150x150.jpg\" class=\"attachment-thumbnail size-thumbnail\" alt=\"\" srcset=\"https:\/\/www.legistdf.gob.ar\/wp-content\/uploads\/2018\/08\/IMG_4327-150x150.jpg 150w, https:\/\/www.legistdf.gob.ar\/wp-content\/uploads\/2018\/08\/IMG_4327-64x64.jpg 64w\" sizes=\"(max-width: 150px) 100vw, 150px\" data-attachment-id=\"8976\" data-permalink=\"https:\/\/www.legistdf.gob.ar\/index.php\/2018\/08\/22\/economia-analizaron-ampliacion-de-recursos-para-obras-publicas-de-la-provincia\/img_4327\/\" data-orig-file=\"https:\/\/www.legistdf.gob.ar\/wp-content\/uploads\/2018\/08\/IMG_4327.jpg\" data-orig-size=\"1000,667\" data-comments-opened=\"0\" data-image-meta=\"{&quot;aperture&quot;:&quot;0&quot;,&quot;credit&quot;:&quot;&quot;,&quot;camera&quot;:&quot;&quot;,&quot;caption&quot;:&quot;&quot;,&quot;created_timestamp&quot;:&quot;0&quot;,&quot;copyright&quot;:&quot;&quot;,&quot;focal_length&quot;:&quot;0&quot;,&quot;iso&quot;:&quot;0&quot;,&quot;shutter_speed&quot;:&quot;0&quot;,&quot;title&quot;:&quot;&quot;,&quot;orientation&quot;:&quot;0&quot;}\" data-image-title=\"IMG_4327\" data-image-description=\"\" data-image-caption=\"\" data-medium-file=\"https:\/\/www.legistdf.gob.ar\/wp-content\/uploads\/2018\/08\/IMG_4327-300x200.jpg\" data-large-file=\"https:\/\/www.legistdf.gob.ar\/wp-content\/uploads\/2018\/08\/IMG_4327.jpg\" \/><\/a>\n\t\t\t<\/dt><\/dl><dl class='gallery-item'>\n\t\t\t<dt class='gallery-icon landscape'>\n\t\t\t\t<a href='https:\/\/www.legistdf.gob.ar\/index.php\/2018\/08\/22\/economia-analizaron-ampliacion-de-recursos-para-obras-publicas-de-la-provincia\/img_4341\/'><img loading=\"lazy\" decoding=\"async\" width=\"150\" height=\"150\" src=\"https:\/\/www.legistdf.gob.ar\/wp-content\/uploads\/2018\/08\/IMG_4341-150x150.jpg\" class=\"attachment-thumbnail size-thumbnail\" alt=\"\" srcset=\"https:\/\/www.legistdf.gob.ar\/wp-content\/uploads\/2018\/08\/IMG_4341-150x150.jpg 150w, https:\/\/www.legistdf.gob.ar\/wp-content\/uploads\/2018\/08\/IMG_4341-64x64.jpg 64w\" sizes=\"(max-width: 150px) 100vw, 150px\" data-attachment-id=\"8977\" data-permalink=\"https:\/\/www.legistdf.gob.ar\/index.php\/2018\/08\/22\/economia-analizaron-ampliacion-de-recursos-para-obras-publicas-de-la-provincia\/img_4341\/\" data-orig-file=\"https:\/\/www.legistdf.gob.ar\/wp-content\/uploads\/2018\/08\/IMG_4341.jpg\" data-orig-size=\"1000,667\" data-comments-opened=\"0\" data-image-meta=\"{&quot;aperture&quot;:&quot;0&quot;,&quot;credit&quot;:&quot;&quot;,&quot;camera&quot;:&quot;&quot;,&quot;caption&quot;:&quot;&quot;,&quot;created_timestamp&quot;:&quot;0&quot;,&quot;copyright&quot;:&quot;&quot;,&quot;focal_length&quot;:&quot;0&quot;,&quot;iso&quot;:&quot;0&quot;,&quot;shutter_speed&quot;:&quot;0&quot;,&quot;title&quot;:&quot;&quot;,&quot;orientation&quot;:&quot;0&quot;}\" data-image-title=\"IMG_4341\" data-image-description=\"\" data-image-caption=\"\" data-medium-file=\"https:\/\/www.legistdf.gob.ar\/wp-content\/uploads\/2018\/08\/IMG_4341-300x200.jpg\" data-large-file=\"https:\/\/www.legistdf.gob.ar\/wp-content\/uploads\/2018\/08\/IMG_4341.jpg\" \/><\/a>\n\t\t\t<\/dt><\/dl><br style=\"clear: both\" \/><dl class='gallery-item'>\n\t\t\t<dt class='gallery-icon landscape'>\n\t\t\t\t<a href='https:\/\/www.legistdf.gob.ar\/index.php\/2018\/08\/22\/economia-analizaron-ampliacion-de-recursos-para-obras-publicas-de-la-provincia\/img_4345\/'><img loading=\"lazy\" decoding=\"async\" width=\"150\" height=\"150\" src=\"https:\/\/www.legistdf.gob.ar\/wp-content\/uploads\/2018\/08\/IMG_4345-150x150.jpg\" class=\"attachment-thumbnail size-thumbnail\" alt=\"\" srcset=\"https:\/\/www.legistdf.gob.ar\/wp-content\/uploads\/2018\/08\/IMG_4345-150x150.jpg 150w, https:\/\/www.legistdf.gob.ar\/wp-content\/uploads\/2018\/08\/IMG_4345-64x64.jpg 64w\" sizes=\"(max-width: 150px) 100vw, 150px\" data-attachment-id=\"8978\" data-permalink=\"https:\/\/www.legistdf.gob.ar\/index.php\/2018\/08\/22\/economia-analizaron-ampliacion-de-recursos-para-obras-publicas-de-la-provincia\/img_4345\/\" data-orig-file=\"https:\/\/www.legistdf.gob.ar\/wp-content\/uploads\/2018\/08\/IMG_4345.jpg\" data-orig-size=\"1000,667\" data-comments-opened=\"0\" data-image-meta=\"{&quot;aperture&quot;:&quot;0&quot;,&quot;credit&quot;:&quot;&quot;,&quot;camera&quot;:&quot;&quot;,&quot;caption&quot;:&quot;&quot;,&quot;created_timestamp&quot;:&quot;0&quot;,&quot;copyright&quot;:&quot;&quot;,&quot;focal_length&quot;:&quot;0&quot;,&quot;iso&quot;:&quot;0&quot;,&quot;shutter_speed&quot;:&quot;0&quot;,&quot;title&quot;:&quot;&quot;,&quot;orientation&quot;:&quot;0&quot;}\" data-image-title=\"IMG_4345\" data-image-description=\"\" data-image-caption=\"\" data-medium-file=\"https:\/\/www.legistdf.gob.ar\/wp-content\/uploads\/2018\/08\/IMG_4345-300x200.jpg\" data-large-file=\"https:\/\/www.legistdf.gob.ar\/wp-content\/uploads\/2018\/08\/IMG_4345.jpg\" \/><\/a>\n\t\t\t<\/dt><\/dl>\n\t\t\t<br style='clear: both' \/>\n\t\t<\/div>\n\n","protected":false},"excerpt":{"rendered":"<p>&nbsp; Ushuaia, mi\u00e9rcoles 22 de agosto de 2018.- Las Comisiones de Econom\u00eda (2) y Obras P\u00fablicas (3) del Parlamento, abordaron en conjunto el asunto N\u00ba 280\/18 Mensaje N\u00ba 12\/18 del Poder Ejecutivo provincial. El encuentro, fue presidido por los legisladores Pablo Blanco (UCR \u2013 Cambiemos) y Federico Bilota (FPV \u2013 PJ). Tambi\u00e9n, participaron el ministro [&hellip;]<\/p>\n","protected":false},"author":352,"featured_media":8972,"comment_status":"closed","ping_status":"open","sticky":false,"template":"","format":"standard","meta":{"jetpack_post_was_ever_published":false,"_jetpack_newsletter_access":"","_jetpack_dont_email_post_to_subs":false,"_jetpack_newsletter_tier_id":0,"footnotes":"","jetpack_publicize_message":"","jetpack_publicize_feature_enabled":true,"jetpack_social_post_already_shared":true,"jetpack_social_options":{"image_generator_settings":{"template":"highway","enabled":false}}},"categories":[1],"tags":[449,315,452,450,308,451,448,136],"jetpack_publicize_connections":[],"jetpack_sharing_enabled":true,"jetpack_featured_media_url":"https:\/\/www.legistdf.gob.ar\/wp-content\/uploads\/2018\/08\/IMG_4306.jpg","jetpack-related-posts":[],"_links":{"self":[{"href":"https:\/\/www.legistdf.gob.ar\/index.php\/wp-json\/wp\/v2\/posts\/8971"}],"collection":[{"href":"https:\/\/www.legistdf.gob.ar\/index.php\/wp-json\/wp\/v2\/posts"}],"about":[{"href":"https:\/\/www.legistdf.gob.ar\/index.php\/wp-json\/wp\/v2\/types\/post"}],"author":[{"embeddable":true,"href":"https:\/\/www.legistdf.gob.ar\/index.php\/wp-json\/wp\/v2\/users\/352"}],"replies":[{"embeddable":true,"href":"https:\/\/www.legistdf.gob.ar\/index.php\/wp-json\/wp\/v2\/comments?post=8971"}],"version-history":[{"count":1,"href":"https:\/\/www.legistdf.gob.ar\/index.php\/wp-json\/wp\/v2\/posts\/8971\/revisions"}],"predecessor-version":[{"id":8979,"href":"https:\/\/www.legistdf.gob.ar\/index.php\/wp-json\/wp\/v2\/posts\/8971\/revisions\/8979"}],"wp:featuredmedia":[{"embeddable":true,"href":"https:\/\/www.legistdf.gob.ar\/index.php\/wp-json\/wp\/v2\/media\/8972"}],"wp:attachment":[{"href":"https:\/\/www.legistdf.gob.ar\/index.php\/wp-json\/wp\/v2\/media?parent=8971"}],"wp:term":[{"taxonomy":"category","embeddable":true,"href":"https:\/\/www.legistdf.gob.ar\/index.php\/wp-json\/wp\/v2\/categories?post=8971"},{"taxonomy":"post_tag","embeddable":true,"href":"https:\/\/www.legistdf.gob.ar\/index.php\/wp-json\/wp\/v2\/tags?post=8971"}],"curies":[{"name":"wp","href":"https:\/\/api.w.org\/{rel}","templated":true}]}}