{"id":8985,"date":"2018-08-23T17:43:00","date_gmt":"2018-08-23T20:43:00","guid":{"rendered":"http:\/\/www.legistdf.gob.ar\/?p=8985"},"modified":"2018-08-23T18:01:15","modified_gmt":"2018-08-23T21:01:15","slug":"salud-sancionaron-la-adhesion-a-la-ley-justina","status":"publish","type":"post","link":"https:\/\/www.legistdf.gob.ar\/index.php\/2018\/08\/23\/salud-sancionaron-la-adhesion-a-la-ley-justina\/","title":{"rendered":"SALUD: Sancionaron la adhesi\u00f3n a la Ley Justina"},"content":{"rendered":"<p>&nbsp;<\/p>\n<p><strong>Ushuaia, jueves 23 de agosto de 2018.- Con la presencia del dr. Eduardo Serra \u2013coordinador del CUCAI TDF- y el consenso logrado en el recinto, entre las bancada del FPV \u2013 PJ y MPF &#8211; ambas hab\u00edan presentados iniciativas similares-, la Legislatura de Tierra del Fuego dio una nueva Ley a los fueguinos. Se trata de la adhesi\u00f3n a la Ley Nacional N\u00ba 27.447 de Trasplante de \u00d3rganos, Tejidos y C\u00e9lulas (asuntos N\u00ba 349 y 372). Luego de disponer la C\u00e1mara en Comisi\u00f3n y dictaminar, en sesi\u00f3n y votaci\u00f3n nominal, los Legisladores fueguinos sancionaron la normativa conocida a nivel nacional como Ley Justina.<\/strong><\/p>\n<p>&nbsp;<\/p>\n<p>Fundamentaron las legisladoras Andrea Ferites (FPV &#8211; PJ) y M\u00f3nica Urquiza (MPF) y luego, la titular de la Comisi\u00f3n de Salud invit\u00f3 al profesional m\u00e9dico, quien felicit\u00f3 a los parlamentarios al darle a la poblaci\u00f3n de Tierra del Fuego, una nueva ley.<\/p>\n<p>&nbsp;<\/p>\n<p>En di\u00e1logo con Prensa Legislativa, Serra aclar\u00f3 que, respecto de la nueva normativa nacional \u201clo que cambia es la solicitud del permiso. El consentimiento familiar y el testimonio escrito\u201d. En este punto, grafic\u00f3 que con la comunicaci\u00f3n familiar se genera el proceso para que se acceda a esa disposici\u00f3n.<\/p>\n<p>&nbsp;<\/p>\n<p>En Tierra del Fuego ya se trabaja bajo el marco normativo de la 27.447, \u201clo que estamos generando es la reglamentaci\u00f3n provincial\u201d, dijo el profesional.\u00a0 En este sentido, sostuvo que no es la misma realidad la que se vive en CABA, C\u00f3rdoba o Santa Fe que la de nuestra Provincia. \u201cHay determinadas cuestiones m\u00e1s, de orden pr\u00e1ctico y ejecutivo \u2013a nivela administrativo-, que es necesario que se trabaje en conjunto con el Gobierno\u201d, asever\u00f3.<\/p>\n<p>&nbsp;<\/p>\n<p>La Ley Justina establece que \u201choy no vamos a necesitar el permiso de la familia\u201d para acceder a la ablaci\u00f3n de los \u00f3rganos, dijo el Dr. Serra. Antes, con la expresi\u00f3n de su voluntad afirmativa o negativa, \u201cera un donante presunto pero la decisi\u00f3n la tomaba la familia\u201d. Desde la sanci\u00f3n de esta normativa, cambia \u201cla figura del donante presunto duro\u201d.<\/p>\n<p>&nbsp;<\/p>\n<p style=\"text-align: right\"><em>Foto gentileza Axel\u00a0 Heine<\/em><\/p>\n\n\t\t<style type=\"text\/css\">\n\t\t\t#gallery-1 {\n\t\t\t\tmargin: auto;\n\t\t\t}\n\t\t\t#gallery-1 .gallery-item {\n\t\t\t\tfloat: left;\n\t\t\t\tmargin-top: 10px;\n\t\t\t\ttext-align: center;\n\t\t\t\twidth: 100%;\n\t\t\t}\n\t\t\t#gallery-1 img {\n\t\t\t\tborder: 2px solid #cfcfcf;\n\t\t\t}\n\t\t\t#gallery-1 .gallery-caption {\n\t\t\t\tmargin-left: 0;\n\t\t\t}\n\t\t\t\/* see gallery_shortcode() in wp-includes\/media.php *\/\n\t\t<\/style>\n\t\t<div data-carousel-extra='{\"blog_id\":1,\"permalink\":\"https:\\\/\\\/www.legistdf.gob.ar\\\/index.php\\\/2018\\\/08\\\/23\\\/salud-sancionaron-la-adhesion-a-la-ley-justina\\\/\"}' id='gallery-1' class='gallery galleryid-8985 gallery-columns-1 gallery-size-thumbnail'><dl class='gallery-item'>\n\t\t\t<dt class='gallery-icon landscape'>\n\t\t\t\t<a href='https:\/\/www.legistdf.gob.ar\/index.php\/2018\/08\/23\/salud-sancionaron-la-adhesion-a-la-ley-justina\/img-20180823-wa0011\/'><img loading=\"lazy\" decoding=\"async\" width=\"150\" height=\"150\" src=\"https:\/\/www.legistdf.gob.ar\/wp-content\/uploads\/2018\/08\/IMG-20180823-WA0011-150x150.jpg\" class=\"attachment-thumbnail size-thumbnail\" alt=\"\" srcset=\"https:\/\/www.legistdf.gob.ar\/wp-content\/uploads\/2018\/08\/IMG-20180823-WA0011-150x150.jpg 150w, https:\/\/www.legistdf.gob.ar\/wp-content\/uploads\/2018\/08\/IMG-20180823-WA0011-64x64.jpg 64w\" sizes=\"(max-width: 150px) 100vw, 150px\" data-attachment-id=\"8986\" data-permalink=\"https:\/\/www.legistdf.gob.ar\/index.php\/2018\/08\/23\/salud-sancionaron-la-adhesion-a-la-ley-justina\/img-20180823-wa0011\/\" data-orig-file=\"https:\/\/www.legistdf.gob.ar\/wp-content\/uploads\/2018\/08\/IMG-20180823-WA0011.jpg\" data-orig-size=\"1280,1028\" data-comments-opened=\"0\" data-image-meta=\"{&quot;aperture&quot;:&quot;0&quot;,&quot;credit&quot;:&quot;&quot;,&quot;camera&quot;:&quot;&quot;,&quot;caption&quot;:&quot;&quot;,&quot;created_timestamp&quot;:&quot;0&quot;,&quot;copyright&quot;:&quot;&quot;,&quot;focal_length&quot;:&quot;0&quot;,&quot;iso&quot;:&quot;0&quot;,&quot;shutter_speed&quot;:&quot;0&quot;,&quot;title&quot;:&quot;&quot;,&quot;orientation&quot;:&quot;0&quot;}\" data-image-title=\"IMG-20180823-WA0011\" data-image-description=\"\" data-image-caption=\"\" data-medium-file=\"https:\/\/www.legistdf.gob.ar\/wp-content\/uploads\/2018\/08\/IMG-20180823-WA0011-300x241.jpg\" data-large-file=\"https:\/\/www.legistdf.gob.ar\/wp-content\/uploads\/2018\/08\/IMG-20180823-WA0011-1024x822.jpg\" \/><\/a>\n\t\t\t<\/dt><\/dl><br style=\"clear: both\" \/>\n\t\t<\/div>\n\n","protected":false},"excerpt":{"rendered":"<p>&nbsp; Ushuaia, jueves 23 de agosto de 2018.- Con la presencia del dr. Eduardo Serra \u2013coordinador del CUCAI TDF- y el consenso logrado en el recinto, entre las bancada del FPV \u2013 PJ y MPF &#8211; ambas hab\u00edan presentados iniciativas similares-, la Legislatura de Tierra del Fuego dio una nueva Ley a los fueguinos. Se [&hellip;]<\/p>\n","protected":false},"author":352,"featured_media":8986,"comment_status":"closed","ping_status":"open","sticky":false,"template":"","format":"standard","meta":{"jetpack_post_was_ever_published":false,"_jetpack_newsletter_access":"","_jetpack_dont_email_post_to_subs":false,"_jetpack_newsletter_tier_id":0,"footnotes":"","jetpack_publicize_message":"","jetpack_publicize_feature_enabled":true,"jetpack_social_post_already_shared":true,"jetpack_social_options":{"image_generator_settings":{"template":"highway","enabled":false}}},"categories":[1],"tags":[81,78,432,155,144,48,87],"jetpack_publicize_connections":[],"jetpack_sharing_enabled":true,"jetpack_featured_media_url":"https:\/\/www.legistdf.gob.ar\/wp-content\/uploads\/2018\/08\/IMG-20180823-WA0011.jpg","jetpack-related-posts":[],"_links":{"self":[{"href":"https:\/\/www.legistdf.gob.ar\/index.php\/wp-json\/wp\/v2\/posts\/8985"}],"collection":[{"href":"https:\/\/www.legistdf.gob.ar\/index.php\/wp-json\/wp\/v2\/posts"}],"about":[{"href":"https:\/\/www.legistdf.gob.ar\/index.php\/wp-json\/wp\/v2\/types\/post"}],"author":[{"embeddable":true,"href":"https:\/\/www.legistdf.gob.ar\/index.php\/wp-json\/wp\/v2\/users\/352"}],"replies":[{"embeddable":true,"href":"https:\/\/www.legistdf.gob.ar\/index.php\/wp-json\/wp\/v2\/comments?post=8985"}],"version-history":[{"count":2,"href":"https:\/\/www.legistdf.gob.ar\/index.php\/wp-json\/wp\/v2\/posts\/8985\/revisions"}],"predecessor-version":[{"id":8988,"href":"https:\/\/www.legistdf.gob.ar\/index.php\/wp-json\/wp\/v2\/posts\/8985\/revisions\/8988"}],"wp:featuredmedia":[{"embeddable":true,"href":"https:\/\/www.legistdf.gob.ar\/index.php\/wp-json\/wp\/v2\/media\/8986"}],"wp:attachment":[{"href":"https:\/\/www.legistdf.gob.ar\/index.php\/wp-json\/wp\/v2\/media?parent=8985"}],"wp:term":[{"taxonomy":"category","embeddable":true,"href":"https:\/\/www.legistdf.gob.ar\/index.php\/wp-json\/wp\/v2\/categories?post=8985"},{"taxonomy":"post_tag","embeddable":true,"href":"https:\/\/www.legistdf.gob.ar\/index.php\/wp-json\/wp\/v2\/tags?post=8985"}],"curies":[{"name":"wp","href":"https:\/\/api.w.org\/{rel}","templated":true}]}}