{"id":9050,"date":"2018-08-26T12:10:59","date_gmt":"2018-08-26T15:10:59","guid":{"rendered":"http:\/\/www.legistdf.gob.ar\/?p=9050"},"modified":"2018-08-25T20:08:29","modified_gmt":"2018-08-25T23:08:29","slug":"educacion-una-plaza-blanda-destinada-al-jardin-maternal-los-girasoles","status":"publish","type":"post","link":"https:\/\/www.legistdf.gob.ar\/index.php\/2018\/08\/26\/educacion-una-plaza-blanda-destinada-al-jardin-maternal-los-girasoles\/","title":{"rendered":"EDUCACI\u00d3N: Una plaza blanda destinada al jard\u00edn maternal Los Girasoles"},"content":{"rendered":"<p>&nbsp;<\/p>\n<p><strong>Ushuaia, domingo 26 de agosto de 2018.- Mariana Beatriz Haros, del jard\u00edn maternal \u201cLos Girasoles\u201d visit\u00f3 la Presidencia del Parlamento y se entrevist\u00f3 con el titular de la Casa. En el encuentro, la docente agradeci\u00f3 el \u201capoyo de la Legislatura con el jard\u00edn, que va a seguir creciendo\u201d. La instituci\u00f3n recibi\u00f3 una \u201cplaza blanda, b\u00e1sicamente para la psicomotricidad\u201d, relat\u00f3 el viernes \u00faltimo.<\/strong><\/p>\n<p><strong>\u00a0<\/strong><\/p>\n<p>Ese elemento es de vital importancia para los bebes y ni\u00f1os de primera infancia, \u201csobre todo en el gateo y el fortalecimiento de los m\u00fasculos\u201d, grafic\u00f3 Haros. Se trata de m\u00f3dulos en forma de cubos, cilindros y diversas formas geom\u00e9tricas donde los ni\u00f1os pueden escalar y jugar.<\/p>\n<p>&nbsp;<\/p>\n<p>Sobre la instituci\u00f3n, forman parte 60 ni\u00f1os que asisten diariamente desde los 45 d\u00edas de vida hasta dos a\u00f1os, los deambuladores en varios horarios. \u201cEs para la ayuda y el crecimiento del jard\u00edn para brindar un servicio de excelencia para la comunidad\u201d, concluy\u00f3.<\/p>\n<p>&nbsp;<\/p>\n\n\t\t<style type=\"text\/css\">\n\t\t\t#gallery-1 {\n\t\t\t\tmargin: auto;\n\t\t\t}\n\t\t\t#gallery-1 .gallery-item {\n\t\t\t\tfloat: left;\n\t\t\t\tmargin-top: 10px;\n\t\t\t\ttext-align: center;\n\t\t\t\twidth: 100%;\n\t\t\t}\n\t\t\t#gallery-1 img {\n\t\t\t\tborder: 2px solid #cfcfcf;\n\t\t\t}\n\t\t\t#gallery-1 .gallery-caption {\n\t\t\t\tmargin-left: 0;\n\t\t\t}\n\t\t\t\/* see gallery_shortcode() in wp-includes\/media.php *\/\n\t\t<\/style>\n\t\t<div data-carousel-extra='{\"blog_id\":1,\"permalink\":\"https:\\\/\\\/www.legistdf.gob.ar\\\/index.php\\\/2018\\\/08\\\/26\\\/educacion-una-plaza-blanda-destinada-al-jardin-maternal-los-girasoles\\\/\"}' id='gallery-1' class='gallery galleryid-9050 gallery-columns-1 gallery-size-thumbnail'><dl class='gallery-item'>\n\t\t\t<dt class='gallery-icon landscape'>\n\t\t\t\t<a href='https:\/\/www.legistdf.gob.ar\/index.php\/2018\/08\/26\/educacion-una-plaza-blanda-destinada-al-jardin-maternal-los-girasoles\/jardin\/'><img loading=\"lazy\" decoding=\"async\" width=\"150\" height=\"150\" src=\"https:\/\/www.legistdf.gob.ar\/wp-content\/uploads\/2018\/08\/jardin-150x150.jpg\" class=\"attachment-thumbnail size-thumbnail\" alt=\"\" srcset=\"https:\/\/www.legistdf.gob.ar\/wp-content\/uploads\/2018\/08\/jardin-150x150.jpg 150w, https:\/\/www.legistdf.gob.ar\/wp-content\/uploads\/2018\/08\/jardin-64x64.jpg 64w\" sizes=\"(max-width: 150px) 100vw, 150px\" data-attachment-id=\"9051\" data-permalink=\"https:\/\/www.legistdf.gob.ar\/index.php\/2018\/08\/26\/educacion-una-plaza-blanda-destinada-al-jardin-maternal-los-girasoles\/jardin\/\" data-orig-file=\"https:\/\/www.legistdf.gob.ar\/wp-content\/uploads\/2018\/08\/jardin.jpg\" data-orig-size=\"1000,667\" data-comments-opened=\"0\" data-image-meta=\"{&quot;aperture&quot;:&quot;0&quot;,&quot;credit&quot;:&quot;&quot;,&quot;camera&quot;:&quot;&quot;,&quot;caption&quot;:&quot;&quot;,&quot;created_timestamp&quot;:&quot;0&quot;,&quot;copyright&quot;:&quot;&quot;,&quot;focal_length&quot;:&quot;0&quot;,&quot;iso&quot;:&quot;0&quot;,&quot;shutter_speed&quot;:&quot;0&quot;,&quot;title&quot;:&quot;&quot;,&quot;orientation&quot;:&quot;0&quot;}\" data-image-title=\"jardin\" data-image-description=\"\" data-image-caption=\"\" data-medium-file=\"https:\/\/www.legistdf.gob.ar\/wp-content\/uploads\/2018\/08\/jardin-300x200.jpg\" data-large-file=\"https:\/\/www.legistdf.gob.ar\/wp-content\/uploads\/2018\/08\/jardin.jpg\" \/><\/a>\n\t\t\t<\/dt><\/dl><br style=\"clear: both\" \/>\n\t\t<\/div>\n\n","protected":false},"excerpt":{"rendered":"<p>&nbsp; Ushuaia, domingo 26 de agosto de 2018.- Mariana Beatriz Haros, del jard\u00edn maternal \u201cLos Girasoles\u201d visit\u00f3 la Presidencia del Parlamento y se entrevist\u00f3 con el titular de la Casa. En el encuentro, la docente agradeci\u00f3 el \u201capoyo de la Legislatura con el jard\u00edn, que va a seguir creciendo\u201d. La instituci\u00f3n recibi\u00f3 una \u201cplaza blanda, [&hellip;]<\/p>\n","protected":false},"author":352,"featured_media":9051,"comment_status":"closed","ping_status":"open","sticky":false,"template":"","format":"standard","meta":{"jetpack_post_was_ever_published":false,"_jetpack_newsletter_access":"","_jetpack_dont_email_post_to_subs":false,"_jetpack_newsletter_tier_id":0,"footnotes":"","jetpack_publicize_message":"","jetpack_publicize_feature_enabled":true,"jetpack_social_post_already_shared":true,"jetpack_social_options":{"image_generator_settings":{"template":"highway","enabled":false}}},"categories":[1],"tags":[465,466,463,462,97,461,464,211,134],"jetpack_publicize_connections":[],"jetpack_sharing_enabled":true,"jetpack_featured_media_url":"https:\/\/www.legistdf.gob.ar\/wp-content\/uploads\/2018\/08\/jardin.jpg","jetpack-related-posts":[],"_links":{"self":[{"href":"https:\/\/www.legistdf.gob.ar\/index.php\/wp-json\/wp\/v2\/posts\/9050"}],"collection":[{"href":"https:\/\/www.legistdf.gob.ar\/index.php\/wp-json\/wp\/v2\/posts"}],"about":[{"href":"https:\/\/www.legistdf.gob.ar\/index.php\/wp-json\/wp\/v2\/types\/post"}],"author":[{"embeddable":true,"href":"https:\/\/www.legistdf.gob.ar\/index.php\/wp-json\/wp\/v2\/users\/352"}],"replies":[{"embeddable":true,"href":"https:\/\/www.legistdf.gob.ar\/index.php\/wp-json\/wp\/v2\/comments?post=9050"}],"version-history":[{"count":1,"href":"https:\/\/www.legistdf.gob.ar\/index.php\/wp-json\/wp\/v2\/posts\/9050\/revisions"}],"predecessor-version":[{"id":9052,"href":"https:\/\/www.legistdf.gob.ar\/index.php\/wp-json\/wp\/v2\/posts\/9050\/revisions\/9052"}],"wp:featuredmedia":[{"embeddable":true,"href":"https:\/\/www.legistdf.gob.ar\/index.php\/wp-json\/wp\/v2\/media\/9051"}],"wp:attachment":[{"href":"https:\/\/www.legistdf.gob.ar\/index.php\/wp-json\/wp\/v2\/media?parent=9050"}],"wp:term":[{"taxonomy":"category","embeddable":true,"href":"https:\/\/www.legistdf.gob.ar\/index.php\/wp-json\/wp\/v2\/categories?post=9050"},{"taxonomy":"post_tag","embeddable":true,"href":"https:\/\/www.legistdf.gob.ar\/index.php\/wp-json\/wp\/v2\/tags?post=9050"}],"curies":[{"name":"wp","href":"https:\/\/api.w.org\/{rel}","templated":true}]}}