{"id":9126,"date":"2018-08-29T09:00:34","date_gmt":"2018-08-29T12:00:34","guid":{"rendered":"http:\/\/www.legistdf.gob.ar\/?p=9126"},"modified":"2018-08-29T12:23:12","modified_gmt":"2018-08-29T15:23:12","slug":"salud-miradas-sobre-el-seminario-y-el-uso-del-cannabis-terapeutico","status":"publish","type":"post","link":"https:\/\/www.legistdf.gob.ar\/index.php\/2018\/08\/29\/salud-miradas-sobre-el-seminario-y-el-uso-del-cannabis-terapeutico\/","title":{"rendered":"SALUD: Miradas sobre el seminario y el uso del cannabis terap\u00e9utico"},"content":{"rendered":"<p>&nbsp;<\/p>\n<p><strong>Ushuaia, mi\u00e9rcoles 29 de agosto de 2018.- Organizado por la legisladora Myriam Mart\u00ednez y su equipo de trabajo, el s\u00e1bado pasado, se realiz\u00f3 el seminario \u201cCannabis terap\u00e9utico y salud\u201d, en el gimnasio de la escuela N\u00b0 3 de la capital provincial. Luego del encuentro, la legisladora Liliana Mart\u00ednez Allende (UCR \u2013 Cambiemos) y los disertantes del evento analizaron el desarrollo y las perspectivas futuras.<\/strong><\/p>\n<p>&nbsp;<\/p>\n<p>Mart\u00ednez Allende, en di\u00e1logo con Prensa Legislativa, admiti\u00f3 que en estos espacios de debate \u201cnos damos cuenta, visibilizamos la necesidad que tenemos de hacer una legislaci\u00f3n para que todos aquellos que est\u00e1n con una necesidad concreta de salud, puedan contar con una autorizaci\u00f3n para cultivar\u201d.<\/p>\n<p>&nbsp;<\/p>\n<p>En este sentido puso en valor \u201cla excelente iniciativa de la legisladora Mart\u00ednez, que fue quien present\u00f3 el proyecto en la Legislatura, en conjunto con el Gobierno y amerita comenzar a tratarlo formalmente, porque ya hemos tenidos algunas reuniones\u201d sobre este tema, cont\u00f3 la Parlamentaria radical.<\/p>\n<p>&nbsp;<\/p>\n<p>La presidente de la Comisi\u00f3n de Salud (5) se esperanz\u00f3 en conseguir los \u201cconsensos para que esta herramienta de la medicina se Ley. Hay cuestiones en las que estoy totalmente de acuerdo y en otras no\u201d, cont\u00f3 tras participar de las disertaciones.<\/p>\n<p>&nbsp;<\/p>\n<p>\u201cEn la cuesti\u00f3n m\u00e9dica, el cannabis parece sumamente importante, lo dicen los m\u00e9dicos, las familias de ni\u00f1os y adultos que han probado esta terapia. Es una planta que puede dar mejor calidad de vida, menor dolor y un tratamiento a enfermedades que no tienen tratamiento medicamentoso, no cura, pero alivia\u201d, inform\u00f3 luego del di\u00e1logo con los profesionales m\u00e9dicos que participaron del evento.<\/p>\n<p>&nbsp;<\/p>\n<p>Valor\u00f3 al gobierno nacional por \u201cabrir la puerta a esto, de permitir el uso medicinal del cannabis, pero esta norma s\u00f3lo es utilizada para la epilepsia\u201d. En este punto dijo que son otras patolog\u00edas las que puede ayudar. \u201cEstamos conociendo que hay much\u00edsimas enfermedades que pueden tratarse con esta planta, esto amerita una segunda parte; que esto llegue a las enfermedades que la requieren\u201d, adelant\u00f3 acerca del tratamiento del tema en la Comisi\u00f3n que preside.<\/p>\n<p>&nbsp;<\/p>\n<p>La primera conferencia abord\u00f3 la regulaci\u00f3n del cannabis medicinal y disert\u00f3 el periodista Sebasti\u00e1n Basalo, titular de la revista THC y cofundador del Centro de estudios de la Cultura Cann\u00e1bica de Argentina (CECCA). En di\u00e1logo con Prensa Legislativa, el comunicador se\u00f1al\u00f3 que \u201ces un momento importante para la sociedad en general. Estamos hablando de una planta que tiene un potencial terap\u00e9utico enorme; una herramienta medicinal gigantesca que tiene 5 mil a\u00f1os de historia, que en los \u00faltimos 100 a\u00f1os fue prohibida por intereses creados\u201d, lament\u00f3.<\/p>\n<p>&nbsp;<\/p>\n<p>En este contexto, el periodista dijo que \u201choy estamos asistiendo a un cambio de paradigma donde se est\u00e1n recuperando esos saberes ancestrales y poniendo en valor las propiedades terap\u00e9uticas que tiene esta planta, para tratar incluso problemas muy severos que no han encontrado una respuesta en f\u00e1rmacos tradicionales\u201d.<\/p>\n<p>&nbsp;<\/p>\n<p>Basalo subray\u00f3 la pertinencia de este tipo de seminarios: \u201cEs sumamente importante para poder informar a la gente, empoderarla y que se sepa realmente cuales son los beneficios de esta plata, no para decir esto es bueno o es malo, sino para que se desmitifique lo que no es y se conozca lo que es realmente\u201d, cerr\u00f3.<\/p>\n<p>&nbsp;<\/p>\n<p>A continuaci\u00f3n fue el juez del Tribunal N\u00b0 1 de Necochea (provincia de Buenos Aires), Dr. Mario Alberto Juliano, quien abord\u00f3 la conferencia \u201cBreve historia del prohibicionismo en Argentina. Perspectivas futuras\u201d.<\/p>\n<p>&nbsp;<\/p>\n<p>Juliano dijo estar \u201cimpactado\u201d por lo que se ha logrado en esta convocatoria: \u201cM\u00e1s de 500 asistentes, vecinos de todos los estratos sociales, de todos los intereses, esto demuestra por un lado el excelente trabajo de la legisladora Mart\u00ednez y su equipo para llevar esto adelante y por el otro el inter\u00e9s de la sociedad\u201d.<\/p>\n<p>&nbsp;<\/p>\n<p>El Juez cont\u00f3 que la experiencia vivida en Ushuaia \u201cocurre en toda la Argentina, cada vez que se convoca a debatir sobre cannabis medicinal, el inter\u00e9s es enorme y los lugares quedan chicos\u201d, expres\u00f3.<\/p>\n<p>&nbsp;<\/p>\n<p>Luego, fue el turno de la Dra. Mar\u00eda Cecilia Clusellas, M\u00e9dica Cl\u00ednica, especialista en cuidados paliativos en el Instituto de Oncolog\u00eda \u00c1ngel H. Roffo, resalt\u00f3 la importancia de \u201ceste medicamento natural, un fitoterap\u00e9utico al cual no todos tienen acceso\u201d.<\/p>\n<p>&nbsp;<\/p>\n<p>La m\u00e9dica reclam\u00f3 que \u201cse le d\u00e9 la profesionalidad, el marco cient\u00edfico y legal, para que pueda estar al alcance de todas las personas que lo necesiten. Nosotros luchamos para que el paciente que est\u00e1 sufriendo, tenga una herramienta que le permita mejorar su calidad de vida\u201d, cerr\u00f3 Clusellas.<\/p>\n<p>&nbsp;<\/p>\n<p>Juli\u00e1n Lemus, ushuaiense y fundador de Cultivadores Solidarios Argentina, disert\u00f3 sobre el \u201cAutocultivo y extracci\u00f3n de cannabis\u201d. Dirige el proyecto Cannabis y Salud de la Universidad Nacional de La Plata (Buenos Aires). En di\u00e1logo con Prensa Legislativa, se manifest\u00f3 sorprendido por la calidez y el inter\u00e9s manifestado por los asistentes al encuentro.<\/p>\n<p>&nbsp;<\/p>\n<p>Analiz\u00f3 su exposici\u00f3n, dedicada \u201cm\u00e1s al autocultivo, buscar la soluci\u00f3n a esta problem\u00e1tica, ya que el Estado aun no est\u00e1 produciendo cannabis; quiz\u00e1s en un futuro se revierta esta situaci\u00f3n\u201d, se esperanz\u00f3. \u201cVine a hablar de esto, para darle justamente una herramienta con informaci\u00f3n, que sepan que pueden tener una planta en su casa, hacer uso responsable del cannabis y buscar la forma de producir el aceite de forma casera\u201d, dijo Lemus.<\/p>\n<p>&nbsp;<\/p>\n<p>Finalmente, la profesora Mar\u00eda Eugenia Sar abord\u00f3 su experiencia en la utilizaci\u00f3n del cannabis medicinal y la alternativa del recurso de amparo. Ella es abuela de un paciente autorizado legalmente para el autocultivo. Su conferencia gener\u00f3 un espacio emotivo en el gimnasio de la Escuela N\u00b0 3 de Ushuaia, cuando relat\u00f3 la realidad de su nieto. Padece s\u00edndrome de Tourette, un trastorno neuropsiqui\u00e1trico heredado, con inicio en la infancia.<\/p>\n<p>&nbsp;<\/p>\n<p>\u201cTenemos un pa\u00eds de m\u00e1s de 40 millones de habitantes, y hay solo 2 argentinos autorizados para cultivar, uno es el caso de mi nieto\u201d, asegur\u00f3 Sar. \u201cVengo a compartir mi experiencia, pertenezco a Cannabis Medicinal R\u00edo Negro, soy de Las Grutas, soy patag\u00f3nica\u201d, concluy\u00f3.<\/p>\n<p>&nbsp;<\/p>\n<p>&nbsp;<\/p>\n\n\t\t<style type=\"text\/css\">\n\t\t\t#gallery-1 {\n\t\t\t\tmargin: auto;\n\t\t\t}\n\t\t\t#gallery-1 .gallery-item {\n\t\t\t\tfloat: left;\n\t\t\t\tmargin-top: 10px;\n\t\t\t\ttext-align: center;\n\t\t\t\twidth: 33%;\n\t\t\t}\n\t\t\t#gallery-1 img {\n\t\t\t\tborder: 2px solid #cfcfcf;\n\t\t\t}\n\t\t\t#gallery-1 .gallery-caption {\n\t\t\t\tmargin-left: 0;\n\t\t\t}\n\t\t\t\/* see gallery_shortcode() in wp-includes\/media.php *\/\n\t\t<\/style>\n\t\t<div data-carousel-extra='{\"blog_id\":1,\"permalink\":\"https:\\\/\\\/www.legistdf.gob.ar\\\/index.php\\\/2018\\\/08\\\/29\\\/salud-miradas-sobre-el-seminario-y-el-uso-del-cannabis-terapeutico\\\/\"}' id='gallery-1' class='gallery galleryid-9126 gallery-columns-3 gallery-size-thumbnail'><dl class='gallery-item'>\n\t\t\t<dt class='gallery-icon landscape'>\n\t\t\t\t<a href='https:\/\/www.legistdf.gob.ar\/img_0186\/'><img loading=\"lazy\" decoding=\"async\" width=\"150\" height=\"150\" src=\"https:\/\/www.legistdf.gob.ar\/wp-content\/uploads\/2018\/08\/IMG_0186-150x150.jpg\" class=\"attachment-thumbnail size-thumbnail\" alt=\"\" srcset=\"https:\/\/www.legistdf.gob.ar\/wp-content\/uploads\/2018\/08\/IMG_0186-150x150.jpg 150w, https:\/\/www.legistdf.gob.ar\/wp-content\/uploads\/2018\/08\/IMG_0186-64x64.jpg 64w\" sizes=\"(max-width: 150px) 100vw, 150px\" data-attachment-id=\"9123\" data-permalink=\"https:\/\/www.legistdf.gob.ar\/img_0186\/\" data-orig-file=\"https:\/\/www.legistdf.gob.ar\/wp-content\/uploads\/2018\/08\/IMG_0186.jpg\" data-orig-size=\"1000,667\" data-comments-opened=\"0\" data-image-meta=\"{&quot;aperture&quot;:&quot;0&quot;,&quot;credit&quot;:&quot;&quot;,&quot;camera&quot;:&quot;&quot;,&quot;caption&quot;:&quot;&quot;,&quot;created_timestamp&quot;:&quot;0&quot;,&quot;copyright&quot;:&quot;&quot;,&quot;focal_length&quot;:&quot;0&quot;,&quot;iso&quot;:&quot;0&quot;,&quot;shutter_speed&quot;:&quot;0&quot;,&quot;title&quot;:&quot;&quot;,&quot;orientation&quot;:&quot;0&quot;}\" data-image-title=\"IMG_0186\" data-image-description=\"\" data-image-caption=\"\" data-medium-file=\"https:\/\/www.legistdf.gob.ar\/wp-content\/uploads\/2018\/08\/IMG_0186-300x200.jpg\" data-large-file=\"https:\/\/www.legistdf.gob.ar\/wp-content\/uploads\/2018\/08\/IMG_0186.jpg\" \/><\/a>\n\t\t\t<\/dt><\/dl><dl class='gallery-item'>\n\t\t\t<dt class='gallery-icon landscape'>\n\t\t\t\t<a href='https:\/\/www.legistdf.gob.ar\/img_0182-2\/'><img loading=\"lazy\" decoding=\"async\" width=\"150\" height=\"150\" src=\"https:\/\/www.legistdf.gob.ar\/wp-content\/uploads\/2018\/08\/IMG_0182-150x150.jpg\" class=\"attachment-thumbnail size-thumbnail\" alt=\"\" srcset=\"https:\/\/www.legistdf.gob.ar\/wp-content\/uploads\/2018\/08\/IMG_0182-150x150.jpg 150w, https:\/\/www.legistdf.gob.ar\/wp-content\/uploads\/2018\/08\/IMG_0182-64x64.jpg 64w\" sizes=\"(max-width: 150px) 100vw, 150px\" data-attachment-id=\"9122\" data-permalink=\"https:\/\/www.legistdf.gob.ar\/img_0182-2\/\" data-orig-file=\"https:\/\/www.legistdf.gob.ar\/wp-content\/uploads\/2018\/08\/IMG_0182.jpg\" data-orig-size=\"1000,667\" data-comments-opened=\"0\" data-image-meta=\"{&quot;aperture&quot;:&quot;0&quot;,&quot;credit&quot;:&quot;&quot;,&quot;camera&quot;:&quot;&quot;,&quot;caption&quot;:&quot;&quot;,&quot;created_timestamp&quot;:&quot;0&quot;,&quot;copyright&quot;:&quot;&quot;,&quot;focal_length&quot;:&quot;0&quot;,&quot;iso&quot;:&quot;0&quot;,&quot;shutter_speed&quot;:&quot;0&quot;,&quot;title&quot;:&quot;&quot;,&quot;orientation&quot;:&quot;0&quot;}\" data-image-title=\"IMG_0182\" data-image-description=\"\" data-image-caption=\"\" data-medium-file=\"https:\/\/www.legistdf.gob.ar\/wp-content\/uploads\/2018\/08\/IMG_0182-300x200.jpg\" data-large-file=\"https:\/\/www.legistdf.gob.ar\/wp-content\/uploads\/2018\/08\/IMG_0182.jpg\" \/><\/a>\n\t\t\t<\/dt><\/dl><dl class='gallery-item'>\n\t\t\t<dt class='gallery-icon landscape'>\n\t\t\t\t<a href='https:\/\/www.legistdf.gob.ar\/img_0154-2\/'><img loading=\"lazy\" decoding=\"async\" width=\"150\" height=\"150\" src=\"https:\/\/www.legistdf.gob.ar\/wp-content\/uploads\/2018\/08\/IMG_0154-150x150.jpg\" class=\"attachment-thumbnail size-thumbnail\" alt=\"\" srcset=\"https:\/\/www.legistdf.gob.ar\/wp-content\/uploads\/2018\/08\/IMG_0154-150x150.jpg 150w, https:\/\/www.legistdf.gob.ar\/wp-content\/uploads\/2018\/08\/IMG_0154-64x64.jpg 64w\" sizes=\"(max-width: 150px) 100vw, 150px\" data-attachment-id=\"9117\" data-permalink=\"https:\/\/www.legistdf.gob.ar\/img_0154-2\/\" data-orig-file=\"https:\/\/www.legistdf.gob.ar\/wp-content\/uploads\/2018\/08\/IMG_0154.jpg\" data-orig-size=\"1000,667\" data-comments-opened=\"0\" data-image-meta=\"{&quot;aperture&quot;:&quot;0&quot;,&quot;credit&quot;:&quot;&quot;,&quot;camera&quot;:&quot;&quot;,&quot;caption&quot;:&quot;&quot;,&quot;created_timestamp&quot;:&quot;0&quot;,&quot;copyright&quot;:&quot;&quot;,&quot;focal_length&quot;:&quot;0&quot;,&quot;iso&quot;:&quot;0&quot;,&quot;shutter_speed&quot;:&quot;0&quot;,&quot;title&quot;:&quot;&quot;,&quot;orientation&quot;:&quot;0&quot;}\" data-image-title=\"IMG_0154\" data-image-description=\"\" data-image-caption=\"\" data-medium-file=\"https:\/\/www.legistdf.gob.ar\/wp-content\/uploads\/2018\/08\/IMG_0154-300x200.jpg\" data-large-file=\"https:\/\/www.legistdf.gob.ar\/wp-content\/uploads\/2018\/08\/IMG_0154.jpg\" \/><\/a>\n\t\t\t<\/dt><\/dl><br style=\"clear: both\" \/><dl class='gallery-item'>\n\t\t\t<dt class='gallery-icon landscape'>\n\t\t\t\t<a href='https:\/\/www.legistdf.gob.ar\/11-10\/'><img loading=\"lazy\" decoding=\"async\" width=\"150\" height=\"150\" src=\"https:\/\/www.legistdf.gob.ar\/wp-content\/uploads\/2018\/08\/11-150x150.jpg\" class=\"attachment-thumbnail size-thumbnail\" alt=\"\" srcset=\"https:\/\/www.legistdf.gob.ar\/wp-content\/uploads\/2018\/08\/11-150x150.jpg 150w, https:\/\/www.legistdf.gob.ar\/wp-content\/uploads\/2018\/08\/11-64x64.jpg 64w\" sizes=\"(max-width: 150px) 100vw, 150px\" data-attachment-id=\"9106\" data-permalink=\"https:\/\/www.legistdf.gob.ar\/11-10\/\" data-orig-file=\"https:\/\/www.legistdf.gob.ar\/wp-content\/uploads\/2018\/08\/11.jpg\" data-orig-size=\"1000,666\" data-comments-opened=\"0\" data-image-meta=\"{&quot;aperture&quot;:&quot;0&quot;,&quot;credit&quot;:&quot;&quot;,&quot;camera&quot;:&quot;&quot;,&quot;caption&quot;:&quot;&quot;,&quot;created_timestamp&quot;:&quot;0&quot;,&quot;copyright&quot;:&quot;&quot;,&quot;focal_length&quot;:&quot;0&quot;,&quot;iso&quot;:&quot;0&quot;,&quot;shutter_speed&quot;:&quot;0&quot;,&quot;title&quot;:&quot;&quot;,&quot;orientation&quot;:&quot;0&quot;}\" data-image-title=\"11\" data-image-description=\"\" data-image-caption=\"\" data-medium-file=\"https:\/\/www.legistdf.gob.ar\/wp-content\/uploads\/2018\/08\/11-300x200.jpg\" data-large-file=\"https:\/\/www.legistdf.gob.ar\/wp-content\/uploads\/2018\/08\/11.jpg\" \/><\/a>\n\t\t\t<\/dt><\/dl><dl class='gallery-item'>\n\t\t\t<dt class='gallery-icon landscape'>\n\t\t\t\t<a href='https:\/\/www.legistdf.gob.ar\/6-72\/'><img loading=\"lazy\" decoding=\"async\" width=\"150\" height=\"150\" src=\"https:\/\/www.legistdf.gob.ar\/wp-content\/uploads\/2018\/08\/6-2-150x150.jpg\" class=\"attachment-thumbnail size-thumbnail\" alt=\"\" srcset=\"https:\/\/www.legistdf.gob.ar\/wp-content\/uploads\/2018\/08\/6-2-150x150.jpg 150w, https:\/\/www.legistdf.gob.ar\/wp-content\/uploads\/2018\/08\/6-2-300x300.jpg 300w, https:\/\/www.legistdf.gob.ar\/wp-content\/uploads\/2018\/08\/6-2-768x768.jpg 768w, https:\/\/www.legistdf.gob.ar\/wp-content\/uploads\/2018\/08\/6-2-160x160.jpg 160w, https:\/\/www.legistdf.gob.ar\/wp-content\/uploads\/2018\/08\/6-2-64x64.jpg 64w, https:\/\/www.legistdf.gob.ar\/wp-content\/uploads\/2018\/08\/6-2.jpg 1000w\" sizes=\"(max-width: 150px) 100vw, 150px\" data-attachment-id=\"9102\" data-permalink=\"https:\/\/www.legistdf.gob.ar\/6-72\/\" data-orig-file=\"https:\/\/www.legistdf.gob.ar\/wp-content\/uploads\/2018\/08\/6-2.jpg\" data-orig-size=\"1000,1000\" data-comments-opened=\"0\" data-image-meta=\"{&quot;aperture&quot;:&quot;0&quot;,&quot;credit&quot;:&quot;&quot;,&quot;camera&quot;:&quot;&quot;,&quot;caption&quot;:&quot;&quot;,&quot;created_timestamp&quot;:&quot;0&quot;,&quot;copyright&quot;:&quot;&quot;,&quot;focal_length&quot;:&quot;0&quot;,&quot;iso&quot;:&quot;0&quot;,&quot;shutter_speed&quot;:&quot;0&quot;,&quot;title&quot;:&quot;&quot;,&quot;orientation&quot;:&quot;0&quot;}\" data-image-title=\"6\" data-image-description=\"\" data-image-caption=\"\" data-medium-file=\"https:\/\/www.legistdf.gob.ar\/wp-content\/uploads\/2018\/08\/6-2-300x300.jpg\" data-large-file=\"https:\/\/www.legistdf.gob.ar\/wp-content\/uploads\/2018\/08\/6-2.jpg\" \/><\/a>\n\t\t\t<\/dt><\/dl><dl class='gallery-item'>\n\t\t\t<dt class='gallery-icon landscape'>\n\t\t\t\t<a href='https:\/\/www.legistdf.gob.ar\/5-104\/'><img loading=\"lazy\" decoding=\"async\" width=\"150\" height=\"150\" src=\"https:\/\/www.legistdf.gob.ar\/wp-content\/uploads\/2018\/08\/5-3-150x150.jpg\" class=\"attachment-thumbnail size-thumbnail\" alt=\"\" srcset=\"https:\/\/www.legistdf.gob.ar\/wp-content\/uploads\/2018\/08\/5-3-150x150.jpg 150w, https:\/\/www.legistdf.gob.ar\/wp-content\/uploads\/2018\/08\/5-3-64x64.jpg 64w\" sizes=\"(max-width: 150px) 100vw, 150px\" data-attachment-id=\"9101\" data-permalink=\"https:\/\/www.legistdf.gob.ar\/5-104\/\" data-orig-file=\"https:\/\/www.legistdf.gob.ar\/wp-content\/uploads\/2018\/08\/5-3.jpg\" data-orig-size=\"1000,666\" data-comments-opened=\"0\" data-image-meta=\"{&quot;aperture&quot;:&quot;0&quot;,&quot;credit&quot;:&quot;&quot;,&quot;camera&quot;:&quot;&quot;,&quot;caption&quot;:&quot;&quot;,&quot;created_timestamp&quot;:&quot;0&quot;,&quot;copyright&quot;:&quot;&quot;,&quot;focal_length&quot;:&quot;0&quot;,&quot;iso&quot;:&quot;0&quot;,&quot;shutter_speed&quot;:&quot;0&quot;,&quot;title&quot;:&quot;&quot;,&quot;orientation&quot;:&quot;0&quot;}\" data-image-title=\"5\" data-image-description=\"\" data-image-caption=\"\" data-medium-file=\"https:\/\/www.legistdf.gob.ar\/wp-content\/uploads\/2018\/08\/5-3-300x200.jpg\" data-large-file=\"https:\/\/www.legistdf.gob.ar\/wp-content\/uploads\/2018\/08\/5-3.jpg\" \/><\/a>\n\t\t\t<\/dt><\/dl><br style=\"clear: both\" \/><dl class='gallery-item'>\n\t\t\t<dt class='gallery-icon landscape'>\n\t\t\t\t<a href='https:\/\/www.legistdf.gob.ar\/3-126\/'><img loading=\"lazy\" decoding=\"async\" width=\"150\" height=\"150\" src=\"https:\/\/www.legistdf.gob.ar\/wp-content\/uploads\/2018\/08\/3-5-150x150.jpg\" class=\"attachment-thumbnail size-thumbnail\" alt=\"\" srcset=\"https:\/\/www.legistdf.gob.ar\/wp-content\/uploads\/2018\/08\/3-5-150x150.jpg 150w, https:\/\/www.legistdf.gob.ar\/wp-content\/uploads\/2018\/08\/3-5-64x64.jpg 64w\" sizes=\"(max-width: 150px) 100vw, 150px\" data-attachment-id=\"9099\" data-permalink=\"https:\/\/www.legistdf.gob.ar\/3-126\/\" data-orig-file=\"https:\/\/www.legistdf.gob.ar\/wp-content\/uploads\/2018\/08\/3-5.jpg\" data-orig-size=\"1000,666\" data-comments-opened=\"0\" data-image-meta=\"{&quot;aperture&quot;:&quot;0&quot;,&quot;credit&quot;:&quot;&quot;,&quot;camera&quot;:&quot;&quot;,&quot;caption&quot;:&quot;&quot;,&quot;created_timestamp&quot;:&quot;0&quot;,&quot;copyright&quot;:&quot;&quot;,&quot;focal_length&quot;:&quot;0&quot;,&quot;iso&quot;:&quot;0&quot;,&quot;shutter_speed&quot;:&quot;0&quot;,&quot;title&quot;:&quot;&quot;,&quot;orientation&quot;:&quot;0&quot;}\" data-image-title=\"3\" data-image-description=\"\" data-image-caption=\"\" data-medium-file=\"https:\/\/www.legistdf.gob.ar\/wp-content\/uploads\/2018\/08\/3-5-300x200.jpg\" data-large-file=\"https:\/\/www.legistdf.gob.ar\/wp-content\/uploads\/2018\/08\/3-5.jpg\" \/><\/a>\n\t\t\t<\/dt><\/dl>\n\t\t\t<br style='clear: both' \/>\n\t\t<\/div>\n\n","protected":false},"excerpt":{"rendered":"<p>&nbsp; Ushuaia, mi\u00e9rcoles 29 de agosto de 2018.- Organizado por la legisladora Myriam Mart\u00ednez y su equipo de trabajo, el s\u00e1bado pasado, se realiz\u00f3 el seminario \u201cCannabis terap\u00e9utico y salud\u201d, en el gimnasio de la escuela N\u00b0 3 de la capital provincial. Luego del encuentro, la legisladora Liliana Mart\u00ednez Allende (UCR \u2013 Cambiemos) y los [&hellip;]<\/p>\n","protected":false},"author":352,"featured_media":9122,"comment_status":"closed","ping_status":"open","sticky":false,"template":"","format":"standard","meta":{"jetpack_post_was_ever_published":false,"_jetpack_newsletter_access":"","_jetpack_dont_email_post_to_subs":false,"_jetpack_newsletter_tier_id":0,"footnotes":"","jetpack_publicize_message":"","jetpack_publicize_feature_enabled":true,"jetpack_social_post_already_shared":true,"jetpack_social_options":{"image_generator_settings":{"template":"highway","enabled":false}}},"categories":[1],"tags":[495,493,445,484,482,483,494,490,155,487,491,489,82,488,492],"jetpack_publicize_connections":[],"jetpack_sharing_enabled":true,"jetpack_featured_media_url":"https:\/\/www.legistdf.gob.ar\/wp-content\/uploads\/2018\/08\/IMG_0182.jpg","jetpack-related-posts":[],"_links":{"self":[{"href":"https:\/\/www.legistdf.gob.ar\/index.php\/wp-json\/wp\/v2\/posts\/9126"}],"collection":[{"href":"https:\/\/www.legistdf.gob.ar\/index.php\/wp-json\/wp\/v2\/posts"}],"about":[{"href":"https:\/\/www.legistdf.gob.ar\/index.php\/wp-json\/wp\/v2\/types\/post"}],"author":[{"embeddable":true,"href":"https:\/\/www.legistdf.gob.ar\/index.php\/wp-json\/wp\/v2\/users\/352"}],"replies":[{"embeddable":true,"href":"https:\/\/www.legistdf.gob.ar\/index.php\/wp-json\/wp\/v2\/comments?post=9126"}],"version-history":[{"count":5,"href":"https:\/\/www.legistdf.gob.ar\/index.php\/wp-json\/wp\/v2\/posts\/9126\/revisions"}],"predecessor-version":[{"id":9158,"href":"https:\/\/www.legistdf.gob.ar\/index.php\/wp-json\/wp\/v2\/posts\/9126\/revisions\/9158"}],"wp:featuredmedia":[{"embeddable":true,"href":"https:\/\/www.legistdf.gob.ar\/index.php\/wp-json\/wp\/v2\/media\/9122"}],"wp:attachment":[{"href":"https:\/\/www.legistdf.gob.ar\/index.php\/wp-json\/wp\/v2\/media?parent=9126"}],"wp:term":[{"taxonomy":"category","embeddable":true,"href":"https:\/\/www.legistdf.gob.ar\/index.php\/wp-json\/wp\/v2\/categories?post=9126"},{"taxonomy":"post_tag","embeddable":true,"href":"https:\/\/www.legistdf.gob.ar\/index.php\/wp-json\/wp\/v2\/tags?post=9126"}],"curies":[{"name":"wp","href":"https:\/\/api.w.org\/{rel}","templated":true}]}}