{"id":9154,"date":"2018-08-28T19:43:09","date_gmt":"2018-08-28T22:43:09","guid":{"rendered":"http:\/\/www.legistdf.gob.ar\/?p=9154"},"modified":"2018-08-28T19:41:47","modified_gmt":"2018-08-28T22:41:47","slug":"cultura-el-coro-del-fin-del-mundo-visito-la-legislatura","status":"publish","type":"post","link":"https:\/\/www.legistdf.gob.ar\/index.php\/2018\/08\/28\/cultura-el-coro-del-fin-del-mundo-visito-la-legislatura\/","title":{"rendered":"CULTURA: El Coro del Fin Del Mundo visit\u00f3 la Legislatura"},"content":{"rendered":"<p>&nbsp;<\/p>\n<p><strong>Ushuaia, mi\u00e9rcoles 29 de agosto de 2018.- El vicegobernador Juan Carlos Arcando recibi\u00f3 al Presidente del Coro del Fin del Mundo, para conocer las actividades que realizan como aporte a la cultura fueguina. Cabe recordar, que se trata del conjunto oficial de la Provincia y que se present\u00f3 en junio en el Centro Cultural Kirchner (CCK), a sala llena.<\/strong><\/p>\n<p>&nbsp;<\/p>\n<p>Gustavo Zamora presidente del Coro del Fin del Mundo, agradeci\u00f3 el acompa\u00f1amiento de la Legislatura provincial, a trav\u00e9s del Vicegobernador, en las actividades que contin\u00faan en desarrollo.<\/p>\n<p>&nbsp;<\/p>\n<p>Cont\u00f3 a Prensa Legislativa, que trabajan en \u201cdos proyectos para lo que queda del a\u00f1o. En octubre habr\u00e1 un encuentro de coros, donde se presentar\u00e1n grupo de otras provincias, que auspiciar\u00e1 el gran evento de estas caracter\u00edsticas que estamos organizando, para el a\u00f1o que viene\u201d, dijo Zamora.<\/p>\n<p>&nbsp;<\/p>\n<p>El Coro del Fin del Mundo cuenta con 35 integrantes, \u201ceste mes creamos un nuevo coro, con audiciones de m\u00e1s de 50 personas. Este grupo, ya tiene cuatro ensayos y esto responde a la necesidad planteada de mucha gente que quer\u00eda cantar y no cuenta con la capacidad sobre exigida del grupo que llevamos adelante. Se requieren otras t\u00e9cnicas vocales y esto tiene que ver, con los a\u00f1os que llevamos adelante, este segundo grupo es menos exigido\u201d, describi\u00f3.<\/p>\n<p>&nbsp;<\/p>\n<p>Por \u00faltimo, el referente del grupo, adelant\u00f3 que antes de finalizar el a\u00f1o quieren concretar el espacio del \u201censamble del fin del mundo que pretendemos armar\u201d, cerr\u00f3 Zamora.<\/p>\n<p>&nbsp;<\/p>\n\n\t\t<style type=\"text\/css\">\n\t\t\t#gallery-1 {\n\t\t\t\tmargin: auto;\n\t\t\t}\n\t\t\t#gallery-1 .gallery-item {\n\t\t\t\tfloat: left;\n\t\t\t\tmargin-top: 10px;\n\t\t\t\ttext-align: center;\n\t\t\t\twidth: 100%;\n\t\t\t}\n\t\t\t#gallery-1 img {\n\t\t\t\tborder: 2px solid #cfcfcf;\n\t\t\t}\n\t\t\t#gallery-1 .gallery-caption {\n\t\t\t\tmargin-left: 0;\n\t\t\t}\n\t\t\t\/* see gallery_shortcode() in wp-includes\/media.php *\/\n\t\t<\/style>\n\t\t<div data-carousel-extra='{\"blog_id\":1,\"permalink\":\"https:\\\/\\\/www.legistdf.gob.ar\\\/index.php\\\/2018\\\/08\\\/28\\\/cultura-el-coro-del-fin-del-mundo-visito-la-legislatura\\\/\"}' id='gallery-1' class='gallery galleryid-9154 gallery-columns-1 gallery-size-thumbnail'><dl class='gallery-item'>\n\t\t\t<dt class='gallery-icon landscape'>\n\t\t\t\t<a href='https:\/\/www.legistdf.gob.ar\/img_0046-5\/'><img loading=\"lazy\" decoding=\"async\" width=\"150\" height=\"150\" src=\"https:\/\/www.legistdf.gob.ar\/wp-content\/uploads\/2018\/08\/IMG_0046-150x150.jpg\" class=\"attachment-thumbnail size-thumbnail\" alt=\"\" srcset=\"https:\/\/www.legistdf.gob.ar\/wp-content\/uploads\/2018\/08\/IMG_0046-150x150.jpg 150w, https:\/\/www.legistdf.gob.ar\/wp-content\/uploads\/2018\/08\/IMG_0046-64x64.jpg 64w\" sizes=\"(max-width: 150px) 100vw, 150px\" data-attachment-id=\"9152\" data-permalink=\"https:\/\/www.legistdf.gob.ar\/img_0046-5\/\" data-orig-file=\"https:\/\/www.legistdf.gob.ar\/wp-content\/uploads\/2018\/08\/IMG_0046.jpg\" data-orig-size=\"1000,667\" data-comments-opened=\"0\" data-image-meta=\"{&quot;aperture&quot;:&quot;0&quot;,&quot;credit&quot;:&quot;&quot;,&quot;camera&quot;:&quot;&quot;,&quot;caption&quot;:&quot;&quot;,&quot;created_timestamp&quot;:&quot;0&quot;,&quot;copyright&quot;:&quot;&quot;,&quot;focal_length&quot;:&quot;0&quot;,&quot;iso&quot;:&quot;0&quot;,&quot;shutter_speed&quot;:&quot;0&quot;,&quot;title&quot;:&quot;&quot;,&quot;orientation&quot;:&quot;0&quot;}\" data-image-title=\"IMG_0046\" data-image-description=\"\" data-image-caption=\"\" data-medium-file=\"https:\/\/www.legistdf.gob.ar\/wp-content\/uploads\/2018\/08\/IMG_0046-300x200.jpg\" data-large-file=\"https:\/\/www.legistdf.gob.ar\/wp-content\/uploads\/2018\/08\/IMG_0046.jpg\" \/><\/a>\n\t\t\t<\/dt><\/dl><br style=\"clear: both\" \/>\n\t\t<\/div>\n\n<p>&nbsp;<\/p>\n","protected":false},"excerpt":{"rendered":"<p>&nbsp; Ushuaia, mi\u00e9rcoles 29 de agosto de 2018.- El vicegobernador Juan Carlos Arcando recibi\u00f3 al Presidente del Coro del Fin del Mundo, para conocer las actividades que realizan como aporte a la cultura fueguina. Cabe recordar, que se trata del conjunto oficial de la Provincia y que se present\u00f3 en junio en el Centro Cultural [&hellip;]<\/p>\n","protected":false},"author":352,"featured_media":9152,"comment_status":"closed","ping_status":"open","sticky":false,"template":"","format":"standard","meta":{"jetpack_post_was_ever_published":false,"_jetpack_newsletter_access":"","_jetpack_dont_email_post_to_subs":false,"_jetpack_newsletter_tier_id":0,"footnotes":"","jetpack_publicize_message":"","jetpack_publicize_feature_enabled":true,"jetpack_social_post_already_shared":true,"jetpack_social_options":{"image_generator_settings":{"template":"highway","enabled":false}}},"categories":[1],"tags":[272,47,507,97,130,134,87],"jetpack_publicize_connections":[],"jetpack_sharing_enabled":true,"jetpack_featured_media_url":"https:\/\/www.legistdf.gob.ar\/wp-content\/uploads\/2018\/08\/IMG_0046.jpg","jetpack-related-posts":[],"_links":{"self":[{"href":"https:\/\/www.legistdf.gob.ar\/index.php\/wp-json\/wp\/v2\/posts\/9154"}],"collection":[{"href":"https:\/\/www.legistdf.gob.ar\/index.php\/wp-json\/wp\/v2\/posts"}],"about":[{"href":"https:\/\/www.legistdf.gob.ar\/index.php\/wp-json\/wp\/v2\/types\/post"}],"author":[{"embeddable":true,"href":"https:\/\/www.legistdf.gob.ar\/index.php\/wp-json\/wp\/v2\/users\/352"}],"replies":[{"embeddable":true,"href":"https:\/\/www.legistdf.gob.ar\/index.php\/wp-json\/wp\/v2\/comments?post=9154"}],"version-history":[{"count":1,"href":"https:\/\/www.legistdf.gob.ar\/index.php\/wp-json\/wp\/v2\/posts\/9154\/revisions"}],"predecessor-version":[{"id":9155,"href":"https:\/\/www.legistdf.gob.ar\/index.php\/wp-json\/wp\/v2\/posts\/9154\/revisions\/9155"}],"wp:featuredmedia":[{"embeddable":true,"href":"https:\/\/www.legistdf.gob.ar\/index.php\/wp-json\/wp\/v2\/media\/9152"}],"wp:attachment":[{"href":"https:\/\/www.legistdf.gob.ar\/index.php\/wp-json\/wp\/v2\/media?parent=9154"}],"wp:term":[{"taxonomy":"category","embeddable":true,"href":"https:\/\/www.legistdf.gob.ar\/index.php\/wp-json\/wp\/v2\/categories?post=9154"},{"taxonomy":"post_tag","embeddable":true,"href":"https:\/\/www.legistdf.gob.ar\/index.php\/wp-json\/wp\/v2\/tags?post=9154"}],"curies":[{"name":"wp","href":"https:\/\/api.w.org\/{rel}","templated":true}]}}