{"id":9179,"date":"2018-09-02T12:00:54","date_gmt":"2018-09-02T15:00:54","guid":{"rendered":"http:\/\/www.legistdf.gob.ar\/?p=9179"},"modified":"2018-08-31T17:09:47","modified_gmt":"2018-08-31T20:09:47","slug":"cultura-mediante-acciones-por-el-medio-ambiente-eligen-miss-earth","status":"publish","type":"post","link":"https:\/\/www.legistdf.gob.ar\/index.php\/2018\/09\/02\/cultura-mediante-acciones-por-el-medio-ambiente-eligen-miss-earth\/","title":{"rendered":"CULTURA: Mediante acciones por el medio ambiente, eligen Miss Earth  \u00a0"},"content":{"rendered":"<p>&nbsp;<\/p>\n<p><strong>Ushuaia, domingo 2 septiembre de 2018.- Dolores Cardoso, Miss Earth Argentina, visit\u00f3 por primera vez Tierra del Fuego antes de viajar a Filipinas, donde participar\u00e1 del certamen a nivel mundial. El vicegobernador Juan Carlos Arcando se reuni\u00f3 con ella antes de su partida. \u201cEstoy enamorada de Ushuaia y sus hermosos paisajes, ya desde el cielo qued\u00e9 encantada por sus bellezas\u201d, dijo.<\/strong><\/p>\n<p><strong>\u00a0<\/strong><\/p>\n<p>En di\u00e1logo con Prensa Legislativa, Cardoso explic\u00f3 que \u201cMiss Earth\u00a0es un concurso que promueve el cuidado del\u00a0medio ambiente\u00a0y la\u00a0responsabilidad social.\u00a0Se elige a la representante que fomente un proyecto social. Nosotros queremos difundir el tema de la\u00a0reforestaci\u00f3n, para\u00a0inculcar en la sociedad la importancia de\u00a0forestar y no talar, para prevenir y\u00a0controlar el\u00a0impacto\u00a0de nuestros actos en el\u00a0medio ambiente\u201d.<\/p>\n<p>&nbsp;<\/p>\n<p>Respecto del concurso, detall\u00f3 que se llevar\u00e1 a cabo en octubre, durante 30 d\u00edas, en Filipinas. All\u00ed, unas 80 representantes de distintos pa\u00edses del mundo, se disputar\u00e1n la coronaci\u00f3n de la competencia. \u201cSe elegir\u00e1n 4 ganadoras, la reina ser\u00e1 Miss Tierra y luego los restantes tres fen\u00f3menos de la naturaleza: Aire, fuego y agua. La idea es concientizar tambi\u00e9n a los dem\u00e1s pa\u00edses, promoviendo el turismo, la cultura\u201d, explic\u00f3 Cardoso.<\/p>\n<p>&nbsp;<\/p>\n<p>La concursante es oriunda de Arrecifes, provincia de\u00a0Buenos Aires, tiene 22 a\u00f1os y cursa el \u00faltimo a\u00f1o de\u00a0la\u00a0licenciatura en Relaciones P\u00fablicas\u00a0en la Universidad del Salvador (USAL). Adem\u00e1s, estudia\u00a0teatro\u00a0en la escuela de\u00a0Julio Ch\u00e1vez.<\/p>\n<p>&nbsp;<\/p>\n<p>El certamen se realiza desde 2001, este a\u00f1o\u00a0ser\u00e1\u00a0el\u00a06 de octubre y tiene una duraci\u00f3n de 30 d\u00edas. Viajan 80 representantes de pa\u00edses de todo el mundo, con una preselecci\u00f3n de 20 y luego pasan 8 a una semifinal; entre esos se eligen las\u00a04 finalistas, quienes representar\u00e1n\u00a0los cuatro fen\u00f3menos de la naturaleza.<\/p>\n<p>&nbsp;<\/p>\n\n\t\t<style type=\"text\/css\">\n\t\t\t#gallery-1 {\n\t\t\t\tmargin: auto;\n\t\t\t}\n\t\t\t#gallery-1 .gallery-item {\n\t\t\t\tfloat: left;\n\t\t\t\tmargin-top: 10px;\n\t\t\t\ttext-align: center;\n\t\t\t\twidth: 33%;\n\t\t\t}\n\t\t\t#gallery-1 img {\n\t\t\t\tborder: 2px solid #cfcfcf;\n\t\t\t}\n\t\t\t#gallery-1 .gallery-caption {\n\t\t\t\tmargin-left: 0;\n\t\t\t}\n\t\t\t\/* see gallery_shortcode() in wp-includes\/media.php *\/\n\t\t<\/style>\n\t\t<div data-carousel-extra='{\"blog_id\":1,\"permalink\":\"https:\\\/\\\/www.legistdf.gob.ar\\\/index.php\\\/2018\\\/09\\\/02\\\/cultura-mediante-acciones-por-el-medio-ambiente-eligen-miss-earth\\\/\"}' id='gallery-1' class='gallery galleryid-9179 gallery-columns-3 gallery-size-thumbnail'><dl class='gallery-item'>\n\t\t\t<dt class='gallery-icon landscape'>\n\t\t\t\t<a href='https:\/\/www.legistdf.gob.ar\/index.php\/2018\/09\/02\/cultura-mediante-acciones-por-el-medio-ambiente-eligen-miss-earth\/img_3285\/'><img loading=\"lazy\" decoding=\"async\" width=\"150\" height=\"150\" src=\"https:\/\/www.legistdf.gob.ar\/wp-content\/uploads\/2018\/08\/IMG_3285-150x150.jpg\" class=\"attachment-thumbnail size-thumbnail\" alt=\"\" srcset=\"https:\/\/www.legistdf.gob.ar\/wp-content\/uploads\/2018\/08\/IMG_3285-150x150.jpg 150w, https:\/\/www.legistdf.gob.ar\/wp-content\/uploads\/2018\/08\/IMG_3285-64x64.jpg 64w\" sizes=\"(max-width: 150px) 100vw, 150px\" data-attachment-id=\"9180\" data-permalink=\"https:\/\/www.legistdf.gob.ar\/index.php\/2018\/09\/02\/cultura-mediante-acciones-por-el-medio-ambiente-eligen-miss-earth\/img_3285\/\" data-orig-file=\"https:\/\/www.legistdf.gob.ar\/wp-content\/uploads\/2018\/08\/IMG_3285.jpg\" data-orig-size=\"1000,667\" data-comments-opened=\"0\" data-image-meta=\"{&quot;aperture&quot;:&quot;0&quot;,&quot;credit&quot;:&quot;&quot;,&quot;camera&quot;:&quot;&quot;,&quot;caption&quot;:&quot;&quot;,&quot;created_timestamp&quot;:&quot;0&quot;,&quot;copyright&quot;:&quot;&quot;,&quot;focal_length&quot;:&quot;0&quot;,&quot;iso&quot;:&quot;0&quot;,&quot;shutter_speed&quot;:&quot;0&quot;,&quot;title&quot;:&quot;&quot;,&quot;orientation&quot;:&quot;0&quot;}\" data-image-title=\"IMG_3285\" data-image-description=\"\" data-image-caption=\"\" data-medium-file=\"https:\/\/www.legistdf.gob.ar\/wp-content\/uploads\/2018\/08\/IMG_3285-300x200.jpg\" data-large-file=\"https:\/\/www.legistdf.gob.ar\/wp-content\/uploads\/2018\/08\/IMG_3285.jpg\" \/><\/a>\n\t\t\t<\/dt><\/dl><dl class='gallery-item'>\n\t\t\t<dt class='gallery-icon landscape'>\n\t\t\t\t<a href='https:\/\/www.legistdf.gob.ar\/index.php\/2018\/09\/02\/cultura-mediante-acciones-por-el-medio-ambiente-eligen-miss-earth\/img_3288\/'><img loading=\"lazy\" decoding=\"async\" width=\"150\" height=\"150\" src=\"https:\/\/www.legistdf.gob.ar\/wp-content\/uploads\/2018\/08\/IMG_3288-150x150.jpg\" class=\"attachment-thumbnail size-thumbnail\" alt=\"\" srcset=\"https:\/\/www.legistdf.gob.ar\/wp-content\/uploads\/2018\/08\/IMG_3288-150x150.jpg 150w, https:\/\/www.legistdf.gob.ar\/wp-content\/uploads\/2018\/08\/IMG_3288-64x64.jpg 64w\" sizes=\"(max-width: 150px) 100vw, 150px\" data-attachment-id=\"9181\" data-permalink=\"https:\/\/www.legistdf.gob.ar\/index.php\/2018\/09\/02\/cultura-mediante-acciones-por-el-medio-ambiente-eligen-miss-earth\/img_3288\/\" data-orig-file=\"https:\/\/www.legistdf.gob.ar\/wp-content\/uploads\/2018\/08\/IMG_3288.jpg\" data-orig-size=\"1000,667\" data-comments-opened=\"0\" data-image-meta=\"{&quot;aperture&quot;:&quot;0&quot;,&quot;credit&quot;:&quot;&quot;,&quot;camera&quot;:&quot;&quot;,&quot;caption&quot;:&quot;&quot;,&quot;created_timestamp&quot;:&quot;0&quot;,&quot;copyright&quot;:&quot;&quot;,&quot;focal_length&quot;:&quot;0&quot;,&quot;iso&quot;:&quot;0&quot;,&quot;shutter_speed&quot;:&quot;0&quot;,&quot;title&quot;:&quot;&quot;,&quot;orientation&quot;:&quot;0&quot;}\" data-image-title=\"IMG_3288\" data-image-description=\"\" data-image-caption=\"\" data-medium-file=\"https:\/\/www.legistdf.gob.ar\/wp-content\/uploads\/2018\/08\/IMG_3288-300x200.jpg\" data-large-file=\"https:\/\/www.legistdf.gob.ar\/wp-content\/uploads\/2018\/08\/IMG_3288.jpg\" \/><\/a>\n\t\t\t<\/dt><\/dl><dl class='gallery-item'>\n\t\t\t<dt class='gallery-icon landscape'>\n\t\t\t\t<a href='https:\/\/www.legistdf.gob.ar\/index.php\/2018\/09\/02\/cultura-mediante-acciones-por-el-medio-ambiente-eligen-miss-earth\/img_3290\/'><img loading=\"lazy\" decoding=\"async\" width=\"150\" height=\"150\" src=\"https:\/\/www.legistdf.gob.ar\/wp-content\/uploads\/2018\/08\/IMG_3290-150x150.jpg\" class=\"attachment-thumbnail size-thumbnail\" alt=\"\" srcset=\"https:\/\/www.legistdf.gob.ar\/wp-content\/uploads\/2018\/08\/IMG_3290-150x150.jpg 150w, https:\/\/www.legistdf.gob.ar\/wp-content\/uploads\/2018\/08\/IMG_3290-64x64.jpg 64w\" sizes=\"(max-width: 150px) 100vw, 150px\" data-attachment-id=\"9182\" data-permalink=\"https:\/\/www.legistdf.gob.ar\/index.php\/2018\/09\/02\/cultura-mediante-acciones-por-el-medio-ambiente-eligen-miss-earth\/img_3290\/\" data-orig-file=\"https:\/\/www.legistdf.gob.ar\/wp-content\/uploads\/2018\/08\/IMG_3290.jpg\" data-orig-size=\"1000,667\" data-comments-opened=\"0\" data-image-meta=\"{&quot;aperture&quot;:&quot;0&quot;,&quot;credit&quot;:&quot;&quot;,&quot;camera&quot;:&quot;&quot;,&quot;caption&quot;:&quot;&quot;,&quot;created_timestamp&quot;:&quot;0&quot;,&quot;copyright&quot;:&quot;&quot;,&quot;focal_length&quot;:&quot;0&quot;,&quot;iso&quot;:&quot;0&quot;,&quot;shutter_speed&quot;:&quot;0&quot;,&quot;title&quot;:&quot;&quot;,&quot;orientation&quot;:&quot;0&quot;}\" data-image-title=\"IMG_3290\" data-image-description=\"\" data-image-caption=\"\" data-medium-file=\"https:\/\/www.legistdf.gob.ar\/wp-content\/uploads\/2018\/08\/IMG_3290-300x200.jpg\" data-large-file=\"https:\/\/www.legistdf.gob.ar\/wp-content\/uploads\/2018\/08\/IMG_3290.jpg\" \/><\/a>\n\t\t\t<\/dt><\/dl><br style=\"clear: both\" \/><dl class='gallery-item'>\n\t\t\t<dt class='gallery-icon landscape'>\n\t\t\t\t<a href='https:\/\/www.legistdf.gob.ar\/index.php\/2018\/09\/02\/cultura-mediante-acciones-por-el-medio-ambiente-eligen-miss-earth\/img_3305\/'><img loading=\"lazy\" decoding=\"async\" width=\"150\" height=\"150\" src=\"https:\/\/www.legistdf.gob.ar\/wp-content\/uploads\/2018\/08\/IMG_3305-150x150.jpg\" class=\"attachment-thumbnail size-thumbnail\" alt=\"\" srcset=\"https:\/\/www.legistdf.gob.ar\/wp-content\/uploads\/2018\/08\/IMG_3305-150x150.jpg 150w, https:\/\/www.legistdf.gob.ar\/wp-content\/uploads\/2018\/08\/IMG_3305-64x64.jpg 64w\" sizes=\"(max-width: 150px) 100vw, 150px\" data-attachment-id=\"9183\" data-permalink=\"https:\/\/www.legistdf.gob.ar\/index.php\/2018\/09\/02\/cultura-mediante-acciones-por-el-medio-ambiente-eligen-miss-earth\/img_3305\/\" data-orig-file=\"https:\/\/www.legistdf.gob.ar\/wp-content\/uploads\/2018\/08\/IMG_3305.jpg\" data-orig-size=\"1000,667\" data-comments-opened=\"0\" data-image-meta=\"{&quot;aperture&quot;:&quot;0&quot;,&quot;credit&quot;:&quot;&quot;,&quot;camera&quot;:&quot;&quot;,&quot;caption&quot;:&quot;&quot;,&quot;created_timestamp&quot;:&quot;0&quot;,&quot;copyright&quot;:&quot;&quot;,&quot;focal_length&quot;:&quot;0&quot;,&quot;iso&quot;:&quot;0&quot;,&quot;shutter_speed&quot;:&quot;0&quot;,&quot;title&quot;:&quot;&quot;,&quot;orientation&quot;:&quot;0&quot;}\" data-image-title=\"IMG_3305\" data-image-description=\"\" data-image-caption=\"\" data-medium-file=\"https:\/\/www.legistdf.gob.ar\/wp-content\/uploads\/2018\/08\/IMG_3305-300x200.jpg\" data-large-file=\"https:\/\/www.legistdf.gob.ar\/wp-content\/uploads\/2018\/08\/IMG_3305.jpg\" \/><\/a>\n\t\t\t<\/dt><\/dl><dl class='gallery-item'>\n\t\t\t<dt class='gallery-icon landscape'>\n\t\t\t\t<a href='https:\/\/www.legistdf.gob.ar\/index.php\/2018\/09\/02\/cultura-mediante-acciones-por-el-medio-ambiente-eligen-miss-earth\/img_3311\/'><img loading=\"lazy\" decoding=\"async\" width=\"150\" height=\"150\" src=\"https:\/\/www.legistdf.gob.ar\/wp-content\/uploads\/2018\/08\/IMG_3311-150x150.jpg\" class=\"attachment-thumbnail size-thumbnail\" alt=\"\" srcset=\"https:\/\/www.legistdf.gob.ar\/wp-content\/uploads\/2018\/08\/IMG_3311-150x150.jpg 150w, https:\/\/www.legistdf.gob.ar\/wp-content\/uploads\/2018\/08\/IMG_3311-64x64.jpg 64w\" sizes=\"(max-width: 150px) 100vw, 150px\" data-attachment-id=\"9184\" data-permalink=\"https:\/\/www.legistdf.gob.ar\/index.php\/2018\/09\/02\/cultura-mediante-acciones-por-el-medio-ambiente-eligen-miss-earth\/img_3311\/\" data-orig-file=\"https:\/\/www.legistdf.gob.ar\/wp-content\/uploads\/2018\/08\/IMG_3311.jpg\" data-orig-size=\"1000,667\" data-comments-opened=\"0\" data-image-meta=\"{&quot;aperture&quot;:&quot;0&quot;,&quot;credit&quot;:&quot;&quot;,&quot;camera&quot;:&quot;&quot;,&quot;caption&quot;:&quot;&quot;,&quot;created_timestamp&quot;:&quot;0&quot;,&quot;copyright&quot;:&quot;&quot;,&quot;focal_length&quot;:&quot;0&quot;,&quot;iso&quot;:&quot;0&quot;,&quot;shutter_speed&quot;:&quot;0&quot;,&quot;title&quot;:&quot;&quot;,&quot;orientation&quot;:&quot;0&quot;}\" data-image-title=\"IMG_3311\" data-image-description=\"\" data-image-caption=\"\" data-medium-file=\"https:\/\/www.legistdf.gob.ar\/wp-content\/uploads\/2018\/08\/IMG_3311-300x200.jpg\" data-large-file=\"https:\/\/www.legistdf.gob.ar\/wp-content\/uploads\/2018\/08\/IMG_3311.jpg\" \/><\/a>\n\t\t\t<\/dt><\/dl>\n\t\t\t<br style='clear: both' \/>\n\t\t<\/div>\n\n","protected":false},"excerpt":{"rendered":"<p>&nbsp; Ushuaia, domingo 2 septiembre de 2018.- Dolores Cardoso, Miss Earth Argentina, visit\u00f3 por primera vez Tierra del Fuego antes de viajar a Filipinas, donde participar\u00e1 del certamen a nivel mundial. El vicegobernador Juan Carlos Arcando se reuni\u00f3 con ella antes de su partida. \u201cEstoy enamorada de Ushuaia y sus hermosos paisajes, ya desde el [&hellip;]<\/p>\n","protected":false},"author":352,"featured_media":9184,"comment_status":"closed","ping_status":"open","sticky":false,"template":"","format":"standard","meta":{"jetpack_post_was_ever_published":false,"_jetpack_newsletter_access":"","_jetpack_dont_email_post_to_subs":false,"_jetpack_newsletter_tier_id":0,"footnotes":"","jetpack_publicize_message":"","jetpack_publicize_feature_enabled":true,"jetpack_social_post_already_shared":true,"jetpack_social_options":{"image_generator_settings":{"template":"highway","enabled":false}}},"categories":[1],"tags":[400,518,520,97,519,521,134,265],"jetpack_publicize_connections":[],"jetpack_sharing_enabled":true,"jetpack_featured_media_url":"https:\/\/www.legistdf.gob.ar\/wp-content\/uploads\/2018\/08\/IMG_3311.jpg","jetpack-related-posts":[],"_links":{"self":[{"href":"https:\/\/www.legistdf.gob.ar\/index.php\/wp-json\/wp\/v2\/posts\/9179"}],"collection":[{"href":"https:\/\/www.legistdf.gob.ar\/index.php\/wp-json\/wp\/v2\/posts"}],"about":[{"href":"https:\/\/www.legistdf.gob.ar\/index.php\/wp-json\/wp\/v2\/types\/post"}],"author":[{"embeddable":true,"href":"https:\/\/www.legistdf.gob.ar\/index.php\/wp-json\/wp\/v2\/users\/352"}],"replies":[{"embeddable":true,"href":"https:\/\/www.legistdf.gob.ar\/index.php\/wp-json\/wp\/v2\/comments?post=9179"}],"version-history":[{"count":1,"href":"https:\/\/www.legistdf.gob.ar\/index.php\/wp-json\/wp\/v2\/posts\/9179\/revisions"}],"predecessor-version":[{"id":9185,"href":"https:\/\/www.legistdf.gob.ar\/index.php\/wp-json\/wp\/v2\/posts\/9179\/revisions\/9185"}],"wp:featuredmedia":[{"embeddable":true,"href":"https:\/\/www.legistdf.gob.ar\/index.php\/wp-json\/wp\/v2\/media\/9184"}],"wp:attachment":[{"href":"https:\/\/www.legistdf.gob.ar\/index.php\/wp-json\/wp\/v2\/media?parent=9179"}],"wp:term":[{"taxonomy":"category","embeddable":true,"href":"https:\/\/www.legistdf.gob.ar\/index.php\/wp-json\/wp\/v2\/categories?post=9179"},{"taxonomy":"post_tag","embeddable":true,"href":"https:\/\/www.legistdf.gob.ar\/index.php\/wp-json\/wp\/v2\/tags?post=9179"}],"curies":[{"name":"wp","href":"https:\/\/api.w.org\/{rel}","templated":true}]}}