{"id":9277,"date":"2018-09-06T12:00:06","date_gmt":"2018-09-06T15:00:06","guid":{"rendered":"http:\/\/www.legistdf.gob.ar\/?p=9277"},"modified":"2018-09-05T13:46:29","modified_gmt":"2018-09-05T16:46:29","slug":"salud-abordaran-regulacion-del-ejercicio-profesional-de-la-kinesiologia","status":"publish","type":"post","link":"https:\/\/www.legistdf.gob.ar\/index.php\/2018\/09\/06\/salud-abordaran-regulacion-del-ejercicio-profesional-de-la-kinesiologia\/","title":{"rendered":"SALUD: Abordar\u00e1n regulaci\u00f3n del ejercicio profesional de la kinesiolog\u00eda  \u00a0"},"content":{"rendered":"<p><strong>Ushuaia, jueves 6 de septiembre de 2018.- Por iniciativa de las legisladoras Marcela G\u00f3mez y Angelina Carrasco (FPV \u2013 PJ), el Parlamento analizar\u00e1 en la Comisi\u00f3n de Legislaci\u00f3n General (1), el asunto N\u00b0 363\/18, cuya finalidad es regular el ejercicio profesional de kinesiolog\u00eda y fisioterapia. <\/strong><\/p>\n<p><strong>\u00a0<\/strong><\/p>\n<p>El proyecto tiene por finalidad, establecer un marco legislativo que ampare y regule el ejercicio profesional de la kinesiolog\u00eda y fisioterapia en el \u00e1mbito de la Provincia. La norma propuesta, tiene su origen en la presentaci\u00f3n del anteproyecto que la Asociaci\u00f3n de Kinesi\u00f3logos de Tierra del Fuego ingres\u00f3 al Parlamento oportunamente, acompa\u00f1ada con la firma de adhesi\u00f3n de profesionales de Ushuaia, R\u00edo Grande y Tolhuin.<\/p>\n<p>&nbsp;<\/p>\n<p>La citada asociaci\u00f3n cuenta con personer\u00eda jur\u00eddica registrada bajo el N\u00b0 1467, y entre sus objetivos principales se encuentra el de legalizar y jerarquizar la profesi\u00f3n.<\/p>\n<p>&nbsp;<\/p>\n<p>En los fundamentos expuestos en el anteproyecto, expresan que: \u00abLa kinesiolog\u00eda y fisioterapia, como disciplinas de la salud, tienen como principal objetivo la promoci\u00f3n, conservaci\u00f3n y recuperaci\u00f3n de la capacidad f\u00edsica de las personas, aplicando t\u00e9cnicas de kinesioterapia, fisioterapia y kinefilaxia, dentro de los l\u00edmites de su competencia, que derivan de las incumbencias de los respectivos t\u00edtulos habilitantes\u00bb.<\/p>\n<p>&nbsp;<\/p>\n<p>Respecto de la autoridad de aplicaci\u00f3n, la norma propuesta dice: \u201cEl control del ejercicio profesional y el gobierno de la matr\u00edcula corresponden al Ministerio de Salud, a trav\u00e9s del \u00e1rea de fiscalizaci\u00f3n sanitaria, o aquella que la reemplace en el futuro, en las condiciones que establezca la reglamentaci\u00f3n\u201d.<\/p>\n<p>&nbsp;<\/p>\n<p>Para m\u00e1s informaci\u00f3n:<\/p>\n<p><a href=\"http:\/\/www.legistdf.gob.ar\/lp\/novedadesip\/Asuntos%20Entrados%202018\/As.%20N%BA%20363-18.pdf\">http:\/\/www.legistdf.gob.ar\/lp\/novedadesip\/Asuntos%20Entrados%202018\/As.%20N%BA%20363-18.pdf<\/a><\/p>\n<p>&nbsp;<\/p>\n<p style=\"text-align: right\"><em>Fotograf\u00eda archivo de Prensa Legislativa\u00a0<\/em><\/p>\n<p>&nbsp;<\/p>\n\n\t\t<style type=\"text\/css\">\n\t\t\t#gallery-1 {\n\t\t\t\tmargin: auto;\n\t\t\t}\n\t\t\t#gallery-1 .gallery-item {\n\t\t\t\tfloat: left;\n\t\t\t\tmargin-top: 10px;\n\t\t\t\ttext-align: center;\n\t\t\t\twidth: 100%;\n\t\t\t}\n\t\t\t#gallery-1 img {\n\t\t\t\tborder: 2px solid #cfcfcf;\n\t\t\t}\n\t\t\t#gallery-1 .gallery-caption {\n\t\t\t\tmargin-left: 0;\n\t\t\t}\n\t\t\t\/* see gallery_shortcode() in wp-includes\/media.php *\/\n\t\t<\/style>\n\t\t<div data-carousel-extra='{\"blog_id\":1,\"permalink\":\"https:\\\/\\\/www.legistdf.gob.ar\\\/index.php\\\/2018\\\/09\\\/06\\\/salud-abordaran-regulacion-del-ejercicio-profesional-de-la-kinesiologia\\\/\"}' id='gallery-1' class='gallery galleryid-9277 gallery-columns-1 gallery-size-thumbnail'><dl class='gallery-item'>\n\t\t\t<dt class='gallery-icon landscape'>\n\t\t\t\t<a href='https:\/\/www.legistdf.gob.ar\/index.php\/2018\/09\/06\/salud-abordaran-regulacion-del-ejercicio-profesional-de-la-kinesiologia\/as-363\/'><img loading=\"lazy\" decoding=\"async\" width=\"150\" height=\"150\" src=\"https:\/\/www.legistdf.gob.ar\/wp-content\/uploads\/2018\/09\/as.-363-150x150.jpg\" class=\"attachment-thumbnail size-thumbnail\" alt=\"\" srcset=\"https:\/\/www.legistdf.gob.ar\/wp-content\/uploads\/2018\/09\/as.-363-150x150.jpg 150w, https:\/\/www.legistdf.gob.ar\/wp-content\/uploads\/2018\/09\/as.-363-64x64.jpg 64w\" sizes=\"(max-width: 150px) 100vw, 150px\" data-attachment-id=\"9278\" data-permalink=\"https:\/\/www.legistdf.gob.ar\/index.php\/2018\/09\/06\/salud-abordaran-regulacion-del-ejercicio-profesional-de-la-kinesiologia\/as-363\/\" data-orig-file=\"https:\/\/www.legistdf.gob.ar\/wp-content\/uploads\/2018\/09\/as.-363.jpg\" data-orig-size=\"1024,683\" data-comments-opened=\"0\" data-image-meta=\"{&quot;aperture&quot;:&quot;6.3&quot;,&quot;credit&quot;:&quot;PrenlsaLegislativa2015&quot;,&quot;camera&quot;:&quot;Canon EOS 60D&quot;,&quot;caption&quot;:&quot;&quot;,&quot;created_timestamp&quot;:&quot;1472549124&quot;,&quot;copyright&quot;:&quot;&quot;,&quot;focal_length&quot;:&quot;36&quot;,&quot;iso&quot;:&quot;1250&quot;,&quot;shutter_speed&quot;:&quot;0.016666666666667&quot;,&quot;title&quot;:&quot;&quot;,&quot;orientation&quot;:&quot;0&quot;}\" data-image-title=\"as. 363\" data-image-description=\"\" data-image-caption=\"\" data-medium-file=\"https:\/\/www.legistdf.gob.ar\/wp-content\/uploads\/2018\/09\/as.-363-300x200.jpg\" data-large-file=\"https:\/\/www.legistdf.gob.ar\/wp-content\/uploads\/2018\/09\/as.-363-1024x683.jpg\" \/><\/a>\n\t\t\t<\/dt><\/dl><br style=\"clear: both\" \/>\n\t\t<\/div>\n\n","protected":false},"excerpt":{"rendered":"<p>Ushuaia, jueves 6 de septiembre de 2018.- Por iniciativa de las legisladoras Marcela G\u00f3mez y Angelina Carrasco (FPV \u2013 PJ), el Parlamento analizar\u00e1 en la Comisi\u00f3n de Legislaci\u00f3n General (1), el asunto N\u00b0 363\/18, cuya finalidad es regular el ejercicio profesional de kinesiolog\u00eda y fisioterapia. \u00a0 El proyecto tiene por finalidad, establecer un marco legislativo [&hellip;]<\/p>\n","protected":false},"author":352,"featured_media":9278,"comment_status":"closed","ping_status":"open","sticky":false,"template":"","format":"standard","meta":{"jetpack_post_was_ever_published":false,"_jetpack_newsletter_access":"","_jetpack_dont_email_post_to_subs":false,"_jetpack_newsletter_tier_id":0,"footnotes":"","jetpack_publicize_message":"","jetpack_publicize_feature_enabled":true,"jetpack_social_post_already_shared":true,"jetpack_social_options":{"image_generator_settings":{"template":"highway","enabled":false}}},"categories":[1],"tags":[124,164,560,256,559,123,157,211,448],"jetpack_publicize_connections":[],"jetpack_sharing_enabled":true,"jetpack_featured_media_url":"https:\/\/www.legistdf.gob.ar\/wp-content\/uploads\/2018\/09\/as.-363.jpg","jetpack-related-posts":[],"_links":{"self":[{"href":"https:\/\/www.legistdf.gob.ar\/index.php\/wp-json\/wp\/v2\/posts\/9277"}],"collection":[{"href":"https:\/\/www.legistdf.gob.ar\/index.php\/wp-json\/wp\/v2\/posts"}],"about":[{"href":"https:\/\/www.legistdf.gob.ar\/index.php\/wp-json\/wp\/v2\/types\/post"}],"author":[{"embeddable":true,"href":"https:\/\/www.legistdf.gob.ar\/index.php\/wp-json\/wp\/v2\/users\/352"}],"replies":[{"embeddable":true,"href":"https:\/\/www.legistdf.gob.ar\/index.php\/wp-json\/wp\/v2\/comments?post=9277"}],"version-history":[{"count":2,"href":"https:\/\/www.legistdf.gob.ar\/index.php\/wp-json\/wp\/v2\/posts\/9277\/revisions"}],"predecessor-version":[{"id":9284,"href":"https:\/\/www.legistdf.gob.ar\/index.php\/wp-json\/wp\/v2\/posts\/9277\/revisions\/9284"}],"wp:featuredmedia":[{"embeddable":true,"href":"https:\/\/www.legistdf.gob.ar\/index.php\/wp-json\/wp\/v2\/media\/9278"}],"wp:attachment":[{"href":"https:\/\/www.legistdf.gob.ar\/index.php\/wp-json\/wp\/v2\/media?parent=9277"}],"wp:term":[{"taxonomy":"category","embeddable":true,"href":"https:\/\/www.legistdf.gob.ar\/index.php\/wp-json\/wp\/v2\/categories?post=9277"},{"taxonomy":"post_tag","embeddable":true,"href":"https:\/\/www.legistdf.gob.ar\/index.php\/wp-json\/wp\/v2\/tags?post=9277"}],"curies":[{"name":"wp","href":"https:\/\/api.w.org\/{rel}","templated":true}]}}