{"id":9292,"date":"2018-09-06T15:00:32","date_gmt":"2018-09-06T18:00:32","guid":{"rendered":"http:\/\/www.legistdf.gob.ar\/?p=9292"},"modified":"2018-09-06T09:25:55","modified_gmt":"2018-09-06T12:25:55","slug":"deportes-atletas-fueguinos-participaron-de-la-copa-nacional-de-clubes","status":"publish","type":"post","link":"https:\/\/www.legistdf.gob.ar\/index.php\/2018\/09\/06\/deportes-atletas-fueguinos-participaron-de-la-copa-nacional-de-clubes\/","title":{"rendered":"DEPORTES: Atletas fueguinos participaron de la copa Nacional de Clubes"},"content":{"rendered":"<p><strong>Ushuaia, jueves 6 de septiembre de 2018.- La sede de presidencia del Poder Legislativo, fue el lugar donde el vicegobernador Juan Carlos Arcando, recibi\u00f3 a Jos\u00e9 Luis Isoba, padre de Felipe, atleta integrante de la escuela municipal de Ushuaia. All\u00ed, inform\u00f3 al titular del Parlamento, que su hijo particip\u00f3 de la 27\u00ba edici\u00f3n de la Copa nacional de Clubes.<\/strong><\/p>\n<p>&nbsp;<\/p>\n<p>La competencia se llev\u00f3 adelante en Resistencia, (Chaco) y fue organizada por la Confederaci\u00f3n Argentina de Atletismo (CAA). Adem\u00e1s, en esta ocasi\u00f3n, el deportista ushuaiense fue acompa\u00f1ado por Josefina Sesma y el entrenador Lucas Doffo de la misma instituci\u00f3n deportiva en representaci\u00f3n de Tierra del Fuego. Participaron en competencias de salto en largo, salto en alto y en los 100 metros llanos; mientras que Josefina Sesma lo hizo en los 100 y 400 metros con vallas.<\/p>\n<p>&nbsp;<\/p>\n<p>Luego de concluido el encuentro con el Vicegobernador, Jos\u00e9 Luis Isoba en di\u00e1logo con Prensa Legislativa, sostuvo que fue \u201cun placer ser recibido por Arcando y contar con el apoyo que siempre nos brinda. Este deporte es muy individual y sacrificado y sobre todo, cuando ellos est\u00e1n compitiendo a nivel nacional\u201d. Cabe resaltar, que Felipe es campe\u00f3n argentino y medalla de oro en los juegos Evita en atletismo.<\/p>\n<p>&nbsp;<\/p>\n<p>Isoba tambi\u00e9n, remarc\u00f3 el constante acompa\u00f1amiento de la Secretar\u00eda de Deporte provincial. \u201cFelipe fue convocado por el Comit\u00e9 Ol\u00edmpico Argentino (COA), para representar a la Argentina y a la Provincia, en el sudamericano en Medell\u00edn (Colombia). Desde el Gobierno provincial, recibimos un aporte econ\u00f3mico muy importante, para que \u00e9l compitiera junto a su entrenador Lucas Doffo\u201d.<\/p>\n\n\t\t<style type=\"text\/css\">\n\t\t\t#gallery-1 {\n\t\t\t\tmargin: auto;\n\t\t\t}\n\t\t\t#gallery-1 .gallery-item {\n\t\t\t\tfloat: left;\n\t\t\t\tmargin-top: 10px;\n\t\t\t\ttext-align: center;\n\t\t\t\twidth: 100%;\n\t\t\t}\n\t\t\t#gallery-1 img {\n\t\t\t\tborder: 2px solid #cfcfcf;\n\t\t\t}\n\t\t\t#gallery-1 .gallery-caption {\n\t\t\t\tmargin-left: 0;\n\t\t\t}\n\t\t\t\/* see gallery_shortcode() in wp-includes\/media.php *\/\n\t\t<\/style>\n\t\t<div data-carousel-extra='{\"blog_id\":1,\"permalink\":\"https:\\\/\\\/www.legistdf.gob.ar\\\/index.php\\\/2018\\\/09\\\/06\\\/deportes-atletas-fueguinos-participaron-de-la-copa-nacional-de-clubes\\\/\"}' id='gallery-1' class='gallery galleryid-9292 gallery-columns-1 gallery-size-thumbnail'><dl class='gallery-item'>\n\t\t\t<dt class='gallery-icon landscape'>\n\t\t\t\t<a href='https:\/\/www.legistdf.gob.ar\/index.php\/2018\/09\/06\/deportes-atletas-fueguinos-participaron-de-la-copa-nacional-de-clubes\/isoba-jose-luis-padre-atletismo\/'><img loading=\"lazy\" decoding=\"async\" width=\"150\" height=\"150\" src=\"https:\/\/www.legistdf.gob.ar\/wp-content\/uploads\/2018\/09\/Isoba-jose-luis-padre-atletismo-150x150.jpg\" class=\"attachment-thumbnail size-thumbnail\" alt=\"\" srcset=\"https:\/\/www.legistdf.gob.ar\/wp-content\/uploads\/2018\/09\/Isoba-jose-luis-padre-atletismo-150x150.jpg 150w, https:\/\/www.legistdf.gob.ar\/wp-content\/uploads\/2018\/09\/Isoba-jose-luis-padre-atletismo-64x64.jpg 64w\" sizes=\"(max-width: 150px) 100vw, 150px\" data-attachment-id=\"9293\" data-permalink=\"https:\/\/www.legistdf.gob.ar\/index.php\/2018\/09\/06\/deportes-atletas-fueguinos-participaron-de-la-copa-nacional-de-clubes\/isoba-jose-luis-padre-atletismo\/\" data-orig-file=\"https:\/\/www.legistdf.gob.ar\/wp-content\/uploads\/2018\/09\/Isoba-jose-luis-padre-atletismo.jpg\" data-orig-size=\"1000,667\" data-comments-opened=\"0\" data-image-meta=\"{&quot;aperture&quot;:&quot;0&quot;,&quot;credit&quot;:&quot;&quot;,&quot;camera&quot;:&quot;&quot;,&quot;caption&quot;:&quot;&quot;,&quot;created_timestamp&quot;:&quot;0&quot;,&quot;copyright&quot;:&quot;&quot;,&quot;focal_length&quot;:&quot;0&quot;,&quot;iso&quot;:&quot;0&quot;,&quot;shutter_speed&quot;:&quot;0&quot;,&quot;title&quot;:&quot;&quot;,&quot;orientation&quot;:&quot;0&quot;}\" data-image-title=\"Isoba jose luis padre atletismo\" data-image-description=\"\" data-image-caption=\"\" data-medium-file=\"https:\/\/www.legistdf.gob.ar\/wp-content\/uploads\/2018\/09\/Isoba-jose-luis-padre-atletismo-300x200.jpg\" data-large-file=\"https:\/\/www.legistdf.gob.ar\/wp-content\/uploads\/2018\/09\/Isoba-jose-luis-padre-atletismo.jpg\" \/><\/a>\n\t\t\t<\/dt><\/dl><br style=\"clear: both\" \/>\n\t\t<\/div>\n\n","protected":false},"excerpt":{"rendered":"<p>Ushuaia, jueves 6 de septiembre de 2018.- La sede de presidencia del Poder Legislativo, fue el lugar donde el vicegobernador Juan Carlos Arcando, recibi\u00f3 a Jos\u00e9 Luis Isoba, padre de Felipe, atleta integrante de la escuela municipal de Ushuaia. All\u00ed, inform\u00f3 al titular del Parlamento, que su hijo particip\u00f3 de la 27\u00ba edici\u00f3n de la [&hellip;]<\/p>\n","protected":false},"author":352,"featured_media":9293,"comment_status":"closed","ping_status":"open","sticky":false,"template":"","format":"standard","meta":{"jetpack_post_was_ever_published":false,"_jetpack_newsletter_access":"","_jetpack_dont_email_post_to_subs":false,"_jetpack_newsletter_tier_id":0,"footnotes":"","jetpack_publicize_message":"","jetpack_publicize_feature_enabled":true,"jetpack_social_post_already_shared":true,"jetpack_social_options":{"image_generator_settings":{"template":"highway","enabled":false}}},"categories":[1],"tags":[567,291,97,78,87],"jetpack_publicize_connections":[],"jetpack_sharing_enabled":true,"jetpack_featured_media_url":"https:\/\/www.legistdf.gob.ar\/wp-content\/uploads\/2018\/09\/Isoba-jose-luis-padre-atletismo.jpg","jetpack-related-posts":[],"_links":{"self":[{"href":"https:\/\/www.legistdf.gob.ar\/index.php\/wp-json\/wp\/v2\/posts\/9292"}],"collection":[{"href":"https:\/\/www.legistdf.gob.ar\/index.php\/wp-json\/wp\/v2\/posts"}],"about":[{"href":"https:\/\/www.legistdf.gob.ar\/index.php\/wp-json\/wp\/v2\/types\/post"}],"author":[{"embeddable":true,"href":"https:\/\/www.legistdf.gob.ar\/index.php\/wp-json\/wp\/v2\/users\/352"}],"replies":[{"embeddable":true,"href":"https:\/\/www.legistdf.gob.ar\/index.php\/wp-json\/wp\/v2\/comments?post=9292"}],"version-history":[{"count":1,"href":"https:\/\/www.legistdf.gob.ar\/index.php\/wp-json\/wp\/v2\/posts\/9292\/revisions"}],"predecessor-version":[{"id":9294,"href":"https:\/\/www.legistdf.gob.ar\/index.php\/wp-json\/wp\/v2\/posts\/9292\/revisions\/9294"}],"wp:featuredmedia":[{"embeddable":true,"href":"https:\/\/www.legistdf.gob.ar\/index.php\/wp-json\/wp\/v2\/media\/9293"}],"wp:attachment":[{"href":"https:\/\/www.legistdf.gob.ar\/index.php\/wp-json\/wp\/v2\/media?parent=9292"}],"wp:term":[{"taxonomy":"category","embeddable":true,"href":"https:\/\/www.legistdf.gob.ar\/index.php\/wp-json\/wp\/v2\/categories?post=9292"},{"taxonomy":"post_tag","embeddable":true,"href":"https:\/\/www.legistdf.gob.ar\/index.php\/wp-json\/wp\/v2\/tags?post=9292"}],"curies":[{"name":"wp","href":"https:\/\/api.w.org\/{rel}","templated":true}]}}