{"id":9378,"date":"2018-09-10T15:20:23","date_gmt":"2018-09-10T18:20:23","guid":{"rendered":"http:\/\/www.legistdf.gob.ar\/?p=9378"},"modified":"2018-09-10T16:08:15","modified_gmt":"2018-09-10T19:08:15","slug":"educacion-queremos-contar-con-la-ley-de-escuelas-experimentales-para-2019-dijo-freites","status":"publish","type":"post","link":"https:\/\/www.legistdf.gob.ar\/index.php\/2018\/09\/10\/educacion-queremos-contar-con-la-ley-de-escuelas-experimentales-para-2019-dijo-freites\/","title":{"rendered":"EDUCACI\u00d3N: \u201cQueremos contar con la Ley de escuelas experimentales para 2019\u201d, dijo Freites"},"content":{"rendered":"<p><strong>Ushuaia, lunes 10 de septiembre de 2018.- Andrea Freites y Angelina Carrasco se reunieron el viernes pasado, en la escuela experimental \u201cLas Legas\u201d con el equipo docente de las instituciones que trabajan bajo esta modalidad educativa en toda la Provincia y referentes del Ministerio de Educaci\u00f3n. La intenci\u00f3n es avanzar un proyecto conjunto que otorgue marco legal a las instituciones que funcionan hace 23 a\u00f1os pero que no se encuentran normadas, m\u00e1s all\u00e1 de resoluciones.\u00a0 <\/strong><\/p>\n<p>&nbsp;<\/p>\n<p>En el encuentro las Legisladoras se comprometieron a abordar el asunto, que ingresar\u00e1 a fin de este mes, en las pr\u00f3ximas reuniones de la Comisi\u00f3n de Educaci\u00f3n que preside Andrea Freites.<\/p>\n<p>&nbsp;<\/p>\n<p>En este contexto, la Parlamentaria explic\u00f3 qu\u00e9, si bien se trata de una iniciativa de las escuelas experimentales, se encuentran trabajando en conjunto, \u201choy est\u00e1n funcionando, son instituciones que en alg\u00fan aspecto son municipales, todas las de nivel secundario dependen de la Provincia\u201d.<\/p>\n<p>&nbsp;<\/p>\n<p>\u201cEstas escuelas se crearon en la \u00e9poca de Mario Daniele, cuando era intendente de Ushuaia\u201d, referenci\u00f3, \u201cdesde entonces vienen trabajando en la innovaci\u00f3n. La educaci\u00f3n de hoy debe modificarse, porque la tradicional ya no existe m\u00e1s, los mismos j\u00f3venes y la vida nos sugiere otra realidad\u201d, analiz\u00f3.<\/p>\n<p>&nbsp;<\/p>\n<p>La presidente de la Comisi\u00f3n de educaci\u00f3n, cont\u00f3 a Prensa Legislativa que se trabajan sobre la propuesta para regularizar esta educaci\u00f3n, \u201cen esta instancia venimos a escuchar y trabajar sobre esto, con la legisladora Carrasco y parte del equipo del Ministerio de Educaci\u00f3n\u201d.<\/p>\n<p>&nbsp;<\/p>\n<p>Freites explic\u00f3 que quieren trabajar en la regulaci\u00f3n, por Ley, de estas instituciones y contar con la norma para el 2019. \u201cCon lo que necesita este tipo de educaci\u00f3n, con las caracter\u00edsticas que requiere, con el trabajo articulado con el Ejecutivo, con los docentes que forman parte del proyecto y seguir avanzar en una pol\u00edtica educativa, clara del Gobierno de la Provincia\u201d.<\/p>\n<p>&nbsp;<\/p>\n<p>Andrea Freites record\u00f3 la inauguraci\u00f3n de la escuela rural en Almanza. \u201cNo fue un hecho aislado que se inaugure el ciclo lectivo en ese lugar, mientras el Gobierno Nacional ven\u00eda cerr\u00e1ndolas. Esperamos empezar a tratar el asunto en la Comisi\u00f3n de Educaci\u00f3n lo antes posible y contar con las voluntades antes de 2019 para que sea Ley\u201d, subray\u00f3.<\/p>\n<p>&nbsp;<\/p>\n<p>Por su parte, Mariano Leguizam\u00f3n, director de una de las instituciones en cuesti\u00f3n y \u00a0asesor letrado de las escuelas experimentales, valor\u00f3 el encuentro mantenido para abordar el proyecto que llevan adelante las instituciones que representa, \u201chay un acompa\u00f1amiento muy grande\u201d, dijo.<\/p>\n<p>&nbsp;<\/p>\n<p>\u201cLas Legisladoras nos transmitieron la pol\u00edtica educativa que est\u00e1 teniendo la Gobernadora de acompa\u00f1ar a la experiencia que llevamos hace m\u00e1s de 23 a\u00f1os y es la primera vez que logramos que tanto el municipio y el Gobierno se pongan de acuerdo y acompa\u00f1arnos en un proyecto como este\u201d, explic\u00f3.<\/p>\n<p>&nbsp;<\/p>\n<p>El proyecto busca \u201cordenar aquello que est\u00e1 diseminado en diferentes resoluciones del Ministerio de Educaci\u00f3n. En este sentido el Ministro y el Secretario entienden que es m\u00e1s factible, antes de hacer una resoluci\u00f3n, conseguir una Ley que nos dar\u00eda un lugar firme ante este ordenamiento que necesitan las escuelas\u201d, explic\u00f3 el director de la escuela \u201cLos Alakalufes\u201d, sobre\u00a0 los alcances del proyecto que se tratar\u00e1 en el Parlamento fueguino.<\/p>\n<p>&nbsp;<\/p>\n<p>\u201cTenemos el total acompa\u00f1amiento de las Legisladoras a la experiencia de la escuela. Ven en esta innovaci\u00f3n, una alternativa al sistema educativo\u201d, celebr\u00f3, y asegur\u00f3 que se ven los resultados \u201ca lo largo del tiempo y hay un alineamiento pol\u00edtico de los distintos sectores de dejar ordenadas las cuestiones legales de la escuela\u201d.<\/p>\n<p>&nbsp;<\/p>\n<p>Por \u00faltimo, Leguizam\u00f3n agradeci\u00f3 el acompa\u00f1amiento de la Legislatura. \u201cLos maestros lo sentimos y lo agradecemos. Hace tiempo que no lo ve\u00edamos, es un lineamiento, como dec\u00eda la legisladora Freites, abrir una escuela rural y acompa\u00f1ar en su funcionamiento\u201d, finaliz\u00f3.<\/p>\n<p>&nbsp;<\/p>\n<p>[youtube https:\/\/www.youtube.com\/watch?v=CsdZqR27h4c&#038;w=1280&#038;h=720]<\/p>\n<p><a href=\"https:\/\/flic.kr\/s\/aHsmrNqLum\">Galer\u00eda<\/a><\/p>\n\n\t\t<style type=\"text\/css\">\n\t\t\t#gallery-1 {\n\t\t\t\tmargin: auto;\n\t\t\t}\n\t\t\t#gallery-1 .gallery-item {\n\t\t\t\tfloat: left;\n\t\t\t\tmargin-top: 10px;\n\t\t\t\ttext-align: center;\n\t\t\t\twidth: 33%;\n\t\t\t}\n\t\t\t#gallery-1 img {\n\t\t\t\tborder: 2px solid #cfcfcf;\n\t\t\t}\n\t\t\t#gallery-1 .gallery-caption {\n\t\t\t\tmargin-left: 0;\n\t\t\t}\n\t\t\t\/* see gallery_shortcode() in wp-includes\/media.php *\/\n\t\t<\/style>\n\t\t<div data-carousel-extra='{\"blog_id\":1,\"permalink\":\"https:\\\/\\\/www.legistdf.gob.ar\\\/index.php\\\/2018\\\/09\\\/10\\\/educacion-queremos-contar-con-la-ley-de-escuelas-experimentales-para-2019-dijo-freites\\\/\"}' id='gallery-1' class='gallery galleryid-9378 gallery-columns-3 gallery-size-thumbnail'><dl class='gallery-item'>\n\t\t\t<dt class='gallery-icon landscape'>\n\t\t\t\t<a href='https:\/\/www.legistdf.gob.ar\/index.php\/2018\/09\/10\/educacion-queremos-contar-con-la-ley-de-escuelas-experimentales-para-2019-dijo-freites\/img_3446-2\/'><img loading=\"lazy\" decoding=\"async\" width=\"150\" height=\"150\" src=\"https:\/\/www.legistdf.gob.ar\/wp-content\/uploads\/2018\/09\/IMG_3446-150x150.jpg\" class=\"attachment-thumbnail size-thumbnail\" alt=\"\" srcset=\"https:\/\/www.legistdf.gob.ar\/wp-content\/uploads\/2018\/09\/IMG_3446-150x150.jpg 150w, https:\/\/www.legistdf.gob.ar\/wp-content\/uploads\/2018\/09\/IMG_3446-64x64.jpg 64w\" sizes=\"(max-width: 150px) 100vw, 150px\" data-attachment-id=\"9382\" data-permalink=\"https:\/\/www.legistdf.gob.ar\/index.php\/2018\/09\/10\/educacion-queremos-contar-con-la-ley-de-escuelas-experimentales-para-2019-dijo-freites\/img_3446-2\/\" data-orig-file=\"https:\/\/www.legistdf.gob.ar\/wp-content\/uploads\/2018\/09\/IMG_3446.jpg\" data-orig-size=\"1000,667\" data-comments-opened=\"0\" data-image-meta=\"{&quot;aperture&quot;:&quot;0&quot;,&quot;credit&quot;:&quot;&quot;,&quot;camera&quot;:&quot;&quot;,&quot;caption&quot;:&quot;&quot;,&quot;created_timestamp&quot;:&quot;0&quot;,&quot;copyright&quot;:&quot;&quot;,&quot;focal_length&quot;:&quot;0&quot;,&quot;iso&quot;:&quot;0&quot;,&quot;shutter_speed&quot;:&quot;0&quot;,&quot;title&quot;:&quot;&quot;,&quot;orientation&quot;:&quot;0&quot;}\" data-image-title=\"IMG_3446\" data-image-description=\"\" data-image-caption=\"\" data-medium-file=\"https:\/\/www.legistdf.gob.ar\/wp-content\/uploads\/2018\/09\/IMG_3446-300x200.jpg\" data-large-file=\"https:\/\/www.legistdf.gob.ar\/wp-content\/uploads\/2018\/09\/IMG_3446.jpg\" \/><\/a>\n\t\t\t<\/dt><\/dl><dl class='gallery-item'>\n\t\t\t<dt class='gallery-icon landscape'>\n\t\t\t\t<a href='https:\/\/www.legistdf.gob.ar\/index.php\/2018\/09\/10\/educacion-queremos-contar-con-la-ley-de-escuelas-experimentales-para-2019-dijo-freites\/img_3449\/'><img loading=\"lazy\" decoding=\"async\" width=\"150\" height=\"150\" src=\"https:\/\/www.legistdf.gob.ar\/wp-content\/uploads\/2018\/09\/IMG_3449-150x150.jpg\" class=\"attachment-thumbnail size-thumbnail\" alt=\"\" srcset=\"https:\/\/www.legistdf.gob.ar\/wp-content\/uploads\/2018\/09\/IMG_3449-150x150.jpg 150w, https:\/\/www.legistdf.gob.ar\/wp-content\/uploads\/2018\/09\/IMG_3449-64x64.jpg 64w\" sizes=\"(max-width: 150px) 100vw, 150px\" data-attachment-id=\"9383\" data-permalink=\"https:\/\/www.legistdf.gob.ar\/index.php\/2018\/09\/10\/educacion-queremos-contar-con-la-ley-de-escuelas-experimentales-para-2019-dijo-freites\/img_3449\/\" data-orig-file=\"https:\/\/www.legistdf.gob.ar\/wp-content\/uploads\/2018\/09\/IMG_3449.jpg\" data-orig-size=\"1000,667\" data-comments-opened=\"0\" data-image-meta=\"{&quot;aperture&quot;:&quot;0&quot;,&quot;credit&quot;:&quot;&quot;,&quot;camera&quot;:&quot;&quot;,&quot;caption&quot;:&quot;&quot;,&quot;created_timestamp&quot;:&quot;0&quot;,&quot;copyright&quot;:&quot;&quot;,&quot;focal_length&quot;:&quot;0&quot;,&quot;iso&quot;:&quot;0&quot;,&quot;shutter_speed&quot;:&quot;0&quot;,&quot;title&quot;:&quot;&quot;,&quot;orientation&quot;:&quot;0&quot;}\" data-image-title=\"IMG_3449\" data-image-description=\"\" data-image-caption=\"\" data-medium-file=\"https:\/\/www.legistdf.gob.ar\/wp-content\/uploads\/2018\/09\/IMG_3449-300x200.jpg\" data-large-file=\"https:\/\/www.legistdf.gob.ar\/wp-content\/uploads\/2018\/09\/IMG_3449.jpg\" \/><\/a>\n\t\t\t<\/dt><\/dl><dl class='gallery-item'>\n\t\t\t<dt class='gallery-icon landscape'>\n\t\t\t\t<a href='https:\/\/www.legistdf.gob.ar\/index.php\/2018\/09\/10\/educacion-queremos-contar-con-la-ley-de-escuelas-experimentales-para-2019-dijo-freites\/img_3451\/'><img loading=\"lazy\" decoding=\"async\" width=\"150\" height=\"150\" src=\"https:\/\/www.legistdf.gob.ar\/wp-content\/uploads\/2018\/09\/IMG_3451-150x150.jpg\" class=\"attachment-thumbnail size-thumbnail\" alt=\"\" srcset=\"https:\/\/www.legistdf.gob.ar\/wp-content\/uploads\/2018\/09\/IMG_3451-150x150.jpg 150w, https:\/\/www.legistdf.gob.ar\/wp-content\/uploads\/2018\/09\/IMG_3451-64x64.jpg 64w\" sizes=\"(max-width: 150px) 100vw, 150px\" data-attachment-id=\"9384\" data-permalink=\"https:\/\/www.legistdf.gob.ar\/index.php\/2018\/09\/10\/educacion-queremos-contar-con-la-ley-de-escuelas-experimentales-para-2019-dijo-freites\/img_3451\/\" data-orig-file=\"https:\/\/www.legistdf.gob.ar\/wp-content\/uploads\/2018\/09\/IMG_3451.jpg\" data-orig-size=\"1000,667\" data-comments-opened=\"0\" data-image-meta=\"{&quot;aperture&quot;:&quot;0&quot;,&quot;credit&quot;:&quot;&quot;,&quot;camera&quot;:&quot;&quot;,&quot;caption&quot;:&quot;&quot;,&quot;created_timestamp&quot;:&quot;0&quot;,&quot;copyright&quot;:&quot;&quot;,&quot;focal_length&quot;:&quot;0&quot;,&quot;iso&quot;:&quot;0&quot;,&quot;shutter_speed&quot;:&quot;0&quot;,&quot;title&quot;:&quot;&quot;,&quot;orientation&quot;:&quot;0&quot;}\" data-image-title=\"IMG_3451\" data-image-description=\"\" data-image-caption=\"\" data-medium-file=\"https:\/\/www.legistdf.gob.ar\/wp-content\/uploads\/2018\/09\/IMG_3451-300x200.jpg\" data-large-file=\"https:\/\/www.legistdf.gob.ar\/wp-content\/uploads\/2018\/09\/IMG_3451.jpg\" \/><\/a>\n\t\t\t<\/dt><\/dl><br style=\"clear: both\" \/><dl class='gallery-item'>\n\t\t\t<dt class='gallery-icon landscape'>\n\t\t\t\t<a href='https:\/\/www.legistdf.gob.ar\/index.php\/2018\/09\/10\/educacion-queremos-contar-con-la-ley-de-escuelas-experimentales-para-2019-dijo-freites\/img_3454\/'><img loading=\"lazy\" decoding=\"async\" width=\"150\" height=\"150\" src=\"https:\/\/www.legistdf.gob.ar\/wp-content\/uploads\/2018\/09\/IMG_3454-150x150.jpg\" class=\"attachment-thumbnail size-thumbnail\" alt=\"\" srcset=\"https:\/\/www.legistdf.gob.ar\/wp-content\/uploads\/2018\/09\/IMG_3454-150x150.jpg 150w, https:\/\/www.legistdf.gob.ar\/wp-content\/uploads\/2018\/09\/IMG_3454-64x64.jpg 64w\" sizes=\"(max-width: 150px) 100vw, 150px\" data-attachment-id=\"9385\" data-permalink=\"https:\/\/www.legistdf.gob.ar\/index.php\/2018\/09\/10\/educacion-queremos-contar-con-la-ley-de-escuelas-experimentales-para-2019-dijo-freites\/img_3454\/\" data-orig-file=\"https:\/\/www.legistdf.gob.ar\/wp-content\/uploads\/2018\/09\/IMG_3454.jpg\" data-orig-size=\"1000,667\" data-comments-opened=\"0\" data-image-meta=\"{&quot;aperture&quot;:&quot;0&quot;,&quot;credit&quot;:&quot;&quot;,&quot;camera&quot;:&quot;&quot;,&quot;caption&quot;:&quot;&quot;,&quot;created_timestamp&quot;:&quot;0&quot;,&quot;copyright&quot;:&quot;&quot;,&quot;focal_length&quot;:&quot;0&quot;,&quot;iso&quot;:&quot;0&quot;,&quot;shutter_speed&quot;:&quot;0&quot;,&quot;title&quot;:&quot;&quot;,&quot;orientation&quot;:&quot;0&quot;}\" data-image-title=\"IMG_3454\" data-image-description=\"\" data-image-caption=\"\" data-medium-file=\"https:\/\/www.legistdf.gob.ar\/wp-content\/uploads\/2018\/09\/IMG_3454-300x200.jpg\" data-large-file=\"https:\/\/www.legistdf.gob.ar\/wp-content\/uploads\/2018\/09\/IMG_3454.jpg\" \/><\/a>\n\t\t\t<\/dt><\/dl><dl class='gallery-item'>\n\t\t\t<dt class='gallery-icon landscape'>\n\t\t\t\t<a href='https:\/\/www.legistdf.gob.ar\/index.php\/2018\/09\/10\/educacion-queremos-contar-con-la-ley-de-escuelas-experimentales-para-2019-dijo-freites\/img_3461\/'><img loading=\"lazy\" decoding=\"async\" width=\"150\" height=\"150\" src=\"https:\/\/www.legistdf.gob.ar\/wp-content\/uploads\/2018\/09\/IMG_3461-150x150.jpg\" class=\"attachment-thumbnail size-thumbnail\" alt=\"\" srcset=\"https:\/\/www.legistdf.gob.ar\/wp-content\/uploads\/2018\/09\/IMG_3461-150x150.jpg 150w, https:\/\/www.legistdf.gob.ar\/wp-content\/uploads\/2018\/09\/IMG_3461-64x64.jpg 64w\" sizes=\"(max-width: 150px) 100vw, 150px\" data-attachment-id=\"9386\" data-permalink=\"https:\/\/www.legistdf.gob.ar\/index.php\/2018\/09\/10\/educacion-queremos-contar-con-la-ley-de-escuelas-experimentales-para-2019-dijo-freites\/img_3461\/\" data-orig-file=\"https:\/\/www.legistdf.gob.ar\/wp-content\/uploads\/2018\/09\/IMG_3461.jpg\" data-orig-size=\"1000,667\" data-comments-opened=\"0\" data-image-meta=\"{&quot;aperture&quot;:&quot;0&quot;,&quot;credit&quot;:&quot;&quot;,&quot;camera&quot;:&quot;&quot;,&quot;caption&quot;:&quot;&quot;,&quot;created_timestamp&quot;:&quot;0&quot;,&quot;copyright&quot;:&quot;&quot;,&quot;focal_length&quot;:&quot;0&quot;,&quot;iso&quot;:&quot;0&quot;,&quot;shutter_speed&quot;:&quot;0&quot;,&quot;title&quot;:&quot;&quot;,&quot;orientation&quot;:&quot;0&quot;}\" data-image-title=\"IMG_3461\" data-image-description=\"\" data-image-caption=\"\" data-medium-file=\"https:\/\/www.legistdf.gob.ar\/wp-content\/uploads\/2018\/09\/IMG_3461-300x200.jpg\" data-large-file=\"https:\/\/www.legistdf.gob.ar\/wp-content\/uploads\/2018\/09\/IMG_3461.jpg\" \/><\/a>\n\t\t\t<\/dt><\/dl><dl class='gallery-item'>\n\t\t\t<dt class='gallery-icon landscape'>\n\t\t\t\t<a href='https:\/\/www.legistdf.gob.ar\/index.php\/2018\/09\/10\/educacion-queremos-contar-con-la-ley-de-escuelas-experimentales-para-2019-dijo-freites\/img_3464\/'><img loading=\"lazy\" decoding=\"async\" width=\"150\" height=\"150\" src=\"https:\/\/www.legistdf.gob.ar\/wp-content\/uploads\/2018\/09\/IMG_3464-150x150.jpg\" class=\"attachment-thumbnail size-thumbnail\" alt=\"\" srcset=\"https:\/\/www.legistdf.gob.ar\/wp-content\/uploads\/2018\/09\/IMG_3464-150x150.jpg 150w, https:\/\/www.legistdf.gob.ar\/wp-content\/uploads\/2018\/09\/IMG_3464-64x64.jpg 64w\" sizes=\"(max-width: 150px) 100vw, 150px\" data-attachment-id=\"9387\" data-permalink=\"https:\/\/www.legistdf.gob.ar\/index.php\/2018\/09\/10\/educacion-queremos-contar-con-la-ley-de-escuelas-experimentales-para-2019-dijo-freites\/img_3464\/\" data-orig-file=\"https:\/\/www.legistdf.gob.ar\/wp-content\/uploads\/2018\/09\/IMG_3464.jpg\" data-orig-size=\"1000,667\" data-comments-opened=\"0\" data-image-meta=\"{&quot;aperture&quot;:&quot;0&quot;,&quot;credit&quot;:&quot;&quot;,&quot;camera&quot;:&quot;&quot;,&quot;caption&quot;:&quot;&quot;,&quot;created_timestamp&quot;:&quot;0&quot;,&quot;copyright&quot;:&quot;&quot;,&quot;focal_length&quot;:&quot;0&quot;,&quot;iso&quot;:&quot;0&quot;,&quot;shutter_speed&quot;:&quot;0&quot;,&quot;title&quot;:&quot;&quot;,&quot;orientation&quot;:&quot;0&quot;}\" data-image-title=\"IMG_3464\" data-image-description=\"\" data-image-caption=\"\" data-medium-file=\"https:\/\/www.legistdf.gob.ar\/wp-content\/uploads\/2018\/09\/IMG_3464-300x200.jpg\" data-large-file=\"https:\/\/www.legistdf.gob.ar\/wp-content\/uploads\/2018\/09\/IMG_3464.jpg\" \/><\/a>\n\t\t\t<\/dt><\/dl><br style=\"clear: both\" \/><dl class='gallery-item'>\n\t\t\t<dt class='gallery-icon landscape'>\n\t\t\t\t<a href='https:\/\/www.legistdf.gob.ar\/index.php\/2018\/09\/10\/educacion-queremos-contar-con-la-ley-de-escuelas-experimentales-para-2019-dijo-freites\/img_3466\/'><img loading=\"lazy\" decoding=\"async\" width=\"150\" height=\"150\" src=\"https:\/\/www.legistdf.gob.ar\/wp-content\/uploads\/2018\/09\/IMG_3466-150x150.jpg\" class=\"attachment-thumbnail size-thumbnail\" alt=\"\" srcset=\"https:\/\/www.legistdf.gob.ar\/wp-content\/uploads\/2018\/09\/IMG_3466-150x150.jpg 150w, https:\/\/www.legistdf.gob.ar\/wp-content\/uploads\/2018\/09\/IMG_3466-64x64.jpg 64w\" sizes=\"(max-width: 150px) 100vw, 150px\" data-attachment-id=\"9388\" data-permalink=\"https:\/\/www.legistdf.gob.ar\/index.php\/2018\/09\/10\/educacion-queremos-contar-con-la-ley-de-escuelas-experimentales-para-2019-dijo-freites\/img_3466\/\" data-orig-file=\"https:\/\/www.legistdf.gob.ar\/wp-content\/uploads\/2018\/09\/IMG_3466.jpg\" data-orig-size=\"1000,667\" data-comments-opened=\"0\" data-image-meta=\"{&quot;aperture&quot;:&quot;0&quot;,&quot;credit&quot;:&quot;&quot;,&quot;camera&quot;:&quot;&quot;,&quot;caption&quot;:&quot;&quot;,&quot;created_timestamp&quot;:&quot;0&quot;,&quot;copyright&quot;:&quot;&quot;,&quot;focal_length&quot;:&quot;0&quot;,&quot;iso&quot;:&quot;0&quot;,&quot;shutter_speed&quot;:&quot;0&quot;,&quot;title&quot;:&quot;&quot;,&quot;orientation&quot;:&quot;0&quot;}\" data-image-title=\"IMG_3466\" data-image-description=\"\" data-image-caption=\"\" data-medium-file=\"https:\/\/www.legistdf.gob.ar\/wp-content\/uploads\/2018\/09\/IMG_3466-300x200.jpg\" data-large-file=\"https:\/\/www.legistdf.gob.ar\/wp-content\/uploads\/2018\/09\/IMG_3466.jpg\" \/><\/a>\n\t\t\t<\/dt><\/dl><dl class='gallery-item'>\n\t\t\t<dt class='gallery-icon landscape'>\n\t\t\t\t<a href='https:\/\/www.legistdf.gob.ar\/index.php\/2018\/09\/10\/educacion-queremos-contar-con-la-ley-de-escuelas-experimentales-para-2019-dijo-freites\/img_3467\/'><img loading=\"lazy\" decoding=\"async\" width=\"150\" height=\"150\" src=\"https:\/\/www.legistdf.gob.ar\/wp-content\/uploads\/2018\/09\/IMG_3467-150x150.jpg\" class=\"attachment-thumbnail size-thumbnail\" alt=\"\" srcset=\"https:\/\/www.legistdf.gob.ar\/wp-content\/uploads\/2018\/09\/IMG_3467-150x150.jpg 150w, https:\/\/www.legistdf.gob.ar\/wp-content\/uploads\/2018\/09\/IMG_3467-64x64.jpg 64w\" sizes=\"(max-width: 150px) 100vw, 150px\" data-attachment-id=\"9389\" data-permalink=\"https:\/\/www.legistdf.gob.ar\/index.php\/2018\/09\/10\/educacion-queremos-contar-con-la-ley-de-escuelas-experimentales-para-2019-dijo-freites\/img_3467\/\" data-orig-file=\"https:\/\/www.legistdf.gob.ar\/wp-content\/uploads\/2018\/09\/IMG_3467.jpg\" data-orig-size=\"1000,667\" data-comments-opened=\"0\" data-image-meta=\"{&quot;aperture&quot;:&quot;0&quot;,&quot;credit&quot;:&quot;&quot;,&quot;camera&quot;:&quot;&quot;,&quot;caption&quot;:&quot;&quot;,&quot;created_timestamp&quot;:&quot;0&quot;,&quot;copyright&quot;:&quot;&quot;,&quot;focal_length&quot;:&quot;0&quot;,&quot;iso&quot;:&quot;0&quot;,&quot;shutter_speed&quot;:&quot;0&quot;,&quot;title&quot;:&quot;&quot;,&quot;orientation&quot;:&quot;0&quot;}\" data-image-title=\"IMG_3467\" data-image-description=\"\" data-image-caption=\"\" data-medium-file=\"https:\/\/www.legistdf.gob.ar\/wp-content\/uploads\/2018\/09\/IMG_3467-300x200.jpg\" data-large-file=\"https:\/\/www.legistdf.gob.ar\/wp-content\/uploads\/2018\/09\/IMG_3467.jpg\" \/><\/a>\n\t\t\t<\/dt><\/dl><dl class='gallery-item'>\n\t\t\t<dt class='gallery-icon landscape'>\n\t\t\t\t<a href='https:\/\/www.legistdf.gob.ar\/index.php\/2018\/09\/10\/educacion-queremos-contar-con-la-ley-de-escuelas-experimentales-para-2019-dijo-freites\/img_3475-2\/'><img loading=\"lazy\" decoding=\"async\" width=\"150\" height=\"150\" src=\"https:\/\/www.legistdf.gob.ar\/wp-content\/uploads\/2018\/09\/IMG_3475-150x150.jpg\" class=\"attachment-thumbnail size-thumbnail\" alt=\"\" srcset=\"https:\/\/www.legistdf.gob.ar\/wp-content\/uploads\/2018\/09\/IMG_3475-150x150.jpg 150w, https:\/\/www.legistdf.gob.ar\/wp-content\/uploads\/2018\/09\/IMG_3475-64x64.jpg 64w\" sizes=\"(max-width: 150px) 100vw, 150px\" data-attachment-id=\"9390\" data-permalink=\"https:\/\/www.legistdf.gob.ar\/index.php\/2018\/09\/10\/educacion-queremos-contar-con-la-ley-de-escuelas-experimentales-para-2019-dijo-freites\/img_3475-2\/\" data-orig-file=\"https:\/\/www.legistdf.gob.ar\/wp-content\/uploads\/2018\/09\/IMG_3475.jpg\" data-orig-size=\"1000,667\" data-comments-opened=\"0\" data-image-meta=\"{&quot;aperture&quot;:&quot;0&quot;,&quot;credit&quot;:&quot;&quot;,&quot;camera&quot;:&quot;&quot;,&quot;caption&quot;:&quot;&quot;,&quot;created_timestamp&quot;:&quot;0&quot;,&quot;copyright&quot;:&quot;&quot;,&quot;focal_length&quot;:&quot;0&quot;,&quot;iso&quot;:&quot;0&quot;,&quot;shutter_speed&quot;:&quot;0&quot;,&quot;title&quot;:&quot;&quot;,&quot;orientation&quot;:&quot;0&quot;}\" data-image-title=\"IMG_3475\" data-image-description=\"\" data-image-caption=\"\" data-medium-file=\"https:\/\/www.legistdf.gob.ar\/wp-content\/uploads\/2018\/09\/IMG_3475-300x200.jpg\" data-large-file=\"https:\/\/www.legistdf.gob.ar\/wp-content\/uploads\/2018\/09\/IMG_3475.jpg\" \/><\/a>\n\t\t\t<\/dt><\/dl><br style=\"clear: both\" \/><dl class='gallery-item'>\n\t\t\t<dt class='gallery-icon landscape'>\n\t\t\t\t<a href='https:\/\/www.legistdf.gob.ar\/index.php\/2018\/09\/10\/educacion-queremos-contar-con-la-ley-de-escuelas-experimentales-para-2019-dijo-freites\/img_3481\/'><img loading=\"lazy\" decoding=\"async\" width=\"150\" height=\"150\" src=\"https:\/\/www.legistdf.gob.ar\/wp-content\/uploads\/2018\/09\/IMG_3481-150x150.jpg\" class=\"attachment-thumbnail size-thumbnail\" alt=\"\" srcset=\"https:\/\/www.legistdf.gob.ar\/wp-content\/uploads\/2018\/09\/IMG_3481-150x150.jpg 150w, https:\/\/www.legistdf.gob.ar\/wp-content\/uploads\/2018\/09\/IMG_3481-64x64.jpg 64w\" sizes=\"(max-width: 150px) 100vw, 150px\" data-attachment-id=\"9391\" data-permalink=\"https:\/\/www.legistdf.gob.ar\/index.php\/2018\/09\/10\/educacion-queremos-contar-con-la-ley-de-escuelas-experimentales-para-2019-dijo-freites\/img_3481\/\" data-orig-file=\"https:\/\/www.legistdf.gob.ar\/wp-content\/uploads\/2018\/09\/IMG_3481.jpg\" data-orig-size=\"1000,667\" data-comments-opened=\"0\" data-image-meta=\"{&quot;aperture&quot;:&quot;0&quot;,&quot;credit&quot;:&quot;&quot;,&quot;camera&quot;:&quot;&quot;,&quot;caption&quot;:&quot;&quot;,&quot;created_timestamp&quot;:&quot;0&quot;,&quot;copyright&quot;:&quot;&quot;,&quot;focal_length&quot;:&quot;0&quot;,&quot;iso&quot;:&quot;0&quot;,&quot;shutter_speed&quot;:&quot;0&quot;,&quot;title&quot;:&quot;&quot;,&quot;orientation&quot;:&quot;0&quot;}\" data-image-title=\"IMG_3481\" data-image-description=\"\" data-image-caption=\"\" data-medium-file=\"https:\/\/www.legistdf.gob.ar\/wp-content\/uploads\/2018\/09\/IMG_3481-300x200.jpg\" data-large-file=\"https:\/\/www.legistdf.gob.ar\/wp-content\/uploads\/2018\/09\/IMG_3481.jpg\" \/><\/a>\n\t\t\t<\/dt><\/dl><dl class='gallery-item'>\n\t\t\t<dt class='gallery-icon landscape'>\n\t\t\t\t<a href='https:\/\/www.legistdf.gob.ar\/index.php\/2018\/09\/10\/educacion-queremos-contar-con-la-ley-de-escuelas-experimentales-para-2019-dijo-freites\/img_3483\/'><img loading=\"lazy\" decoding=\"async\" width=\"150\" height=\"150\" src=\"https:\/\/www.legistdf.gob.ar\/wp-content\/uploads\/2018\/09\/IMG_3483-150x150.jpg\" class=\"attachment-thumbnail size-thumbnail\" alt=\"\" srcset=\"https:\/\/www.legistdf.gob.ar\/wp-content\/uploads\/2018\/09\/IMG_3483-150x150.jpg 150w, https:\/\/www.legistdf.gob.ar\/wp-content\/uploads\/2018\/09\/IMG_3483-64x64.jpg 64w\" sizes=\"(max-width: 150px) 100vw, 150px\" data-attachment-id=\"9392\" data-permalink=\"https:\/\/www.legistdf.gob.ar\/index.php\/2018\/09\/10\/educacion-queremos-contar-con-la-ley-de-escuelas-experimentales-para-2019-dijo-freites\/img_3483\/\" data-orig-file=\"https:\/\/www.legistdf.gob.ar\/wp-content\/uploads\/2018\/09\/IMG_3483.jpg\" data-orig-size=\"1000,667\" data-comments-opened=\"0\" data-image-meta=\"{&quot;aperture&quot;:&quot;0&quot;,&quot;credit&quot;:&quot;&quot;,&quot;camera&quot;:&quot;&quot;,&quot;caption&quot;:&quot;&quot;,&quot;created_timestamp&quot;:&quot;0&quot;,&quot;copyright&quot;:&quot;&quot;,&quot;focal_length&quot;:&quot;0&quot;,&quot;iso&quot;:&quot;0&quot;,&quot;shutter_speed&quot;:&quot;0&quot;,&quot;title&quot;:&quot;&quot;,&quot;orientation&quot;:&quot;0&quot;}\" data-image-title=\"IMG_3483\" data-image-description=\"\" data-image-caption=\"\" data-medium-file=\"https:\/\/www.legistdf.gob.ar\/wp-content\/uploads\/2018\/09\/IMG_3483-300x200.jpg\" data-large-file=\"https:\/\/www.legistdf.gob.ar\/wp-content\/uploads\/2018\/09\/IMG_3483.jpg\" \/><\/a>\n\t\t\t<\/dt><\/dl><dl class='gallery-item'>\n\t\t\t<dt class='gallery-icon landscape'>\n\t\t\t\t<a href='https:\/\/www.legistdf.gob.ar\/index.php\/2018\/09\/10\/educacion-queremos-contar-con-la-ley-de-escuelas-experimentales-para-2019-dijo-freites\/img_3485\/'><img loading=\"lazy\" decoding=\"async\" width=\"150\" height=\"150\" src=\"https:\/\/www.legistdf.gob.ar\/wp-content\/uploads\/2018\/09\/IMG_3485-150x150.jpg\" class=\"attachment-thumbnail size-thumbnail\" alt=\"\" srcset=\"https:\/\/www.legistdf.gob.ar\/wp-content\/uploads\/2018\/09\/IMG_3485-150x150.jpg 150w, https:\/\/www.legistdf.gob.ar\/wp-content\/uploads\/2018\/09\/IMG_3485-64x64.jpg 64w\" sizes=\"(max-width: 150px) 100vw, 150px\" data-attachment-id=\"9393\" data-permalink=\"https:\/\/www.legistdf.gob.ar\/index.php\/2018\/09\/10\/educacion-queremos-contar-con-la-ley-de-escuelas-experimentales-para-2019-dijo-freites\/img_3485\/\" data-orig-file=\"https:\/\/www.legistdf.gob.ar\/wp-content\/uploads\/2018\/09\/IMG_3485.jpg\" data-orig-size=\"1000,667\" data-comments-opened=\"0\" data-image-meta=\"{&quot;aperture&quot;:&quot;0&quot;,&quot;credit&quot;:&quot;&quot;,&quot;camera&quot;:&quot;&quot;,&quot;caption&quot;:&quot;&quot;,&quot;created_timestamp&quot;:&quot;0&quot;,&quot;copyright&quot;:&quot;&quot;,&quot;focal_length&quot;:&quot;0&quot;,&quot;iso&quot;:&quot;0&quot;,&quot;shutter_speed&quot;:&quot;0&quot;,&quot;title&quot;:&quot;&quot;,&quot;orientation&quot;:&quot;0&quot;}\" data-image-title=\"IMG_3485\" data-image-description=\"\" data-image-caption=\"\" data-medium-file=\"https:\/\/www.legistdf.gob.ar\/wp-content\/uploads\/2018\/09\/IMG_3485-300x200.jpg\" data-large-file=\"https:\/\/www.legistdf.gob.ar\/wp-content\/uploads\/2018\/09\/IMG_3485.jpg\" \/><\/a>\n\t\t\t<\/dt><\/dl><br style=\"clear: both\" \/><dl class='gallery-item'>\n\t\t\t<dt class='gallery-icon landscape'>\n\t\t\t\t<a href='https:\/\/www.legistdf.gob.ar\/index.php\/2018\/09\/10\/educacion-queremos-contar-con-la-ley-de-escuelas-experimentales-para-2019-dijo-freites\/img_3493\/'><img loading=\"lazy\" decoding=\"async\" width=\"150\" height=\"150\" src=\"https:\/\/www.legistdf.gob.ar\/wp-content\/uploads\/2018\/09\/IMG_3493-150x150.jpg\" class=\"attachment-thumbnail size-thumbnail\" alt=\"\" srcset=\"https:\/\/www.legistdf.gob.ar\/wp-content\/uploads\/2018\/09\/IMG_3493-150x150.jpg 150w, https:\/\/www.legistdf.gob.ar\/wp-content\/uploads\/2018\/09\/IMG_3493-64x64.jpg 64w\" sizes=\"(max-width: 150px) 100vw, 150px\" data-attachment-id=\"9394\" data-permalink=\"https:\/\/www.legistdf.gob.ar\/index.php\/2018\/09\/10\/educacion-queremos-contar-con-la-ley-de-escuelas-experimentales-para-2019-dijo-freites\/img_3493\/\" data-orig-file=\"https:\/\/www.legistdf.gob.ar\/wp-content\/uploads\/2018\/09\/IMG_3493.jpg\" data-orig-size=\"1000,667\" data-comments-opened=\"0\" data-image-meta=\"{&quot;aperture&quot;:&quot;0&quot;,&quot;credit&quot;:&quot;&quot;,&quot;camera&quot;:&quot;&quot;,&quot;caption&quot;:&quot;&quot;,&quot;created_timestamp&quot;:&quot;0&quot;,&quot;copyright&quot;:&quot;&quot;,&quot;focal_length&quot;:&quot;0&quot;,&quot;iso&quot;:&quot;0&quot;,&quot;shutter_speed&quot;:&quot;0&quot;,&quot;title&quot;:&quot;&quot;,&quot;orientation&quot;:&quot;0&quot;}\" data-image-title=\"IMG_3493\" data-image-description=\"\" data-image-caption=\"\" data-medium-file=\"https:\/\/www.legistdf.gob.ar\/wp-content\/uploads\/2018\/09\/IMG_3493-300x200.jpg\" data-large-file=\"https:\/\/www.legistdf.gob.ar\/wp-content\/uploads\/2018\/09\/IMG_3493.jpg\" \/><\/a>\n\t\t\t<\/dt><\/dl>\n\t\t\t<br style='clear: both' \/>\n\t\t<\/div>\n\n","protected":false},"excerpt":{"rendered":"<p>Ushuaia, lunes 10 de septiembre de 2018.- Andrea Freites y Angelina Carrasco se reunieron el viernes pasado, en la escuela experimental \u201cLas Legas\u201d con el equipo docente de las instituciones que trabajan bajo esta modalidad educativa en toda la Provincia y referentes del Ministerio de Educaci\u00f3n. La intenci\u00f3n es avanzar un proyecto conjunto que otorgue [&hellip;]<\/p>\n","protected":false},"author":352,"featured_media":9392,"comment_status":"closed","ping_status":"open","sticky":false,"template":"","format":"standard","meta":{"jetpack_post_was_ever_published":false,"_jetpack_newsletter_access":"","_jetpack_dont_email_post_to_subs":false,"_jetpack_newsletter_tier_id":0,"footnotes":"","jetpack_publicize_message":"","jetpack_publicize_feature_enabled":true,"jetpack_social_post_already_shared":true,"jetpack_social_options":{"image_generator_settings":{"template":"highway","enabled":false}}},"categories":[1],"tags":[81,124,80,78,87],"jetpack_publicize_connections":[],"jetpack_sharing_enabled":true,"jetpack_featured_media_url":"https:\/\/www.legistdf.gob.ar\/wp-content\/uploads\/2018\/09\/IMG_3483.jpg","jetpack-related-posts":[],"_links":{"self":[{"href":"https:\/\/www.legistdf.gob.ar\/index.php\/wp-json\/wp\/v2\/posts\/9378"}],"collection":[{"href":"https:\/\/www.legistdf.gob.ar\/index.php\/wp-json\/wp\/v2\/posts"}],"about":[{"href":"https:\/\/www.legistdf.gob.ar\/index.php\/wp-json\/wp\/v2\/types\/post"}],"author":[{"embeddable":true,"href":"https:\/\/www.legistdf.gob.ar\/index.php\/wp-json\/wp\/v2\/users\/352"}],"replies":[{"embeddable":true,"href":"https:\/\/www.legistdf.gob.ar\/index.php\/wp-json\/wp\/v2\/comments?post=9378"}],"version-history":[{"count":5,"href":"https:\/\/www.legistdf.gob.ar\/index.php\/wp-json\/wp\/v2\/posts\/9378\/revisions"}],"predecessor-version":[{"id":9398,"href":"https:\/\/www.legistdf.gob.ar\/index.php\/wp-json\/wp\/v2\/posts\/9378\/revisions\/9398"}],"wp:featuredmedia":[{"embeddable":true,"href":"https:\/\/www.legistdf.gob.ar\/index.php\/wp-json\/wp\/v2\/media\/9392"}],"wp:attachment":[{"href":"https:\/\/www.legistdf.gob.ar\/index.php\/wp-json\/wp\/v2\/media?parent=9378"}],"wp:term":[{"taxonomy":"category","embeddable":true,"href":"https:\/\/www.legistdf.gob.ar\/index.php\/wp-json\/wp\/v2\/categories?post=9378"},{"taxonomy":"post_tag","embeddable":true,"href":"https:\/\/www.legistdf.gob.ar\/index.php\/wp-json\/wp\/v2\/tags?post=9378"}],"curies":[{"name":"wp","href":"https:\/\/api.w.org\/{rel}","templated":true}]}}