{"id":9427,"date":"2018-09-16T12:15:16","date_gmt":"2018-09-16T15:15:16","guid":{"rendered":"http:\/\/www.legistdf.gob.ar\/?p=9427"},"modified":"2018-09-14T16:35:03","modified_gmt":"2018-09-14T19:35:03","slug":"malvinas-ramon-lopez-destaco-el-apoyo-permanente-que-reciben-del-vicegobernador-arcando","status":"publish","type":"post","link":"https:\/\/www.legistdf.gob.ar\/index.php\/2018\/09\/16\/malvinas-ramon-lopez-destaco-el-apoyo-permanente-que-reciben-del-vicegobernador-arcando\/","title":{"rendered":"MALVINAS: Ram\u00f3n L\u00f3pez destac\u00f3 el \u201capoyo permanente\u201d que reciben del vicegobernador Arcando  \u00a0"},"content":{"rendered":"<p><strong>Ushuaia, domingo 16 de septiembre de 2018.- El Presidente del Parlamento, vicegobernador Juan Carlos Arcando, recibi\u00f3 en su despacho al secretario del Centro de Excombatientes de Malvinas en Ushuaia, Ram\u00f3n L\u00f3pez. Destac\u00f3 el \u201capoyo permanente\u201d que reciben del Vicegobernador, en la campa\u00f1a de malvinizaci\u00f3n que llevan adelante en todo el pa\u00eds.<\/strong><\/p>\n<p><strong>\u00a0<\/strong><\/p>\n<p>L\u00f3pez destac\u00f3 como una experiencia \u201cmuy agradable\u201d, ya que Arcando fue reconocido en \u201cel Congreso que hicimos en General Pico (La Pampa), donde tuvo un reconocimiento especial\u201d de parte de la Confederaci\u00f3n de Veteranos de Guerra. \u201cPara m\u00ed fue una gran alegr\u00eda, porque se reconoci\u00f3 justamente a la provincia que yo represento ante la Confederaci\u00f3n nacional\u201d.<\/p>\n<p>&nbsp;<\/p>\n<p>\u201cEl 17 de agosto viaj\u00e9 a Yapey\u00fa (Corrientes), llev\u00e9 en nombre de la Presidencia de la Legislatura y del Centro de Excombatientes una ofrenda\u201d, record\u00f3 L\u00f3pez. \u201cEstamos viajando por todo el pa\u00eds, de hecho visitamos Paso de los Libres (Corrientes), el grupo III de Artiller\u00eda; estuvimos tambi\u00e9n en Puerto Madero (CABA), donde participamos de actividades junto a Prefectura Naval\u201d.<\/p>\n<p>&nbsp;<\/p>\n<p>En ese sentido, el Secretario del Centro de Excombatientes continu\u00f3 con el detalle de la campa\u00f1a de malvinizaci\u00f3n que llevan a cabo a lo largo y ancho del pa\u00eds: \u201cParticipamos del homenaje al Contraalmirante Carlos Hugo Robacio, en Ca\u00e1 Cat\u00ed\u201d (Corrientes), ciudad natal del h\u00e9roe de Malvinas de protagonismo en la Gesta del Atl\u00e1ntico Sur.<\/p>\n<p>&nbsp;<\/p>\n<p>\u201cTambi\u00e9n estuvimos en San Agust\u00edn (C\u00f3rdoba), donde participamos de un homenaje a un soldado que falleci\u00f3 en combate\u201d, dijo L\u00f3pez. Remarc\u00f3 que \u201crecorremos el pa\u00eds, realmente hacemos todo lo que podemos para malvinizar\u201d.<\/p>\n<p>&nbsp;<\/p>\n<p>Por \u00faltimo, L\u00f3pez adelant\u00f3 que \u201cestamos preparando la movilizaci\u00f3n para el pr\u00f3ximo 26, ya que se tom\u00f3 la decisi\u00f3n en el congreso de General Pico, vamos a movilizarnos en Buenos Aires justamente por el tema de la soberan\u00eda\u201d. \u201cCreo que nuestro Vicegobernador nos va a acompa\u00f1ar, pero si no puede hacerlo, estamos agradecidos por el gesto que siempre tiene para con el Centro de Excombatientes y con los Veteranos de Guerra\u201d, cerr\u00f3\u00a0 L\u00f3pez.<\/p>\n<p>&nbsp;<\/p>\n<p>&nbsp;<\/p>\n<p style=\"text-align: right\"><em>Con informaci\u00f3n de Prensa Legislativa y fotograf\u00edas gentileza<\/em><\/p>\n<p>&nbsp;<\/p>\n\n\t\t<style type=\"text\/css\">\n\t\t\t#gallery-1 {\n\t\t\t\tmargin: auto;\n\t\t\t}\n\t\t\t#gallery-1 .gallery-item {\n\t\t\t\tfloat: left;\n\t\t\t\tmargin-top: 10px;\n\t\t\t\ttext-align: center;\n\t\t\t\twidth: 33%;\n\t\t\t}\n\t\t\t#gallery-1 img {\n\t\t\t\tborder: 2px solid #cfcfcf;\n\t\t\t}\n\t\t\t#gallery-1 .gallery-caption {\n\t\t\t\tmargin-left: 0;\n\t\t\t}\n\t\t\t\/* see gallery_shortcode() in wp-includes\/media.php *\/\n\t\t<\/style>\n\t\t<div data-carousel-extra='{\"blog_id\":1,\"permalink\":\"https:\\\/\\\/www.legistdf.gob.ar\\\/index.php\\\/2018\\\/09\\\/16\\\/malvinas-ramon-lopez-destaco-el-apoyo-permanente-que-reciben-del-vicegobernador-arcando\\\/\"}' id='gallery-1' class='gallery galleryid-9427 gallery-columns-3 gallery-size-thumbnail'><dl class='gallery-item'>\n\t\t\t<dt class='gallery-icon landscape'>\n\t\t\t\t<a href='https:\/\/www.legistdf.gob.ar\/index.php\/2018\/09\/16\/malvinas-ramon-lopez-destaco-el-apoyo-permanente-que-reciben-del-vicegobernador-arcando\/1cf6aa62-a9cd-44a1-bb3a-0a985005cf25\/'><img loading=\"lazy\" decoding=\"async\" width=\"150\" height=\"150\" src=\"https:\/\/www.legistdf.gob.ar\/wp-content\/uploads\/2018\/09\/1cf6aa62-a9cd-44a1-bb3a-0a985005cf25-150x150.jpg\" class=\"attachment-thumbnail size-thumbnail\" alt=\"\" srcset=\"https:\/\/www.legistdf.gob.ar\/wp-content\/uploads\/2018\/09\/1cf6aa62-a9cd-44a1-bb3a-0a985005cf25-150x150.jpg 150w, https:\/\/www.legistdf.gob.ar\/wp-content\/uploads\/2018\/09\/1cf6aa62-a9cd-44a1-bb3a-0a985005cf25-64x64.jpg 64w\" sizes=\"(max-width: 150px) 100vw, 150px\" data-attachment-id=\"9430\" data-permalink=\"https:\/\/www.legistdf.gob.ar\/index.php\/2018\/09\/16\/malvinas-ramon-lopez-destaco-el-apoyo-permanente-que-reciben-del-vicegobernador-arcando\/1cf6aa62-a9cd-44a1-bb3a-0a985005cf25\/\" data-orig-file=\"https:\/\/www.legistdf.gob.ar\/wp-content\/uploads\/2018\/09\/1cf6aa62-a9cd-44a1-bb3a-0a985005cf25.jpg\" data-orig-size=\"1024,498\" data-comments-opened=\"0\" data-image-meta=\"{&quot;aperture&quot;:&quot;0&quot;,&quot;credit&quot;:&quot;&quot;,&quot;camera&quot;:&quot;&quot;,&quot;caption&quot;:&quot;&quot;,&quot;created_timestamp&quot;:&quot;0&quot;,&quot;copyright&quot;:&quot;&quot;,&quot;focal_length&quot;:&quot;0&quot;,&quot;iso&quot;:&quot;0&quot;,&quot;shutter_speed&quot;:&quot;0&quot;,&quot;title&quot;:&quot;&quot;,&quot;orientation&quot;:&quot;0&quot;}\" data-image-title=\"1cf6aa62-a9cd-44a1-bb3a-0a985005cf25\" data-image-description=\"\" data-image-caption=\"\" data-medium-file=\"https:\/\/www.legistdf.gob.ar\/wp-content\/uploads\/2018\/09\/1cf6aa62-a9cd-44a1-bb3a-0a985005cf25-300x146.jpg\" data-large-file=\"https:\/\/www.legistdf.gob.ar\/wp-content\/uploads\/2018\/09\/1cf6aa62-a9cd-44a1-bb3a-0a985005cf25-1024x498.jpg\" \/><\/a>\n\t\t\t<\/dt><\/dl><dl class='gallery-item'>\n\t\t\t<dt class='gallery-icon landscape'>\n\t\t\t\t<a href='https:\/\/www.legistdf.gob.ar\/index.php\/2018\/09\/16\/malvinas-ramon-lopez-destaco-el-apoyo-permanente-que-reciben-del-vicegobernador-arcando\/cd9e68f8-669a-420f-8cc0-8a970bfb2684\/'><img loading=\"lazy\" decoding=\"async\" width=\"150\" height=\"150\" src=\"https:\/\/www.legistdf.gob.ar\/wp-content\/uploads\/2018\/09\/cd9e68f8-669a-420f-8cc0-8a970bfb2684-150x150.jpg\" class=\"attachment-thumbnail size-thumbnail\" alt=\"\" srcset=\"https:\/\/www.legistdf.gob.ar\/wp-content\/uploads\/2018\/09\/cd9e68f8-669a-420f-8cc0-8a970bfb2684-150x150.jpg 150w, https:\/\/www.legistdf.gob.ar\/wp-content\/uploads\/2018\/09\/cd9e68f8-669a-420f-8cc0-8a970bfb2684-64x64.jpg 64w\" sizes=\"(max-width: 150px) 100vw, 150px\" data-attachment-id=\"9431\" data-permalink=\"https:\/\/www.legistdf.gob.ar\/index.php\/2018\/09\/16\/malvinas-ramon-lopez-destaco-el-apoyo-permanente-que-reciben-del-vicegobernador-arcando\/cd9e68f8-669a-420f-8cc0-8a970bfb2684\/\" data-orig-file=\"https:\/\/www.legistdf.gob.ar\/wp-content\/uploads\/2018\/09\/cd9e68f8-669a-420f-8cc0-8a970bfb2684.jpg\" data-orig-size=\"1024,768\" data-comments-opened=\"0\" data-image-meta=\"{&quot;aperture&quot;:&quot;0&quot;,&quot;credit&quot;:&quot;&quot;,&quot;camera&quot;:&quot;&quot;,&quot;caption&quot;:&quot;&quot;,&quot;created_timestamp&quot;:&quot;0&quot;,&quot;copyright&quot;:&quot;&quot;,&quot;focal_length&quot;:&quot;0&quot;,&quot;iso&quot;:&quot;0&quot;,&quot;shutter_speed&quot;:&quot;0&quot;,&quot;title&quot;:&quot;&quot;,&quot;orientation&quot;:&quot;0&quot;}\" data-image-title=\"cd9e68f8-669a-420f-8cc0-8a970bfb2684\" data-image-description=\"\" data-image-caption=\"\" data-medium-file=\"https:\/\/www.legistdf.gob.ar\/wp-content\/uploads\/2018\/09\/cd9e68f8-669a-420f-8cc0-8a970bfb2684-300x225.jpg\" data-large-file=\"https:\/\/www.legistdf.gob.ar\/wp-content\/uploads\/2018\/09\/cd9e68f8-669a-420f-8cc0-8a970bfb2684-1024x768.jpg\" \/><\/a>\n\t\t\t<\/dt><\/dl><dl class='gallery-item'>\n\t\t\t<dt class='gallery-icon landscape'>\n\t\t\t\t<a href='https:\/\/www.legistdf.gob.ar\/index.php\/2018\/09\/16\/malvinas-ramon-lopez-destaco-el-apoyo-permanente-que-reciben-del-vicegobernador-arcando\/img_1345\/'><img loading=\"lazy\" decoding=\"async\" width=\"150\" height=\"150\" src=\"https:\/\/www.legistdf.gob.ar\/wp-content\/uploads\/2018\/09\/IMG_1345-150x150.jpg\" class=\"attachment-thumbnail size-thumbnail\" alt=\"\" srcset=\"https:\/\/www.legistdf.gob.ar\/wp-content\/uploads\/2018\/09\/IMG_1345-150x150.jpg 150w, https:\/\/www.legistdf.gob.ar\/wp-content\/uploads\/2018\/09\/IMG_1345-64x64.jpg 64w\" sizes=\"(max-width: 150px) 100vw, 150px\" data-attachment-id=\"9432\" data-permalink=\"https:\/\/www.legistdf.gob.ar\/index.php\/2018\/09\/16\/malvinas-ramon-lopez-destaco-el-apoyo-permanente-que-reciben-del-vicegobernador-arcando\/img_1345\/\" data-orig-file=\"https:\/\/www.legistdf.gob.ar\/wp-content\/uploads\/2018\/09\/IMG_1345.jpg\" data-orig-size=\"1000,667\" data-comments-opened=\"0\" data-image-meta=\"{&quot;aperture&quot;:&quot;0&quot;,&quot;credit&quot;:&quot;&quot;,&quot;camera&quot;:&quot;&quot;,&quot;caption&quot;:&quot;&quot;,&quot;created_timestamp&quot;:&quot;0&quot;,&quot;copyright&quot;:&quot;&quot;,&quot;focal_length&quot;:&quot;0&quot;,&quot;iso&quot;:&quot;0&quot;,&quot;shutter_speed&quot;:&quot;0&quot;,&quot;title&quot;:&quot;&quot;,&quot;orientation&quot;:&quot;0&quot;}\" data-image-title=\"IMG_1345\" data-image-description=\"\" data-image-caption=\"\" data-medium-file=\"https:\/\/www.legistdf.gob.ar\/wp-content\/uploads\/2018\/09\/IMG_1345-300x200.jpg\" data-large-file=\"https:\/\/www.legistdf.gob.ar\/wp-content\/uploads\/2018\/09\/IMG_1345.jpg\" \/><\/a>\n\t\t\t<\/dt><\/dl><br style=\"clear: both\" \/><dl class='gallery-item'>\n\t\t\t<dt class='gallery-icon landscape'>\n\t\t\t\t<a href='https:\/\/www.legistdf.gob.ar\/index.php\/2018\/09\/16\/malvinas-ramon-lopez-destaco-el-apoyo-permanente-que-reciben-del-vicegobernador-arcando\/img_1347\/'><img loading=\"lazy\" decoding=\"async\" width=\"150\" height=\"150\" src=\"https:\/\/www.legistdf.gob.ar\/wp-content\/uploads\/2018\/09\/IMG_1347-150x150.jpg\" class=\"attachment-thumbnail size-thumbnail\" alt=\"\" srcset=\"https:\/\/www.legistdf.gob.ar\/wp-content\/uploads\/2018\/09\/IMG_1347-150x150.jpg 150w, https:\/\/www.legistdf.gob.ar\/wp-content\/uploads\/2018\/09\/IMG_1347-64x64.jpg 64w\" sizes=\"(max-width: 150px) 100vw, 150px\" data-attachment-id=\"9433\" data-permalink=\"https:\/\/www.legistdf.gob.ar\/index.php\/2018\/09\/16\/malvinas-ramon-lopez-destaco-el-apoyo-permanente-que-reciben-del-vicegobernador-arcando\/img_1347\/\" data-orig-file=\"https:\/\/www.legistdf.gob.ar\/wp-content\/uploads\/2018\/09\/IMG_1347.jpg\" data-orig-size=\"1000,667\" data-comments-opened=\"0\" data-image-meta=\"{&quot;aperture&quot;:&quot;0&quot;,&quot;credit&quot;:&quot;&quot;,&quot;camera&quot;:&quot;&quot;,&quot;caption&quot;:&quot;&quot;,&quot;created_timestamp&quot;:&quot;0&quot;,&quot;copyright&quot;:&quot;&quot;,&quot;focal_length&quot;:&quot;0&quot;,&quot;iso&quot;:&quot;0&quot;,&quot;shutter_speed&quot;:&quot;0&quot;,&quot;title&quot;:&quot;&quot;,&quot;orientation&quot;:&quot;0&quot;}\" data-image-title=\"IMG_1347\" data-image-description=\"\" data-image-caption=\"\" data-medium-file=\"https:\/\/www.legistdf.gob.ar\/wp-content\/uploads\/2018\/09\/IMG_1347-300x200.jpg\" data-large-file=\"https:\/\/www.legistdf.gob.ar\/wp-content\/uploads\/2018\/09\/IMG_1347.jpg\" \/><\/a>\n\t\t\t<\/dt><\/dl>\n\t\t\t<br style='clear: both' \/>\n\t\t<\/div>\n\n","protected":false},"excerpt":{"rendered":"<p>Ushuaia, domingo 16 de septiembre de 2018.- El Presidente del Parlamento, vicegobernador Juan Carlos Arcando, recibi\u00f3 en su despacho al secretario del Centro de Excombatientes de Malvinas en Ushuaia, Ram\u00f3n L\u00f3pez. Destac\u00f3 el \u201capoyo permanente\u201d que reciben del Vicegobernador, en la campa\u00f1a de malvinizaci\u00f3n que llevan adelante en todo el pa\u00eds. \u00a0 L\u00f3pez destac\u00f3 como [&hellip;]<\/p>\n","protected":false},"author":352,"featured_media":9432,"comment_status":"closed","ping_status":"open","sticky":false,"template":"","format":"standard","meta":{"jetpack_post_was_ever_published":false,"_jetpack_newsletter_access":"","_jetpack_dont_email_post_to_subs":false,"_jetpack_newsletter_tier_id":0,"footnotes":"","jetpack_publicize_message":"","jetpack_publicize_feature_enabled":true,"jetpack_social_post_already_shared":true,"jetpack_social_options":{"image_generator_settings":{"template":"highway","enabled":false}}},"categories":[1],"tags":[614,97,141,615,134,613,265,616],"jetpack_publicize_connections":[],"jetpack_sharing_enabled":true,"jetpack_featured_media_url":"https:\/\/www.legistdf.gob.ar\/wp-content\/uploads\/2018\/09\/IMG_1345.jpg","jetpack-related-posts":[],"_links":{"self":[{"href":"https:\/\/www.legistdf.gob.ar\/index.php\/wp-json\/wp\/v2\/posts\/9427"}],"collection":[{"href":"https:\/\/www.legistdf.gob.ar\/index.php\/wp-json\/wp\/v2\/posts"}],"about":[{"href":"https:\/\/www.legistdf.gob.ar\/index.php\/wp-json\/wp\/v2\/types\/post"}],"author":[{"embeddable":true,"href":"https:\/\/www.legistdf.gob.ar\/index.php\/wp-json\/wp\/v2\/users\/352"}],"replies":[{"embeddable":true,"href":"https:\/\/www.legistdf.gob.ar\/index.php\/wp-json\/wp\/v2\/comments?post=9427"}],"version-history":[{"count":1,"href":"https:\/\/www.legistdf.gob.ar\/index.php\/wp-json\/wp\/v2\/posts\/9427\/revisions"}],"predecessor-version":[{"id":9434,"href":"https:\/\/www.legistdf.gob.ar\/index.php\/wp-json\/wp\/v2\/posts\/9427\/revisions\/9434"}],"wp:featuredmedia":[{"embeddable":true,"href":"https:\/\/www.legistdf.gob.ar\/index.php\/wp-json\/wp\/v2\/media\/9432"}],"wp:attachment":[{"href":"https:\/\/www.legistdf.gob.ar\/index.php\/wp-json\/wp\/v2\/media?parent=9427"}],"wp:term":[{"taxonomy":"category","embeddable":true,"href":"https:\/\/www.legistdf.gob.ar\/index.php\/wp-json\/wp\/v2\/categories?post=9427"},{"taxonomy":"post_tag","embeddable":true,"href":"https:\/\/www.legistdf.gob.ar\/index.php\/wp-json\/wp\/v2\/tags?post=9427"}],"curies":[{"name":"wp","href":"https:\/\/api.w.org\/{rel}","templated":true}]}}