{"id":9444,"date":"2018-09-14T16:25:36","date_gmt":"2018-09-14T19:25:36","guid":{"rendered":"http:\/\/www.legistdf.gob.ar\/?p=9444"},"modified":"2018-09-14T16:25:36","modified_gmt":"2018-09-14T19:25:36","slug":"economia-el-parlamento-acompano-el-3-foro-regional-de-comercio-y-turismo","status":"publish","type":"post","link":"https:\/\/www.legistdf.gob.ar\/index.php\/2018\/09\/14\/economia-el-parlamento-acompano-el-3-foro-regional-de-comercio-y-turismo\/","title":{"rendered":"ECONOM\u00cdA: El Parlamento acompa\u00f1\u00f3 el 3\u00b0 Foro Regional de Comercio y Turismo"},"content":{"rendered":"<p><strong>Ushuaia, viernes 14 de septiembre de 2018.- La gobernadora de la Provincia, Dra. Rosana Bertone, junto al vicegobernador Juan Carlos Arcando, encabezaron la apertura del 3\u00b0 Foro Regional de Comercio y Turismo \u201cEstrategias para el desarrollo econ\u00f3mico local\u201d. El evento es organizado por la Confederaci\u00f3n Argentina de la Mediana Empresa (CAME), junto a las C\u00e1maras de Comercio de las tres ciudades fueguinas. Los legisladores Federico Bilota (FPV \u2013 PJ) y Oscar Rubinos (UCR \u2013 Cambiemos) participaron del acto.<\/strong><\/p>\n<p><strong>\u00a0<\/strong><\/p>\n<p>Durante la apertura, la mandataria fueguina hizo un repaso de las medidas adoptadas por su gesti\u00f3n, tendientes a promover el desarrollo de la actividad econ\u00f3mica local. \u201cLe he pedido expresamente al Presidente de la Naci\u00f3n, Mauricio Macri, por el crecimiento, por la productividad, por los puestos de trabajo, por la protecci\u00f3n y el est\u00edmulo de las econom\u00edas regionales y por la posibilidad de seguir trabajando en una diversificaci\u00f3n productiva\u201d, dijo Bertone.<\/p>\n<p>&nbsp;<\/p>\n<p>Tambi\u00e9n, la Gobernadora avizor\u00f3 un \u00abfuturo prometedor\u00bb para las peque\u00f1as y medianas empresas (PYMES) de Tierra del Fuego y resalt\u00f3 el compromiso de las pol\u00edticas p\u00fablicas del Gobierno provincial para el desarrollo de la actividad econ\u00f3mica fueguina.<\/p>\n<p>&nbsp;<\/p>\n<p>En tanto, el legislador Federico Bilota, salud\u00f3 a la CAME \u201cpor haber elegido a Tierra del Fuego para realizar este foro\u201d y lo consider\u00f3 \u201cmuy importante\u201d en el contexto nacional. En este punto, coincidi\u00f3 en afirmar que hay que apostar \u201cen producci\u00f3n, empleo y consumo\u201d. Todo en el marco del comercio y el turismo.<\/p>\n<p>&nbsp;<\/p>\n<p>\u201cDesde el \u00e1mbito legislativo, continuamos con el compromiso de generar herramientas para que se pueda fortalecer ambos sectores\u201d y valor\u00f3 las actividades que realiza la CAME a las que consider\u00f3 \u201ctrascendentales\u201d. En este punto, no dud\u00f3 en sostener que las PYMES \u201cson el gran motor y est\u00e1 absolutamente demostrado\u201d. Puntualiz\u00f3 en que el Estado \u201ctiene que acompa\u00f1ar esas iniciativas\u201d.<\/p>\n<p>&nbsp;<\/p>\n<p>En otro p\u00e1rrafo, el titular de la bancada del FPV \u2013 PJ, realiz\u00f3 un balance de las palabras de la gobernadora, Dra. Rosana Bertone y consider\u00f3 que \u201ces muy importante el balance de gesti\u00f3n que ha hecho\u201d y evalu\u00f3 que \u2013desde la asunci\u00f3n de la gesti\u00f3n- \u201cel contexto ha sido de mucha complejidad con variables macroecon\u00f3micas que no manejamos desde la Provincia\u201d. Dijo que desde la responsabilidad institucional apoyan a \u201cun sector que, nos parece, es fundamental\u201d.<\/p>\n<p>&nbsp;<\/p>\n<p>Al finalizar, Bilota dijo que \u201ca pesar de los vaivenes, Tierra del Fuego est\u00e1 en una situaci\u00f3n diferencial, respecto del resto de las provincias\u201d y agreg\u00f3 que se continuar\u00e1 \u201ctrabajando para sostener los puestos de trabajo\u201d.<\/p>\n<p>&nbsp;<\/p>\n<p>Por su parte, en di\u00e1logo con Prensa Legislativa, el legislador Oscar Rubinos valor\u00f3 la realizaci\u00f3n del Foro, \u201cen primer lugar porque se ha tomado como aspectos importantes de lo que tratamos en la Legislatura, adhesi\u00f3n a leyes nacionales que van en favor de las PYMES y del emprendedurismo, como es la Ley PYMES o la Ley de ART\u201d.<\/p>\n<p>&nbsp;<\/p>\n<p>Por otro lado, resalt\u00f3 que \u201cse tocaron temas relacionados a la log\u00edstica, a los recursos naturales y las potencialidades de la Provincia. Yo no tengo duda que, tal cual lo expres\u00f3 el Presidente de la CAME, no hay que mirar solamente el contexto de lo que estamos viviendo, sino atender a que las PYMES dan el 70% del trabajo formal en Argentina, y que van a seguir estando en el futuro\u201d, asegur\u00f3 Rubinos.<\/p>\n<p>&nbsp;<\/p>\n<p>El referente radical valor\u00f3 \u201cla importante presencia de muchos emprendedores\u201d. En ese sentido dijo que \u201csiempre estos encuentros, talleres y capacitaciones, son oportunidades para escuchar a gente de otros lugares del pa\u00eds y del mundo\u201d.<\/p>\n<p>&nbsp;<\/p>\n<p>\u201cUn tema que tenemos que atender es el de la obra p\u00fablica; no podemos desconocer desde la Legislatura, que va a haber dificultades en la redeterminaci\u00f3n de precios y en las adjudicaciones, por la disparidad de precios y la dificultad de definirlos a corto plazo. Esto no puede ser un problema para que se desarrolle la obra p\u00fablica\u201d, remarc\u00f3 Rubinos.<\/p>\n<p>&nbsp;<\/p>\n<p>El Parlamentario explic\u00f3 que la obra p\u00fablica es \u201clo que nosotros tenemos en el corto plazo, como una alternativa de desarrollo y de generar trabajo; algunos estamos abocados a poder adelantarnos a esa situaci\u00f3n y dejar resuelto para los pr\u00f3ximos meses, cualquier inconveniente que tenga el Estado provincial para poder desarrollar la obra p\u00fablica, no tener problemas de demora por las redeterminaciones y no tener problema de no poder adjudicar una obra por su valor\u201d.<\/p>\n<p>&nbsp;<\/p>\n<p>Por \u00faltimo, destac\u00f3 que gran parte de los puntos abordados por la Gobernadora en su discurso, \u201chan sido sancionados en la Legislatura; muchos, como las leyes de adhesi\u00f3n a normativas nacionales fueron impulsados por nuestro bloque, porque son iniciativas del Gobierno nacional\u201d, cerr\u00f3 el legislador Oscar Rubinos.<\/p>\n<p>&nbsp;<\/p>\n<p>El Foro est\u00e1 orientado a dirigentes sectoriales del turismo, centros comerciales y representantes de econom\u00edas regionales; empresarios PYMES y profesionales de\u00a0econom\u00edas e industrias.\u00a0Entre sus objetivos, los organizadores mencionan: \u201cTrabajar sobre pol\u00edticas econ\u00f3micas regionales y proyectos de negocios; desarrollar el potencial de actividades econ\u00f3micas de las comunidades, para promover la producci\u00f3n de riqueza y fuentes de empleo\u201d, entre otros.<\/p>\n<p>&nbsp;<\/p>\n\n\t\t<style type=\"text\/css\">\n\t\t\t#gallery-1 {\n\t\t\t\tmargin: auto;\n\t\t\t}\n\t\t\t#gallery-1 .gallery-item {\n\t\t\t\tfloat: left;\n\t\t\t\tmargin-top: 10px;\n\t\t\t\ttext-align: center;\n\t\t\t\twidth: 33%;\n\t\t\t}\n\t\t\t#gallery-1 img {\n\t\t\t\tborder: 2px solid #cfcfcf;\n\t\t\t}\n\t\t\t#gallery-1 .gallery-caption {\n\t\t\t\tmargin-left: 0;\n\t\t\t}\n\t\t\t\/* see gallery_shortcode() in wp-includes\/media.php *\/\n\t\t<\/style>\n\t\t<div data-carousel-extra='{\"blog_id\":1,\"permalink\":\"https:\\\/\\\/www.legistdf.gob.ar\\\/index.php\\\/2018\\\/09\\\/14\\\/economia-el-parlamento-acompano-el-3-foro-regional-de-comercio-y-turismo\\\/\"}' id='gallery-1' class='gallery galleryid-9444 gallery-columns-3 gallery-size-thumbnail'><dl class='gallery-item'>\n\t\t\t<dt class='gallery-icon landscape'>\n\t\t\t\t<a href='https:\/\/www.legistdf.gob.ar\/index.php\/2018\/09\/14\/economia-el-parlamento-acompano-el-3-foro-regional-de-comercio-y-turismo\/1-149\/'><img loading=\"lazy\" decoding=\"async\" width=\"150\" height=\"150\" src=\"https:\/\/www.legistdf.gob.ar\/wp-content\/uploads\/2018\/09\/1-2-150x150.jpg\" class=\"attachment-thumbnail size-thumbnail\" alt=\"\" srcset=\"https:\/\/www.legistdf.gob.ar\/wp-content\/uploads\/2018\/09\/1-2-150x150.jpg 150w, https:\/\/www.legistdf.gob.ar\/wp-content\/uploads\/2018\/09\/1-2-64x64.jpg 64w\" sizes=\"(max-width: 150px) 100vw, 150px\" data-attachment-id=\"9445\" data-permalink=\"https:\/\/www.legistdf.gob.ar\/index.php\/2018\/09\/14\/economia-el-parlamento-acompano-el-3-foro-regional-de-comercio-y-turismo\/1-149\/\" data-orig-file=\"https:\/\/www.legistdf.gob.ar\/wp-content\/uploads\/2018\/09\/1-2.jpg\" data-orig-size=\"1000,667\" data-comments-opened=\"0\" data-image-meta=\"{&quot;aperture&quot;:&quot;0&quot;,&quot;credit&quot;:&quot;&quot;,&quot;camera&quot;:&quot;&quot;,&quot;caption&quot;:&quot;&quot;,&quot;created_timestamp&quot;:&quot;0&quot;,&quot;copyright&quot;:&quot;&quot;,&quot;focal_length&quot;:&quot;0&quot;,&quot;iso&quot;:&quot;0&quot;,&quot;shutter_speed&quot;:&quot;0&quot;,&quot;title&quot;:&quot;&quot;,&quot;orientation&quot;:&quot;0&quot;}\" data-image-title=\"1\" data-image-description=\"\" data-image-caption=\"\" data-medium-file=\"https:\/\/www.legistdf.gob.ar\/wp-content\/uploads\/2018\/09\/1-2-300x200.jpg\" data-large-file=\"https:\/\/www.legistdf.gob.ar\/wp-content\/uploads\/2018\/09\/1-2.jpg\" \/><\/a>\n\t\t\t<\/dt><\/dl><dl class='gallery-item'>\n\t\t\t<dt class='gallery-icon landscape'>\n\t\t\t\t<a href='https:\/\/www.legistdf.gob.ar\/index.php\/2018\/09\/14\/economia-el-parlamento-acompano-el-3-foro-regional-de-comercio-y-turismo\/2-141\/'><img loading=\"lazy\" decoding=\"async\" width=\"150\" height=\"150\" src=\"https:\/\/www.legistdf.gob.ar\/wp-content\/uploads\/2018\/09\/2-3-150x150.jpg\" class=\"attachment-thumbnail size-thumbnail\" alt=\"\" srcset=\"https:\/\/www.legistdf.gob.ar\/wp-content\/uploads\/2018\/09\/2-3-150x150.jpg 150w, https:\/\/www.legistdf.gob.ar\/wp-content\/uploads\/2018\/09\/2-3-64x64.jpg 64w\" sizes=\"(max-width: 150px) 100vw, 150px\" data-attachment-id=\"9446\" data-permalink=\"https:\/\/www.legistdf.gob.ar\/index.php\/2018\/09\/14\/economia-el-parlamento-acompano-el-3-foro-regional-de-comercio-y-turismo\/2-141\/\" data-orig-file=\"https:\/\/www.legistdf.gob.ar\/wp-content\/uploads\/2018\/09\/2-3.jpg\" data-orig-size=\"1000,667\" data-comments-opened=\"0\" data-image-meta=\"{&quot;aperture&quot;:&quot;0&quot;,&quot;credit&quot;:&quot;&quot;,&quot;camera&quot;:&quot;&quot;,&quot;caption&quot;:&quot;&quot;,&quot;created_timestamp&quot;:&quot;0&quot;,&quot;copyright&quot;:&quot;&quot;,&quot;focal_length&quot;:&quot;0&quot;,&quot;iso&quot;:&quot;0&quot;,&quot;shutter_speed&quot;:&quot;0&quot;,&quot;title&quot;:&quot;&quot;,&quot;orientation&quot;:&quot;0&quot;}\" data-image-title=\"2\" data-image-description=\"\" data-image-caption=\"\" data-medium-file=\"https:\/\/www.legistdf.gob.ar\/wp-content\/uploads\/2018\/09\/2-3-300x200.jpg\" data-large-file=\"https:\/\/www.legistdf.gob.ar\/wp-content\/uploads\/2018\/09\/2-3.jpg\" \/><\/a>\n\t\t\t<\/dt><\/dl><dl class='gallery-item'>\n\t\t\t<dt class='gallery-icon landscape'>\n\t\t\t\t<a href='https:\/\/www.legistdf.gob.ar\/index.php\/2018\/09\/14\/economia-el-parlamento-acompano-el-3-foro-regional-de-comercio-y-turismo\/3-129\/'><img loading=\"lazy\" decoding=\"async\" width=\"150\" height=\"150\" src=\"https:\/\/www.legistdf.gob.ar\/wp-content\/uploads\/2018\/09\/3-1-150x150.jpg\" class=\"attachment-thumbnail size-thumbnail\" alt=\"\" srcset=\"https:\/\/www.legistdf.gob.ar\/wp-content\/uploads\/2018\/09\/3-1-150x150.jpg 150w, https:\/\/www.legistdf.gob.ar\/wp-content\/uploads\/2018\/09\/3-1-64x64.jpg 64w\" sizes=\"(max-width: 150px) 100vw, 150px\" data-attachment-id=\"9447\" data-permalink=\"https:\/\/www.legistdf.gob.ar\/index.php\/2018\/09\/14\/economia-el-parlamento-acompano-el-3-foro-regional-de-comercio-y-turismo\/3-129\/\" data-orig-file=\"https:\/\/www.legistdf.gob.ar\/wp-content\/uploads\/2018\/09\/3-1.jpg\" data-orig-size=\"1000,667\" data-comments-opened=\"0\" data-image-meta=\"{&quot;aperture&quot;:&quot;0&quot;,&quot;credit&quot;:&quot;&quot;,&quot;camera&quot;:&quot;&quot;,&quot;caption&quot;:&quot;&quot;,&quot;created_timestamp&quot;:&quot;0&quot;,&quot;copyright&quot;:&quot;&quot;,&quot;focal_length&quot;:&quot;0&quot;,&quot;iso&quot;:&quot;0&quot;,&quot;shutter_speed&quot;:&quot;0&quot;,&quot;title&quot;:&quot;&quot;,&quot;orientation&quot;:&quot;0&quot;}\" data-image-title=\"3\" data-image-description=\"\" data-image-caption=\"\" data-medium-file=\"https:\/\/www.legistdf.gob.ar\/wp-content\/uploads\/2018\/09\/3-1-300x200.jpg\" data-large-file=\"https:\/\/www.legistdf.gob.ar\/wp-content\/uploads\/2018\/09\/3-1.jpg\" \/><\/a>\n\t\t\t<\/dt><\/dl><br style=\"clear: both\" \/><dl class='gallery-item'>\n\t\t\t<dt class='gallery-icon landscape'>\n\t\t\t\t<a href='https:\/\/www.legistdf.gob.ar\/index.php\/2018\/09\/14\/economia-el-parlamento-acompano-el-3-foro-regional-de-comercio-y-turismo\/4-114\/'><img loading=\"lazy\" decoding=\"async\" width=\"150\" height=\"150\" src=\"https:\/\/www.legistdf.gob.ar\/wp-content\/uploads\/2018\/09\/4-1-150x150.jpg\" class=\"attachment-thumbnail size-thumbnail\" alt=\"\" srcset=\"https:\/\/www.legistdf.gob.ar\/wp-content\/uploads\/2018\/09\/4-1-150x150.jpg 150w, https:\/\/www.legistdf.gob.ar\/wp-content\/uploads\/2018\/09\/4-1-64x64.jpg 64w\" sizes=\"(max-width: 150px) 100vw, 150px\" data-attachment-id=\"9448\" data-permalink=\"https:\/\/www.legistdf.gob.ar\/index.php\/2018\/09\/14\/economia-el-parlamento-acompano-el-3-foro-regional-de-comercio-y-turismo\/4-114\/\" data-orig-file=\"https:\/\/www.legistdf.gob.ar\/wp-content\/uploads\/2018\/09\/4-1.jpg\" data-orig-size=\"1000,667\" data-comments-opened=\"0\" data-image-meta=\"{&quot;aperture&quot;:&quot;0&quot;,&quot;credit&quot;:&quot;&quot;,&quot;camera&quot;:&quot;&quot;,&quot;caption&quot;:&quot;&quot;,&quot;created_timestamp&quot;:&quot;0&quot;,&quot;copyright&quot;:&quot;&quot;,&quot;focal_length&quot;:&quot;0&quot;,&quot;iso&quot;:&quot;0&quot;,&quot;shutter_speed&quot;:&quot;0&quot;,&quot;title&quot;:&quot;&quot;,&quot;orientation&quot;:&quot;0&quot;}\" data-image-title=\"4\" data-image-description=\"\" data-image-caption=\"\" data-medium-file=\"https:\/\/www.legistdf.gob.ar\/wp-content\/uploads\/2018\/09\/4-1-300x200.jpg\" data-large-file=\"https:\/\/www.legistdf.gob.ar\/wp-content\/uploads\/2018\/09\/4-1.jpg\" \/><\/a>\n\t\t\t<\/dt><\/dl><dl class='gallery-item'>\n\t\t\t<dt class='gallery-icon landscape'>\n\t\t\t\t<a href='https:\/\/www.legistdf.gob.ar\/index.php\/2018\/09\/14\/economia-el-parlamento-acompano-el-3-foro-regional-de-comercio-y-turismo\/5-106\/'><img loading=\"lazy\" decoding=\"async\" width=\"150\" height=\"150\" src=\"https:\/\/www.legistdf.gob.ar\/wp-content\/uploads\/2018\/09\/5-1-150x150.jpg\" class=\"attachment-thumbnail size-thumbnail\" alt=\"\" srcset=\"https:\/\/www.legistdf.gob.ar\/wp-content\/uploads\/2018\/09\/5-1-150x150.jpg 150w, https:\/\/www.legistdf.gob.ar\/wp-content\/uploads\/2018\/09\/5-1-64x64.jpg 64w\" sizes=\"(max-width: 150px) 100vw, 150px\" data-attachment-id=\"9449\" data-permalink=\"https:\/\/www.legistdf.gob.ar\/index.php\/2018\/09\/14\/economia-el-parlamento-acompano-el-3-foro-regional-de-comercio-y-turismo\/5-106\/\" data-orig-file=\"https:\/\/www.legistdf.gob.ar\/wp-content\/uploads\/2018\/09\/5-1.jpg\" data-orig-size=\"1000,667\" data-comments-opened=\"0\" data-image-meta=\"{&quot;aperture&quot;:&quot;0&quot;,&quot;credit&quot;:&quot;&quot;,&quot;camera&quot;:&quot;&quot;,&quot;caption&quot;:&quot;&quot;,&quot;created_timestamp&quot;:&quot;0&quot;,&quot;copyright&quot;:&quot;&quot;,&quot;focal_length&quot;:&quot;0&quot;,&quot;iso&quot;:&quot;0&quot;,&quot;shutter_speed&quot;:&quot;0&quot;,&quot;title&quot;:&quot;&quot;,&quot;orientation&quot;:&quot;0&quot;}\" data-image-title=\"5\" data-image-description=\"\" data-image-caption=\"\" data-medium-file=\"https:\/\/www.legistdf.gob.ar\/wp-content\/uploads\/2018\/09\/5-1-300x200.jpg\" data-large-file=\"https:\/\/www.legistdf.gob.ar\/wp-content\/uploads\/2018\/09\/5-1.jpg\" \/><\/a>\n\t\t\t<\/dt><\/dl><dl class='gallery-item'>\n\t\t\t<dt class='gallery-icon landscape'>\n\t\t\t\t<a href='https:\/\/www.legistdf.gob.ar\/index.php\/2018\/09\/14\/economia-el-parlamento-acompano-el-3-foro-regional-de-comercio-y-turismo\/6-73\/'><img loading=\"lazy\" decoding=\"async\" width=\"150\" height=\"150\" src=\"https:\/\/www.legistdf.gob.ar\/wp-content\/uploads\/2018\/09\/6-150x150.jpg\" class=\"attachment-thumbnail size-thumbnail\" alt=\"\" srcset=\"https:\/\/www.legistdf.gob.ar\/wp-content\/uploads\/2018\/09\/6-150x150.jpg 150w, https:\/\/www.legistdf.gob.ar\/wp-content\/uploads\/2018\/09\/6-64x64.jpg 64w\" sizes=\"(max-width: 150px) 100vw, 150px\" data-attachment-id=\"9450\" data-permalink=\"https:\/\/www.legistdf.gob.ar\/index.php\/2018\/09\/14\/economia-el-parlamento-acompano-el-3-foro-regional-de-comercio-y-turismo\/6-73\/\" data-orig-file=\"https:\/\/www.legistdf.gob.ar\/wp-content\/uploads\/2018\/09\/6.jpg\" data-orig-size=\"1000,667\" data-comments-opened=\"0\" data-image-meta=\"{&quot;aperture&quot;:&quot;0&quot;,&quot;credit&quot;:&quot;&quot;,&quot;camera&quot;:&quot;&quot;,&quot;caption&quot;:&quot;&quot;,&quot;created_timestamp&quot;:&quot;0&quot;,&quot;copyright&quot;:&quot;&quot;,&quot;focal_length&quot;:&quot;0&quot;,&quot;iso&quot;:&quot;0&quot;,&quot;shutter_speed&quot;:&quot;0&quot;,&quot;title&quot;:&quot;&quot;,&quot;orientation&quot;:&quot;0&quot;}\" data-image-title=\"6\" data-image-description=\"\" data-image-caption=\"\" data-medium-file=\"https:\/\/www.legistdf.gob.ar\/wp-content\/uploads\/2018\/09\/6-300x200.jpg\" data-large-file=\"https:\/\/www.legistdf.gob.ar\/wp-content\/uploads\/2018\/09\/6.jpg\" \/><\/a>\n\t\t\t<\/dt><\/dl><br style=\"clear: both\" \/><dl class='gallery-item'>\n\t\t\t<dt class='gallery-icon landscape'>\n\t\t\t\t<a href='https:\/\/www.legistdf.gob.ar\/index.php\/2018\/09\/14\/economia-el-parlamento-acompano-el-3-foro-regional-de-comercio-y-turismo\/7-54\/'><img loading=\"lazy\" decoding=\"async\" width=\"150\" height=\"150\" src=\"https:\/\/www.legistdf.gob.ar\/wp-content\/uploads\/2018\/09\/7-150x150.jpg\" class=\"attachment-thumbnail size-thumbnail\" alt=\"\" srcset=\"https:\/\/www.legistdf.gob.ar\/wp-content\/uploads\/2018\/09\/7-150x150.jpg 150w, https:\/\/www.legistdf.gob.ar\/wp-content\/uploads\/2018\/09\/7-64x64.jpg 64w\" sizes=\"(max-width: 150px) 100vw, 150px\" data-attachment-id=\"9451\" data-permalink=\"https:\/\/www.legistdf.gob.ar\/index.php\/2018\/09\/14\/economia-el-parlamento-acompano-el-3-foro-regional-de-comercio-y-turismo\/7-54\/\" data-orig-file=\"https:\/\/www.legistdf.gob.ar\/wp-content\/uploads\/2018\/09\/7.jpg\" data-orig-size=\"1000,667\" data-comments-opened=\"0\" data-image-meta=\"{&quot;aperture&quot;:&quot;0&quot;,&quot;credit&quot;:&quot;&quot;,&quot;camera&quot;:&quot;&quot;,&quot;caption&quot;:&quot;&quot;,&quot;created_timestamp&quot;:&quot;0&quot;,&quot;copyright&quot;:&quot;&quot;,&quot;focal_length&quot;:&quot;0&quot;,&quot;iso&quot;:&quot;0&quot;,&quot;shutter_speed&quot;:&quot;0&quot;,&quot;title&quot;:&quot;&quot;,&quot;orientation&quot;:&quot;0&quot;}\" data-image-title=\"7\" data-image-description=\"\" data-image-caption=\"\" data-medium-file=\"https:\/\/www.legistdf.gob.ar\/wp-content\/uploads\/2018\/09\/7-300x200.jpg\" data-large-file=\"https:\/\/www.legistdf.gob.ar\/wp-content\/uploads\/2018\/09\/7.jpg\" \/><\/a>\n\t\t\t<\/dt><\/dl><dl class='gallery-item'>\n\t\t\t<dt class='gallery-icon landscape'>\n\t\t\t\t<a href='https:\/\/www.legistdf.gob.ar\/index.php\/2018\/09\/14\/economia-el-parlamento-acompano-el-3-foro-regional-de-comercio-y-turismo\/8-35\/'><img loading=\"lazy\" decoding=\"async\" width=\"150\" height=\"150\" src=\"https:\/\/www.legistdf.gob.ar\/wp-content\/uploads\/2018\/09\/8-150x150.jpg\" class=\"attachment-thumbnail size-thumbnail\" alt=\"\" srcset=\"https:\/\/www.legistdf.gob.ar\/wp-content\/uploads\/2018\/09\/8-150x150.jpg 150w, https:\/\/www.legistdf.gob.ar\/wp-content\/uploads\/2018\/09\/8-64x64.jpg 64w\" sizes=\"(max-width: 150px) 100vw, 150px\" data-attachment-id=\"9452\" data-permalink=\"https:\/\/www.legistdf.gob.ar\/index.php\/2018\/09\/14\/economia-el-parlamento-acompano-el-3-foro-regional-de-comercio-y-turismo\/8-35\/\" data-orig-file=\"https:\/\/www.legistdf.gob.ar\/wp-content\/uploads\/2018\/09\/8.jpg\" data-orig-size=\"1000,667\" data-comments-opened=\"0\" data-image-meta=\"{&quot;aperture&quot;:&quot;0&quot;,&quot;credit&quot;:&quot;&quot;,&quot;camera&quot;:&quot;&quot;,&quot;caption&quot;:&quot;&quot;,&quot;created_timestamp&quot;:&quot;0&quot;,&quot;copyright&quot;:&quot;&quot;,&quot;focal_length&quot;:&quot;0&quot;,&quot;iso&quot;:&quot;0&quot;,&quot;shutter_speed&quot;:&quot;0&quot;,&quot;title&quot;:&quot;&quot;,&quot;orientation&quot;:&quot;0&quot;}\" data-image-title=\"8\" data-image-description=\"\" data-image-caption=\"\" data-medium-file=\"https:\/\/www.legistdf.gob.ar\/wp-content\/uploads\/2018\/09\/8-300x200.jpg\" data-large-file=\"https:\/\/www.legistdf.gob.ar\/wp-content\/uploads\/2018\/09\/8.jpg\" \/><\/a>\n\t\t\t<\/dt><\/dl>\n\t\t\t<br style='clear: both' \/>\n\t\t<\/div>\n\n","protected":false},"excerpt":{"rendered":"<p>Ushuaia, viernes 14 de septiembre de 2018.- La gobernadora de la Provincia, Dra. Rosana Bertone, junto al vicegobernador Juan Carlos Arcando, encabezaron la apertura del 3\u00b0 Foro Regional de Comercio y Turismo \u201cEstrategias para el desarrollo econ\u00f3mico local\u201d. El evento es organizado por la Confederaci\u00f3n Argentina de la Mediana Empresa (CAME), junto a las C\u00e1maras [&hellip;]<\/p>\n","protected":false},"author":352,"featured_media":9452,"comment_status":"closed","ping_status":"open","sticky":false,"template":"","format":"standard","meta":{"jetpack_post_was_ever_published":false,"_jetpack_newsletter_access":"","_jetpack_dont_email_post_to_subs":false,"_jetpack_newsletter_tier_id":0,"footnotes":"","jetpack_publicize_message":"","jetpack_publicize_feature_enabled":true,"jetpack_social_post_already_shared":true,"jetpack_social_options":{"image_generator_settings":{"template":"highway","enabled":false}}},"categories":[1],"tags":[620,622,122,508,256,282,97,125,621,136,109,351,87,265],"jetpack_publicize_connections":[],"jetpack_sharing_enabled":true,"jetpack_featured_media_url":"https:\/\/www.legistdf.gob.ar\/wp-content\/uploads\/2018\/09\/8.jpg","jetpack-related-posts":[],"_links":{"self":[{"href":"https:\/\/www.legistdf.gob.ar\/index.php\/wp-json\/wp\/v2\/posts\/9444"}],"collection":[{"href":"https:\/\/www.legistdf.gob.ar\/index.php\/wp-json\/wp\/v2\/posts"}],"about":[{"href":"https:\/\/www.legistdf.gob.ar\/index.php\/wp-json\/wp\/v2\/types\/post"}],"author":[{"embeddable":true,"href":"https:\/\/www.legistdf.gob.ar\/index.php\/wp-json\/wp\/v2\/users\/352"}],"replies":[{"embeddable":true,"href":"https:\/\/www.legistdf.gob.ar\/index.php\/wp-json\/wp\/v2\/comments?post=9444"}],"version-history":[{"count":1,"href":"https:\/\/www.legistdf.gob.ar\/index.php\/wp-json\/wp\/v2\/posts\/9444\/revisions"}],"predecessor-version":[{"id":9453,"href":"https:\/\/www.legistdf.gob.ar\/index.php\/wp-json\/wp\/v2\/posts\/9444\/revisions\/9453"}],"wp:featuredmedia":[{"embeddable":true,"href":"https:\/\/www.legistdf.gob.ar\/index.php\/wp-json\/wp\/v2\/media\/9452"}],"wp:attachment":[{"href":"https:\/\/www.legistdf.gob.ar\/index.php\/wp-json\/wp\/v2\/media?parent=9444"}],"wp:term":[{"taxonomy":"category","embeddable":true,"href":"https:\/\/www.legistdf.gob.ar\/index.php\/wp-json\/wp\/v2\/categories?post=9444"},{"taxonomy":"post_tag","embeddable":true,"href":"https:\/\/www.legistdf.gob.ar\/index.php\/wp-json\/wp\/v2\/tags?post=9444"}],"curies":[{"name":"wp","href":"https:\/\/api.w.org\/{rel}","templated":true}]}}