{"id":9503,"date":"2018-09-18T11:25:03","date_gmt":"2018-09-18T14:25:03","guid":{"rendered":"http:\/\/www.legistdf.gob.ar\/?p=9503"},"modified":"2018-09-18T11:23:25","modified_gmt":"2018-09-18T14:23:25","slug":"educacion-la-legislatura-analizara-la-posibilidad-de-firmar-convenio-con-la-universidad-siglo-21","status":"publish","type":"post","link":"https:\/\/www.legistdf.gob.ar\/index.php\/2018\/09\/18\/educacion-la-legislatura-analizara-la-posibilidad-de-firmar-convenio-con-la-universidad-siglo-21\/","title":{"rendered":"EDUCACI\u00d3N: La Legislatura analizar\u00e1 la posibilidad de firmar convenio con la Universidad Siglo 21"},"content":{"rendered":"<p style=\"font-weight: 400\"><strong>Ushuaia, martes 18 de septiembre de 2018.- El vicegobernador Juan Carlos Arcando, mantuvo un encuentro con el coordinador de la Universidad Siglo 21 en Tierra del Fuego, Santiago Pauli. En la reuni\u00f3n realizada en la delegaci\u00f3n de la Legislatura en R\u00edo Grande, Pauli dijo que se analiz\u00f3 \u201cla posibilidad de firmar convenios entre el Parlamento fueguino y la Universidad, destinada al personal de la instituci\u00f3n, que deseen continuar sus estudios universitarios\u201d.<\/strong><\/p>\n<p style=\"font-weight: 400\">El representante de la instituci\u00f3n inform\u00f3 que \u201cla Facultad cuenta con tres sedes, en Ushuaia, Tolhuin y R\u00edo Grande\u201d y agreg\u00f3 que \u201centre los convenios que charlamos est\u00e1 la de instituci\u00f3n amiga, ofrecemos a los empleados de la Legislatura y sus familiares directos en toda la Provincia, descuentos y becas para todas nuestras carreras\u201d.<\/p>\n<p style=\"font-weight: 400\">Mencion\u00f3 que, la casa de altos estudios, ofrece las modalidades a distancia y semipresencial con horarios flexibles. Tambi\u00e9n, cuenta con m\u00e1s de 40 carreras entre licenciaturas, tecnicaturas y cursos de diplomaturas. En este sentido, Pauli dijo que \u201cotra opci\u00f3n son las pasant\u00edas, mientras los alumnos estudian pueden poner en pr\u00e1ctica los conocimientos que van adquiriendo\u201d.<\/p>\n<p style=\"font-weight: 400\">\u201cUna linda noticia, es para aquellos que estudiaron la tecnicatura en administraci\u00f3n p\u00fablica se les reconocer\u00e1n las equivalencias para seguir la licenciatura\u201d, expres\u00f3 el Coordinador de la Universidad durante la reuni\u00f3n. Adem\u00e1s, agreg\u00f3 que \u201cestamos visitando los colegios, queremos que la gente estudie, se capacite y ejerza aqu\u00ed en Tierra del Fuego\u201d.<\/p>\n<p style=\"font-weight: 400\">Finalmente, Santiago Pauli manifest\u00f3 que \u201ces un placer que el Vicegobernador escuche toda las propuestas educativas de la instituci\u00f3n en la Provincia\u201d. Asimismo, record\u00f3 que la sede en R\u00edo Grande se encuentra en la avenida San Mart\u00edn 724; en Ushuaia, Juana Fadul 32 y Tolhuin en Rafaela Ishton 321.<\/p>\n<p style=\"font-weight: 400\">La instituci\u00f3n educativa ofrece distintas \u00e1reas de estudio por ejemplo: Derecho y Ciencias Sociales; Dise\u00f1o y Comunicaci\u00f3n; Educaci\u00f3n y Psicolog\u00eda; Ingenier\u00eda y Sistemas; Management y Finanzas; Sustentabilidad y Agro, entre otras.<\/p>\n<p>&nbsp;<\/p>\n\n\t\t<style type=\"text\/css\">\n\t\t\t#gallery-1 {\n\t\t\t\tmargin: auto;\n\t\t\t}\n\t\t\t#gallery-1 .gallery-item {\n\t\t\t\tfloat: left;\n\t\t\t\tmargin-top: 10px;\n\t\t\t\ttext-align: center;\n\t\t\t\twidth: 100%;\n\t\t\t}\n\t\t\t#gallery-1 img {\n\t\t\t\tborder: 2px solid #cfcfcf;\n\t\t\t}\n\t\t\t#gallery-1 .gallery-caption {\n\t\t\t\tmargin-left: 0;\n\t\t\t}\n\t\t\t\/* see gallery_shortcode() in wp-includes\/media.php *\/\n\t\t<\/style>\n\t\t<div data-carousel-extra='{\"blog_id\":1,\"permalink\":\"https:\\\/\\\/www.legistdf.gob.ar\\\/index.php\\\/2018\\\/09\\\/18\\\/educacion-la-legislatura-analizara-la-posibilidad-de-firmar-convenio-con-la-universidad-siglo-21\\\/\"}' id='gallery-1' class='gallery galleryid-9503 gallery-columns-1 gallery-size-thumbnail'><dl class='gallery-item'>\n\t\t\t<dt class='gallery-icon landscape'>\n\t\t\t\t<a href='https:\/\/www.legistdf.gob.ar\/index.php\/2018\/09\/18\/educacion-la-legislatura-analizara-la-posibilidad-de-firmar-convenio-con-la-universidad-siglo-21\/dscn0382\/'><img loading=\"lazy\" decoding=\"async\" width=\"150\" height=\"150\" src=\"https:\/\/www.legistdf.gob.ar\/wp-content\/uploads\/2018\/09\/DSCN0382-150x150.jpg\" class=\"attachment-thumbnail size-thumbnail\" alt=\"\" srcset=\"https:\/\/www.legistdf.gob.ar\/wp-content\/uploads\/2018\/09\/DSCN0382-150x150.jpg 150w, https:\/\/www.legistdf.gob.ar\/wp-content\/uploads\/2018\/09\/DSCN0382-64x64.jpg 64w\" sizes=\"(max-width: 150px) 100vw, 150px\" data-attachment-id=\"9504\" data-permalink=\"https:\/\/www.legistdf.gob.ar\/index.php\/2018\/09\/18\/educacion-la-legislatura-analizara-la-posibilidad-de-firmar-convenio-con-la-universidad-siglo-21\/dscn0382\/\" data-orig-file=\"https:\/\/www.legistdf.gob.ar\/wp-content\/uploads\/2018\/09\/DSCN0382.jpg\" data-orig-size=\"1024,768\" data-comments-opened=\"0\" data-image-meta=\"{&quot;aperture&quot;:&quot;3.3&quot;,&quot;credit&quot;:&quot;&quot;,&quot;camera&quot;:&quot;COOLPIX B700&quot;,&quot;caption&quot;:&quot;&quot;,&quot;created_timestamp&quot;:&quot;1536570438&quot;,&quot;copyright&quot;:&quot;&quot;,&quot;focal_length&quot;:&quot;4.3&quot;,&quot;iso&quot;:&quot;200&quot;,&quot;shutter_speed&quot;:&quot;0.02&quot;,&quot;title&quot;:&quot;&quot;,&quot;orientation&quot;:&quot;0&quot;}\" data-image-title=\"DSCN0382\" data-image-description=\"\" data-image-caption=\"\" data-medium-file=\"https:\/\/www.legistdf.gob.ar\/wp-content\/uploads\/2018\/09\/DSCN0382-300x225.jpg\" data-large-file=\"https:\/\/www.legistdf.gob.ar\/wp-content\/uploads\/2018\/09\/DSCN0382-1024x768.jpg\" \/><\/a>\n\t\t\t<\/dt><\/dl><br style=\"clear: both\" \/>\n\t\t<\/div>\n\n","protected":false},"excerpt":{"rendered":"<p>Ushuaia, martes 18 de septiembre de 2018.- El vicegobernador Juan Carlos Arcando, mantuvo un encuentro con el coordinador de la Universidad Siglo 21 en Tierra del Fuego, Santiago Pauli. En la reuni\u00f3n realizada en la delegaci\u00f3n de la Legislatura en R\u00edo Grande, Pauli dijo que se analiz\u00f3 \u201cla posibilidad de firmar convenios entre el Parlamento [&hellip;]<\/p>\n","protected":false},"author":352,"featured_media":9504,"comment_status":"closed","ping_status":"open","sticky":false,"template":"","format":"standard","meta":{"jetpack_post_was_ever_published":false,"_jetpack_newsletter_access":"","_jetpack_dont_email_post_to_subs":false,"_jetpack_newsletter_tier_id":0,"footnotes":"","jetpack_publicize_message":"","jetpack_publicize_feature_enabled":true,"jetpack_social_post_already_shared":true,"jetpack_social_options":{"image_generator_settings":{"template":"highway","enabled":false}}},"categories":[1],"tags":[80,97,78,96],"jetpack_publicize_connections":[],"jetpack_sharing_enabled":true,"jetpack_featured_media_url":"https:\/\/www.legistdf.gob.ar\/wp-content\/uploads\/2018\/09\/DSCN0382.jpg","jetpack-related-posts":[],"_links":{"self":[{"href":"https:\/\/www.legistdf.gob.ar\/index.php\/wp-json\/wp\/v2\/posts\/9503"}],"collection":[{"href":"https:\/\/www.legistdf.gob.ar\/index.php\/wp-json\/wp\/v2\/posts"}],"about":[{"href":"https:\/\/www.legistdf.gob.ar\/index.php\/wp-json\/wp\/v2\/types\/post"}],"author":[{"embeddable":true,"href":"https:\/\/www.legistdf.gob.ar\/index.php\/wp-json\/wp\/v2\/users\/352"}],"replies":[{"embeddable":true,"href":"https:\/\/www.legistdf.gob.ar\/index.php\/wp-json\/wp\/v2\/comments?post=9503"}],"version-history":[{"count":3,"href":"https:\/\/www.legistdf.gob.ar\/index.php\/wp-json\/wp\/v2\/posts\/9503\/revisions"}],"predecessor-version":[{"id":9508,"href":"https:\/\/www.legistdf.gob.ar\/index.php\/wp-json\/wp\/v2\/posts\/9503\/revisions\/9508"}],"wp:featuredmedia":[{"embeddable":true,"href":"https:\/\/www.legistdf.gob.ar\/index.php\/wp-json\/wp\/v2\/media\/9504"}],"wp:attachment":[{"href":"https:\/\/www.legistdf.gob.ar\/index.php\/wp-json\/wp\/v2\/media?parent=9503"}],"wp:term":[{"taxonomy":"category","embeddable":true,"href":"https:\/\/www.legistdf.gob.ar\/index.php\/wp-json\/wp\/v2\/categories?post=9503"},{"taxonomy":"post_tag","embeddable":true,"href":"https:\/\/www.legistdf.gob.ar\/index.php\/wp-json\/wp\/v2\/tags?post=9503"}],"curies":[{"name":"wp","href":"https:\/\/api.w.org\/{rel}","templated":true}]}}