{"id":9549,"date":"2018-09-19T10:20:07","date_gmt":"2018-09-19T13:20:07","guid":{"rendered":"http:\/\/www.legistdf.gob.ar\/?p=9549"},"modified":"2018-09-19T10:09:25","modified_gmt":"2018-09-19T13:09:25","slug":"deportes-nuevos-clubes-se-suman-a-la-actividad-deportiva-de-la-ciudad","status":"publish","type":"post","link":"https:\/\/www.legistdf.gob.ar\/index.php\/2018\/09\/19\/deportes-nuevos-clubes-se-suman-a-la-actividad-deportiva-de-la-ciudad\/","title":{"rendered":"DEPORTES: Nuevos clubes se suman a la actividad deportiva de la ciudad  \u00a0"},"content":{"rendered":"<p><strong>Ushuaia, mi\u00e9rcoles 19 de septiembre de 2018.- Daniel Barrios, fundador y director t\u00e9cnico del Club Atl\u00e9tico de la Fuerza de Seguridad p\u00fablica (CAMS) de f\u00fatbol de sal\u00f3n de Ushuaia, fue recibido por el titular del Parlamento fueguino, vicegobernador Juan Carlos Arcando. Durante el encuentro, se interioriz\u00f3 sobre el trabajo deportivo que lleva adelante el club con ni\u00f1os de las categor\u00edas 2008 y 2009.<\/strong><\/p>\n<p>&nbsp;<\/p>\n<p>Daniel Barrios cont\u00f3 que el club empez\u00f3 sus actividades el 4 de marzo del 2017 con un grupo reducido de 15 jugadores entre las dos categor\u00edas. Dijo que \u201cpor ahora solo tenemos los infantiles, estamos tratando de rearmar una clase promocional para los m\u00e1s peque\u00f1os y a futuro lograr incorporar el cupo femenino\u201d.<\/p>\n<p>&nbsp;<\/p>\n<p>Por otro lado, el titular del club detall\u00f3 que los chicos tienen su entrenamiento, los lunes en el gimnasio Salvador Molina de la Polic\u00eda provincial (Deloqui y Lasserre) de 21 a 22 y los martes y jueves, en el Ana Gir\u00f3, de 22 a 23 en el barrio 245 viviendas de Ushuaia. Aprovech\u00f3 para invitar a sumarse ya que \u201clas inscripciones se abrir\u00e1n en diciembre en las categor\u00edas 2006, 2007 y 2008, pero nosotros estar\u00edamos abocados al nivel promocional\u201d.<\/p>\n<p>&nbsp;<\/p>\n<p>Adem\u00e1s, Barrios manifest\u00f3 que \u201cla reuni\u00f3n con el Vicegobernador fue bastante productiva y le agradecemos por su tiempo. Tambi\u00e9n, le detallamos el proyecto que estamos llevando adelante y dijo estar de acuerdo con nuestra forma de trabajo con los m\u00e1s peque\u00f1os\u201d, cerr\u00f3.<\/p>\n<p>&nbsp;<\/p>\n<p>&nbsp;<\/p>\n\n\t\t<style type=\"text\/css\">\n\t\t\t#gallery-1 {\n\t\t\t\tmargin: auto;\n\t\t\t}\n\t\t\t#gallery-1 .gallery-item {\n\t\t\t\tfloat: left;\n\t\t\t\tmargin-top: 10px;\n\t\t\t\ttext-align: center;\n\t\t\t\twidth: 50%;\n\t\t\t}\n\t\t\t#gallery-1 img {\n\t\t\t\tborder: 2px solid #cfcfcf;\n\t\t\t}\n\t\t\t#gallery-1 .gallery-caption {\n\t\t\t\tmargin-left: 0;\n\t\t\t}\n\t\t\t\/* see gallery_shortcode() in wp-includes\/media.php *\/\n\t\t<\/style>\n\t\t<div data-carousel-extra='{\"blog_id\":1,\"permalink\":\"https:\\\/\\\/www.legistdf.gob.ar\\\/index.php\\\/2018\\\/09\\\/19\\\/deportes-nuevos-clubes-se-suman-a-la-actividad-deportiva-de-la-ciudad\\\/\"}' id='gallery-1' class='gallery galleryid-9549 gallery-columns-2 gallery-size-thumbnail'><dl class='gallery-item'>\n\t\t\t<dt class='gallery-icon landscape'>\n\t\t\t\t<a href='https:\/\/www.legistdf.gob.ar\/index.php\/2018\/09\/19\/deportes-nuevos-clubes-se-suman-a-la-actividad-deportiva-de-la-ciudad\/img_3557\/'><img loading=\"lazy\" decoding=\"async\" width=\"150\" height=\"150\" src=\"https:\/\/www.legistdf.gob.ar\/wp-content\/uploads\/2018\/09\/IMG_3557-150x150.jpg\" class=\"attachment-thumbnail size-thumbnail\" alt=\"\" srcset=\"https:\/\/www.legistdf.gob.ar\/wp-content\/uploads\/2018\/09\/IMG_3557-150x150.jpg 150w, https:\/\/www.legistdf.gob.ar\/wp-content\/uploads\/2018\/09\/IMG_3557-64x64.jpg 64w\" sizes=\"(max-width: 150px) 100vw, 150px\" data-attachment-id=\"9550\" data-permalink=\"https:\/\/www.legistdf.gob.ar\/index.php\/2018\/09\/19\/deportes-nuevos-clubes-se-suman-a-la-actividad-deportiva-de-la-ciudad\/img_3557\/\" data-orig-file=\"https:\/\/www.legistdf.gob.ar\/wp-content\/uploads\/2018\/09\/IMG_3557.jpg\" data-orig-size=\"1000,667\" data-comments-opened=\"0\" data-image-meta=\"{&quot;aperture&quot;:&quot;5.6&quot;,&quot;credit&quot;:&quot;&quot;,&quot;camera&quot;:&quot;Canon EOS 6D&quot;,&quot;caption&quot;:&quot;&quot;,&quot;created_timestamp&quot;:&quot;1537188869&quot;,&quot;copyright&quot;:&quot;&quot;,&quot;focal_length&quot;:&quot;31&quot;,&quot;iso&quot;:&quot;400&quot;,&quot;shutter_speed&quot;:&quot;0.016666666666667&quot;,&quot;title&quot;:&quot;&quot;,&quot;orientation&quot;:&quot;0&quot;}\" data-image-title=\"IMG_3557\" data-image-description=\"\" data-image-caption=\"\" data-medium-file=\"https:\/\/www.legistdf.gob.ar\/wp-content\/uploads\/2018\/09\/IMG_3557-300x200.jpg\" data-large-file=\"https:\/\/www.legistdf.gob.ar\/wp-content\/uploads\/2018\/09\/IMG_3557.jpg\" \/><\/a>\n\t\t\t<\/dt><\/dl><dl class='gallery-item'>\n\t\t\t<dt class='gallery-icon landscape'>\n\t\t\t\t<a href='https:\/\/www.legistdf.gob.ar\/index.php\/2018\/09\/19\/deportes-nuevos-clubes-se-suman-a-la-actividad-deportiva-de-la-ciudad\/img_3559\/'><img loading=\"lazy\" decoding=\"async\" width=\"150\" height=\"150\" src=\"https:\/\/www.legistdf.gob.ar\/wp-content\/uploads\/2018\/09\/IMG_3559-150x150.jpg\" class=\"attachment-thumbnail size-thumbnail\" alt=\"\" srcset=\"https:\/\/www.legistdf.gob.ar\/wp-content\/uploads\/2018\/09\/IMG_3559-150x150.jpg 150w, https:\/\/www.legistdf.gob.ar\/wp-content\/uploads\/2018\/09\/IMG_3559-64x64.jpg 64w\" sizes=\"(max-width: 150px) 100vw, 150px\" data-attachment-id=\"9551\" data-permalink=\"https:\/\/www.legistdf.gob.ar\/index.php\/2018\/09\/19\/deportes-nuevos-clubes-se-suman-a-la-actividad-deportiva-de-la-ciudad\/img_3559\/\" data-orig-file=\"https:\/\/www.legistdf.gob.ar\/wp-content\/uploads\/2018\/09\/IMG_3559.jpg\" data-orig-size=\"1000,667\" data-comments-opened=\"0\" data-image-meta=\"{&quot;aperture&quot;:&quot;5.6&quot;,&quot;credit&quot;:&quot;&quot;,&quot;camera&quot;:&quot;Canon EOS 6D&quot;,&quot;caption&quot;:&quot;&quot;,&quot;created_timestamp&quot;:&quot;1537189057&quot;,&quot;copyright&quot;:&quot;&quot;,&quot;focal_length&quot;:&quot;45&quot;,&quot;iso&quot;:&quot;400&quot;,&quot;shutter_speed&quot;:&quot;0.016666666666667&quot;,&quot;title&quot;:&quot;&quot;,&quot;orientation&quot;:&quot;0&quot;}\" data-image-title=\"IMG_3559\" data-image-description=\"\" data-image-caption=\"\" data-medium-file=\"https:\/\/www.legistdf.gob.ar\/wp-content\/uploads\/2018\/09\/IMG_3559-300x200.jpg\" data-large-file=\"https:\/\/www.legistdf.gob.ar\/wp-content\/uploads\/2018\/09\/IMG_3559.jpg\" \/><\/a>\n\t\t\t<\/dt><\/dl><br style=\"clear: both\" \/>\n\t\t<\/div>\n\n","protected":false},"excerpt":{"rendered":"<p>Ushuaia, mi\u00e9rcoles 19 de septiembre de 2018.- Daniel Barrios, fundador y director t\u00e9cnico del Club Atl\u00e9tico de la Fuerza de Seguridad p\u00fablica (CAMS) de f\u00fatbol de sal\u00f3n de Ushuaia, fue recibido por el titular del Parlamento fueguino, vicegobernador Juan Carlos Arcando. Durante el encuentro, se interioriz\u00f3 sobre el trabajo deportivo que lleva adelante el club [&hellip;]<\/p>\n","protected":false},"author":352,"featured_media":9550,"comment_status":"closed","ping_status":"open","sticky":false,"template":"","format":"standard","meta":{"jetpack_post_was_ever_published":false,"_jetpack_newsletter_access":"","_jetpack_dont_email_post_to_subs":false,"_jetpack_newsletter_tier_id":0,"footnotes":"","jetpack_publicize_message":"","jetpack_publicize_feature_enabled":true,"jetpack_social_post_already_shared":true,"jetpack_social_options":{"image_generator_settings":{"template":"highway","enabled":false}}},"categories":[1],"tags":[643,300,224,97,645,644,134,87],"jetpack_publicize_connections":[],"jetpack_sharing_enabled":true,"jetpack_featured_media_url":"https:\/\/www.legistdf.gob.ar\/wp-content\/uploads\/2018\/09\/IMG_3557.jpg","jetpack-related-posts":[],"_links":{"self":[{"href":"https:\/\/www.legistdf.gob.ar\/index.php\/wp-json\/wp\/v2\/posts\/9549"}],"collection":[{"href":"https:\/\/www.legistdf.gob.ar\/index.php\/wp-json\/wp\/v2\/posts"}],"about":[{"href":"https:\/\/www.legistdf.gob.ar\/index.php\/wp-json\/wp\/v2\/types\/post"}],"author":[{"embeddable":true,"href":"https:\/\/www.legistdf.gob.ar\/index.php\/wp-json\/wp\/v2\/users\/352"}],"replies":[{"embeddable":true,"href":"https:\/\/www.legistdf.gob.ar\/index.php\/wp-json\/wp\/v2\/comments?post=9549"}],"version-history":[{"count":1,"href":"https:\/\/www.legistdf.gob.ar\/index.php\/wp-json\/wp\/v2\/posts\/9549\/revisions"}],"predecessor-version":[{"id":9552,"href":"https:\/\/www.legistdf.gob.ar\/index.php\/wp-json\/wp\/v2\/posts\/9549\/revisions\/9552"}],"wp:featuredmedia":[{"embeddable":true,"href":"https:\/\/www.legistdf.gob.ar\/index.php\/wp-json\/wp\/v2\/media\/9550"}],"wp:attachment":[{"href":"https:\/\/www.legistdf.gob.ar\/index.php\/wp-json\/wp\/v2\/media?parent=9549"}],"wp:term":[{"taxonomy":"category","embeddable":true,"href":"https:\/\/www.legistdf.gob.ar\/index.php\/wp-json\/wp\/v2\/categories?post=9549"},{"taxonomy":"post_tag","embeddable":true,"href":"https:\/\/www.legistdf.gob.ar\/index.php\/wp-json\/wp\/v2\/tags?post=9549"}],"curies":[{"name":"wp","href":"https:\/\/api.w.org\/{rel}","templated":true}]}}