{"id":9583,"date":"2018-09-20T14:21:14","date_gmt":"2018-09-20T17:21:14","guid":{"rendered":"http:\/\/www.legistdf.gob.ar\/?p=9583"},"modified":"2018-09-20T15:52:06","modified_gmt":"2018-09-20T18:52:06","slug":"salud-proponen-provision-de-acido-folico-a-gestantes","status":"publish","type":"post","link":"https:\/\/www.legistdf.gob.ar\/index.php\/2018\/09\/20\/salud-proponen-provision-de-acido-folico-a-gestantes\/","title":{"rendered":"SALUD: Proponen provisi\u00f3n de \u00e1cido f\u00f3lico a gestantes"},"content":{"rendered":"<p>&nbsp;<\/p>\n<p><strong>Ushuaia, jueves 20 de septiembre de 2018.- \u201cEl consumo de \u00e1cido f\u00f3lico en la etapa previa y durante la gestaci\u00f3n del embarazo es fundamental para el desarrollo prenatal de modo saludable\u201d, sostienen desde la bancada radical\u00a0 proponen al Parlamento la sanci\u00f3n de la Ley que establece \u201cla provisi\u00f3n gratuita de suplementos de \u00e1cido f\u00f3lico\u201d a personas gestantes en edad de procrear. El asunto 430\/18 fue girado a la Comisi\u00f3n de Salud.<\/strong><\/p>\n<p>&nbsp;<\/p>\n<p>El texto normativo, busca asistir a gestantes \u201cque asistan a consultas ginecobst\u00e9tricas y preconcepd\u00f3nales, embarazadas y presuntas embarazadas hasta cumplidas las catorce (14) semanas de amenorrea\u201d. Tambi\u00e9n establece el dise\u00f1o de \u201ccampa\u00f1as de concientizaci\u00f3n acerca de la importancia de la ingesta de \u00e1cido, disminuyendo dr\u00e1sticamente la posibilidad a defectos del tubo neural del bebe\u201d, que previene hasta un 70% el riesgo de que el\/la ni\u00f1o\/a nazca con defectos del tubo neural, lo que derivar\u00eda en \u201cespina b\u00edf\u00edda. anencefalia, encefalocele, entre otros y resulta \u00fatil para la prevenci\u00f3n de partos prematuros, preeclampsia, el desprendimiento prematuro de la placenta, y el infarto placentario\u201d, entre otras patolog\u00edas.<\/p>\n<p>&nbsp;<\/p>\n<p>En el art\u00edculo segundo de la iniciativa radical, determinan \u201cobligatoria la provisi\u00f3n gratuita de suplementos de \u00e1cido f\u00f3lico o la medicaci\u00f3n que en el futuro lo reemplace en todos los efectores del Sistema de Salud P\u00fablica de la Provincia\u201d y en el siguiente, instruye a la obra social de la Provincia de Tierra del Fuego \u201cpara que incorpore dentro, de las prestaciones que brinda a sus afiliados, la cobertura m\u00e9dica que establece\u201d la propuesta.<\/p>\n<p>&nbsp;<\/p>\n<p>Para m\u00e1s informaci\u00f3n:\u00a0<a href=\"http:\/\/www.legistdf.gob.ar\/lp\/novedadesip\/Asuntos%20Entrados%202018\/As.%20N%BA%20430-18.pdf\">http:\/\/www.legistdf.gob.ar\/lp\/novedadesip\/Asuntos%20Entrados%202018\/As.%20N%BA%20430-18.pdf<\/a><\/p>\n","protected":false},"excerpt":{"rendered":"<p>&nbsp; Ushuaia, jueves 20 de septiembre de 2018.- \u201cEl consumo de \u00e1cido f\u00f3lico en la etapa previa y durante la gestaci\u00f3n del embarazo es fundamental para el desarrollo prenatal de modo saludable\u201d, sostienen desde la bancada radical\u00a0 proponen al Parlamento la sanci\u00f3n de la Ley que establece \u201cla provisi\u00f3n gratuita de suplementos de \u00e1cido f\u00f3lico\u201d [&hellip;]<\/p>\n","protected":false},"author":352,"featured_media":9609,"comment_status":"closed","ping_status":"open","sticky":false,"template":"","format":"standard","meta":{"jetpack_post_was_ever_published":false,"_jetpack_newsletter_access":"","_jetpack_dont_email_post_to_subs":false,"_jetpack_newsletter_tier_id":0,"footnotes":"","jetpack_publicize_message":"","jetpack_publicize_feature_enabled":true,"jetpack_social_post_already_shared":true,"jetpack_social_options":{"image_generator_settings":{"template":"highway","enabled":false}}},"categories":[1],"tags":[78,117,79,648,87],"jetpack_publicize_connections":[],"jetpack_sharing_enabled":true,"jetpack_featured_media_url":"https:\/\/www.legistdf.gob.ar\/wp-content\/uploads\/2018\/09\/IMG_1695.jpg","jetpack-related-posts":[],"_links":{"self":[{"href":"https:\/\/www.legistdf.gob.ar\/index.php\/wp-json\/wp\/v2\/posts\/9583"}],"collection":[{"href":"https:\/\/www.legistdf.gob.ar\/index.php\/wp-json\/wp\/v2\/posts"}],"about":[{"href":"https:\/\/www.legistdf.gob.ar\/index.php\/wp-json\/wp\/v2\/types\/post"}],"author":[{"embeddable":true,"href":"https:\/\/www.legistdf.gob.ar\/index.php\/wp-json\/wp\/v2\/users\/352"}],"replies":[{"embeddable":true,"href":"https:\/\/www.legistdf.gob.ar\/index.php\/wp-json\/wp\/v2\/comments?post=9583"}],"version-history":[{"count":3,"href":"https:\/\/www.legistdf.gob.ar\/index.php\/wp-json\/wp\/v2\/posts\/9583\/revisions"}],"predecessor-version":[{"id":9641,"href":"https:\/\/www.legistdf.gob.ar\/index.php\/wp-json\/wp\/v2\/posts\/9583\/revisions\/9641"}],"wp:featuredmedia":[{"embeddable":true,"href":"https:\/\/www.legistdf.gob.ar\/index.php\/wp-json\/wp\/v2\/media\/9609"}],"wp:attachment":[{"href":"https:\/\/www.legistdf.gob.ar\/index.php\/wp-json\/wp\/v2\/media?parent=9583"}],"wp:term":[{"taxonomy":"category","embeddable":true,"href":"https:\/\/www.legistdf.gob.ar\/index.php\/wp-json\/wp\/v2\/categories?post=9583"},{"taxonomy":"post_tag","embeddable":true,"href":"https:\/\/www.legistdf.gob.ar\/index.php\/wp-json\/wp\/v2\/tags?post=9583"}],"curies":[{"name":"wp","href":"https:\/\/api.w.org\/{rel}","templated":true}]}}