{"id":9586,"date":"2018-09-21T09:24:57","date_gmt":"2018-09-21T12:24:57","guid":{"rendered":"http:\/\/www.legistdf.gob.ar\/?p=9586"},"modified":"2018-09-20T16:34:00","modified_gmt":"2018-09-20T19:34:00","slug":"servicios-buscan-crear-el-regimen-de-tarifa-social-electrica-fueguina","status":"publish","type":"post","link":"https:\/\/www.legistdf.gob.ar\/index.php\/2018\/09\/21\/servicios-buscan-crear-el-regimen-de-tarifa-social-electrica-fueguina\/","title":{"rendered":"SERVICIOS: Esperan sancionar Ley que crea r\u00e9gimen de tarifa social el\u00e9ctrica fueguina"},"content":{"rendered":"<p>&nbsp;<\/p>\n<p><strong>Ushuaia, viernes 21 de septiembre de 2018.- El asunto 431\/18, tratado ayer en la sesi\u00f3n de la Legislatura, propone crear el R\u00e9gimen de Tarifa Social El\u00e9ctrica Fueguina, que busca ser aplicado \u201ca aquellos usuarios residenciales de servicios de electricidad domiciliados en el \u00e1mbito de la Provincia\u201d. El texto, establece que la tarifa social ser\u00e1 \u201cel monto a abonar por el usuario, beneficiario del R\u00e9gimen, el que ser\u00e1 igual o inferior al 50% del precio pleno del servicio\u201d. La iniciativa fue girada a la Comisi\u00f3n de Energ\u00eda. La Comisi\u00f3n de Labor Parlamentaria decidi\u00f3 girarlo para su tratamiento, a las comisiones de Presupuesto (2) y Legislaci\u00f3n General (1).<\/strong><\/p>\n<p>&nbsp;<\/p>\n<p>La propuesta, en caso de ser abordada en sesi\u00f3n, alcanzar\u00e1 a \u201cjubilados y pensionados por un monto equivalente a dos veces el haber m\u00ednimo nacional; empleados en relaci\u00f3n de dependencia que reciben una remuneraci\u00f3n mensual bruta\/neta igual o inferior a dos Salarios M\u00ednimo Vital y M\u00f3viI (SMVM); beneficiarios de programas sociales; inscriptos en el R\u00e9gimen de Monotributo Social; personas incluidas en el R\u00e9gimen Especial de Seguridad Social para empleados del Servicio Dom\u00e9stico (art\u00edculo 21 Ley 25.239); beneficiarios del seguro de desempleo; veteranos de Guerra del Atl\u00e1ntico Sur que sean beneficiarios de Pensi\u00f3n Vitalicia y personas discapacitadas que cuenten con certificado de discapacidad expedido por autoridad competente\u201d<\/p>\n<p>&nbsp;<\/p>\n<p>La normativa, tambi\u00e9n alcanzar\u00e1 a \u201ctoda persona en estado de vulnerabilidad social, o que acredite, por cualquier medio de prueba, conforme la normativa vigente, la imposibilidad material de abonar el precio de la tarifa ordinaria del servicio p\u00fablico de electricidad\u201d.<\/p>\n<p>&nbsp;<\/p>\n<p>El concepto de tarifa social\u00a0 \u201cser\u00e1 igual o inferior al monto a abonar por el usuario, beneficiario del presente\u201d. Para el caso de R\u00edo Grande, donde el servicio lo provee una cooperativa, \u201cel gasto que demande la presente ser\u00e1 incorporado al presupuesto de la Direcci\u00f3n General de Energ\u00eda\u201d.<\/p>\n<p>&nbsp;<\/p>\n<p>Para m\u00e1s informaci\u00f3n:\u00a0<a href=\"http:\/\/www.legistdf.gob.ar\/lp\/novedadesip\/Asuntos%20Entrados%202018\/As.%20N%BA%20431-18.pdf\">http:\/\/www.legistdf.gob.ar\/lp\/novedadesip\/Asuntos%20Entrados%202018\/As.%20N%BA%20431-18.pdf<\/a><\/p>\n","protected":false},"excerpt":{"rendered":"<p>&nbsp; Ushuaia, viernes 21 de septiembre de 2018.- El asunto 431\/18, tratado ayer en la sesi\u00f3n de la Legislatura, propone crear el R\u00e9gimen de Tarifa Social El\u00e9ctrica Fueguina, que busca ser aplicado \u201ca aquellos usuarios residenciales de servicios de electricidad domiciliados en el \u00e1mbito de la Provincia\u201d. El texto, establece que la tarifa social ser\u00e1 [&hellip;]<\/p>\n","protected":false},"author":352,"featured_media":9631,"comment_status":"closed","ping_status":"open","sticky":false,"template":"","format":"standard","meta":{"jetpack_post_was_ever_published":false,"_jetpack_newsletter_access":"","_jetpack_dont_email_post_to_subs":false,"_jetpack_newsletter_tier_id":0,"footnotes":"","jetpack_publicize_message":"","jetpack_publicize_feature_enabled":true,"jetpack_social_post_already_shared":true,"jetpack_social_options":{"image_generator_settings":{"template":"highway","enabled":false}}},"categories":[1],"tags":[78,649,117,650,648,87],"jetpack_publicize_connections":[],"jetpack_sharing_enabled":true,"jetpack_featured_media_url":"https:\/\/www.legistdf.gob.ar\/wp-content\/uploads\/2018\/09\/IMG_1782.jpg","jetpack-related-posts":[],"_links":{"self":[{"href":"https:\/\/www.legistdf.gob.ar\/index.php\/wp-json\/wp\/v2\/posts\/9586"}],"collection":[{"href":"https:\/\/www.legistdf.gob.ar\/index.php\/wp-json\/wp\/v2\/posts"}],"about":[{"href":"https:\/\/www.legistdf.gob.ar\/index.php\/wp-json\/wp\/v2\/types\/post"}],"author":[{"embeddable":true,"href":"https:\/\/www.legistdf.gob.ar\/index.php\/wp-json\/wp\/v2\/users\/352"}],"replies":[{"embeddable":true,"href":"https:\/\/www.legistdf.gob.ar\/index.php\/wp-json\/wp\/v2\/comments?post=9586"}],"version-history":[{"count":4,"href":"https:\/\/www.legistdf.gob.ar\/index.php\/wp-json\/wp\/v2\/posts\/9586\/revisions"}],"predecessor-version":[{"id":9637,"href":"https:\/\/www.legistdf.gob.ar\/index.php\/wp-json\/wp\/v2\/posts\/9586\/revisions\/9637"}],"wp:featuredmedia":[{"embeddable":true,"href":"https:\/\/www.legistdf.gob.ar\/index.php\/wp-json\/wp\/v2\/media\/9631"}],"wp:attachment":[{"href":"https:\/\/www.legistdf.gob.ar\/index.php\/wp-json\/wp\/v2\/media?parent=9586"}],"wp:term":[{"taxonomy":"category","embeddable":true,"href":"https:\/\/www.legistdf.gob.ar\/index.php\/wp-json\/wp\/v2\/categories?post=9586"},{"taxonomy":"post_tag","embeddable":true,"href":"https:\/\/www.legistdf.gob.ar\/index.php\/wp-json\/wp\/v2\/tags?post=9586"}],"curies":[{"name":"wp","href":"https:\/\/api.w.org\/{rel}","templated":true}]}}