{"id":9588,"date":"2018-09-20T16:10:06","date_gmt":"2018-09-20T19:10:06","guid":{"rendered":"http:\/\/www.legistdf.gob.ar\/?p=9588"},"modified":"2018-09-20T16:12:13","modified_gmt":"2018-09-20T19:12:13","slug":"ambiente-la-legislatura-expreso-interes-por-proyecto-audiovisual-de-areas-protegidas","status":"publish","type":"post","link":"https:\/\/www.legistdf.gob.ar\/index.php\/2018\/09\/20\/ambiente-la-legislatura-expreso-interes-por-proyecto-audiovisual-de-areas-protegidas\/","title":{"rendered":"AMBIENTE: La Legislatura expres\u00f3 inter\u00e9s por proyecto audiovisual de \u00c1reas Protegidas"},"content":{"rendered":"<p><strong>Ushuaia, jueves 20 de septiembre de 2018.- Mediante el asunto 432\/18, autor\u00eda del MPF, el Parlamento declar\u00f3 de inter\u00e9s provincial el proyecto audiovisual y fotogr\u00e1fico de la agrupaci\u00f3n \u201cVosqu\u00e9\u201d. El proyecto est\u00e1 inspirado en la belleza del paisaje fueguino, y la agrupaci\u00f3n, esta motivado por la necesidad de generar conciencia social sobre la importancia de la preservaci\u00f3n del medio ambiente. El objeto es resaltar, reconocer y difundir la existencia y la importancia de estas \u00e1reas generando conciencia de su cuidado y protecci\u00f3n.<\/strong><\/p>\n<p><strong>\u00a0<\/strong><\/p>\n<p>Con todo el proyecto en manos del Parlamento, los Legisladores comprendieron el esp\u00edritu del equipo profesionales de las \u00e1reas de comunicaci\u00f3n, dise\u00f1o, fotograf\u00eda y audiovisual que trabajan en este proyecto.<\/p>\n<p>&nbsp;<\/p>\n<p>En particular, el proyecto investig\u00f3 en principio el Sistema Provincial de \u00c1reas Naturales Protegidas y su intenci\u00f3n de \u201cconservar muestras representativas de los diferentes ecosistemas terrestres y marinos de Tierra del Fuego\u201d. Luego de la investigaci\u00f3n de normativas y las entrevistas a distintos actores sociales y gubernamentales, prosiguen con la fase de trabajo en campo.<\/p>\n<p>&nbsp;<\/p>\n<p>Los integrantes de la bancada del Movimiento Fueguino entendi\u00f3 \u201cnecesario tomar conciencia sobre el respeto por la vida natural y el cuidado del ecosistema como estrategia necesaria para la propia subsistencia\u201d y felicit\u00f3 al \u201cequipo de trabajo que integra Vosqu\u00e9\u201d por la iniciativa que trae a Tierra del Fuego.<\/p>\n<p>&nbsp;<\/p>\n<p>Vosqu\u00e9 est\u00e1 integrado por: Natalia Cruz:, dise\u00f1adora Gr\u00e1fica y fot\u00f3grafa; Mat\u00edas Fern\u00e1ndez, licenciado en Dise\u00f1o Gr\u00e1fico; Mar\u00eda Guti\u00e9rrez, licenciada\u00a0 en Ciencias de la Comunicaci\u00f3n (UBA) y fot\u00f3grafa; Laura Mastroscello, economista, mag\u00edster en Estad\u00edstica y fot\u00f3grafa; Juli\u00e1n Reynoso, licenciado en Comunicaci\u00f3n Audiovisual, fot\u00f3grafo y vide\u00f3grafo; Mar\u00eda Florencia S\u00e1nchez, dise\u00f1adora Gr\u00e1fica y fot\u00f3grafa y Silvina Henninger, licenciada en Biolog\u00eda (UNLP) y postgrado en especializaci\u00f3n en Ingenier\u00eda Ambiental (UTN).<\/p>\n<p>&nbsp;<\/p>\n<p>&nbsp;<\/p>\n<p>Para m\u00e1s informaci\u00f3n: <a href=\"http:\/\/www.legistdf.gob.ar\/lp\/novedadesip\/Asuntos%20Entrados%202018\/As.%20N%BA%20432-18.pdf\">http:\/\/www.legistdf.gob.ar\/lp\/novedadesip\/Asuntos%20Entrados%202018\/As.%20N%BA%20432-18.pdf<\/a><\/p>\n<p>&nbsp;<\/p>\n<p style=\"text-align: right\"><em>Con i<\/em><em>nformaci\u00f3n de Prensa Legislativa y fotograf\u00eda Internet\u00a0<\/em><\/p>\n<p>&nbsp;<\/p>\n\n\t\t<style type=\"text\/css\">\n\t\t\t#gallery-1 {\n\t\t\t\tmargin: auto;\n\t\t\t}\n\t\t\t#gallery-1 .gallery-item {\n\t\t\t\tfloat: left;\n\t\t\t\tmargin-top: 10px;\n\t\t\t\ttext-align: center;\n\t\t\t\twidth: 100%;\n\t\t\t}\n\t\t\t#gallery-1 img {\n\t\t\t\tborder: 2px solid #cfcfcf;\n\t\t\t}\n\t\t\t#gallery-1 .gallery-caption {\n\t\t\t\tmargin-left: 0;\n\t\t\t}\n\t\t\t\/* see gallery_shortcode() in wp-includes\/media.php *\/\n\t\t<\/style>\n\t\t<div data-carousel-extra='{\"blog_id\":1,\"permalink\":\"https:\\\/\\\/www.legistdf.gob.ar\\\/index.php\\\/2018\\\/09\\\/20\\\/ambiente-la-legislatura-expreso-interes-por-proyecto-audiovisual-de-areas-protegidas\\\/\"}' id='gallery-1' class='gallery galleryid-9588 gallery-columns-1 gallery-size-thumbnail'><dl class='gallery-item'>\n\t\t\t<dt class='gallery-icon landscape'>\n\t\t\t\t<a href='https:\/\/www.legistdf.gob.ar\/index.php\/2018\/09\/20\/ambiente-la-legislatura-expreso-interes-por-proyecto-audiovisual-de-areas-protegidas\/pasarelas\/'><img loading=\"lazy\" decoding=\"async\" width=\"150\" height=\"150\" src=\"https:\/\/www.legistdf.gob.ar\/wp-content\/uploads\/2018\/09\/Pasarelas-150x150.jpg\" class=\"attachment-thumbnail size-thumbnail\" alt=\"\" srcset=\"https:\/\/www.legistdf.gob.ar\/wp-content\/uploads\/2018\/09\/Pasarelas-150x150.jpg 150w, https:\/\/www.legistdf.gob.ar\/wp-content\/uploads\/2018\/09\/Pasarelas-64x64.jpg 64w\" sizes=\"(max-width: 150px) 100vw, 150px\" data-attachment-id=\"9643\" data-permalink=\"https:\/\/www.legistdf.gob.ar\/index.php\/2018\/09\/20\/ambiente-la-legislatura-expreso-interes-por-proyecto-audiovisual-de-areas-protegidas\/pasarelas\/\" data-orig-file=\"https:\/\/www.legistdf.gob.ar\/wp-content\/uploads\/2018\/09\/Pasarelas.jpg\" data-orig-size=\"775,400\" data-comments-opened=\"0\" data-image-meta=\"{&quot;aperture&quot;:&quot;0&quot;,&quot;credit&quot;:&quot;&quot;,&quot;camera&quot;:&quot;&quot;,&quot;caption&quot;:&quot;&quot;,&quot;created_timestamp&quot;:&quot;0&quot;,&quot;copyright&quot;:&quot;&quot;,&quot;focal_length&quot;:&quot;0&quot;,&quot;iso&quot;:&quot;0&quot;,&quot;shutter_speed&quot;:&quot;0&quot;,&quot;title&quot;:&quot;&quot;,&quot;orientation&quot;:&quot;0&quot;}\" data-image-title=\"Pasarelas\" data-image-description=\"\" data-image-caption=\"\" data-medium-file=\"https:\/\/www.legistdf.gob.ar\/wp-content\/uploads\/2018\/09\/Pasarelas-300x155.jpg\" data-large-file=\"https:\/\/www.legistdf.gob.ar\/wp-content\/uploads\/2018\/09\/Pasarelas.jpg\" \/><\/a>\n\t\t\t<\/dt><\/dl><br style=\"clear: both\" \/>\n\t\t<\/div>\n\n","protected":false},"excerpt":{"rendered":"<p>Ushuaia, jueves 20 de septiembre de 2018.- Mediante el asunto 432\/18, autor\u00eda del MPF, el Parlamento declar\u00f3 de inter\u00e9s provincial el proyecto audiovisual y fotogr\u00e1fico de la agrupaci\u00f3n \u201cVosqu\u00e9\u201d. El proyecto est\u00e1 inspirado en la belleza del paisaje fueguino, y la agrupaci\u00f3n, esta motivado por la necesidad de generar conciencia social sobre la importancia de [&hellip;]<\/p>\n","protected":false},"author":352,"featured_media":9643,"comment_status":"closed","ping_status":"open","sticky":false,"template":"","format":"standard","meta":{"jetpack_post_was_ever_published":false,"_jetpack_newsletter_access":"","_jetpack_dont_email_post_to_subs":false,"_jetpack_newsletter_tier_id":0,"footnotes":"","jetpack_publicize_message":"","jetpack_publicize_feature_enabled":true,"jetpack_social_post_already_shared":true,"jetpack_social_options":{"image_generator_settings":{"template":"highway","enabled":false}}},"categories":[1],"tags":[433,78,113,117,87,651],"jetpack_publicize_connections":[],"jetpack_sharing_enabled":true,"jetpack_featured_media_url":"https:\/\/www.legistdf.gob.ar\/wp-content\/uploads\/2018\/09\/Pasarelas.jpg","jetpack-related-posts":[],"_links":{"self":[{"href":"https:\/\/www.legistdf.gob.ar\/index.php\/wp-json\/wp\/v2\/posts\/9588"}],"collection":[{"href":"https:\/\/www.legistdf.gob.ar\/index.php\/wp-json\/wp\/v2\/posts"}],"about":[{"href":"https:\/\/www.legistdf.gob.ar\/index.php\/wp-json\/wp\/v2\/types\/post"}],"author":[{"embeddable":true,"href":"https:\/\/www.legistdf.gob.ar\/index.php\/wp-json\/wp\/v2\/users\/352"}],"replies":[{"embeddable":true,"href":"https:\/\/www.legistdf.gob.ar\/index.php\/wp-json\/wp\/v2\/comments?post=9588"}],"version-history":[{"count":5,"href":"https:\/\/www.legistdf.gob.ar\/index.php\/wp-json\/wp\/v2\/posts\/9588\/revisions"}],"predecessor-version":[{"id":9652,"href":"https:\/\/www.legistdf.gob.ar\/index.php\/wp-json\/wp\/v2\/posts\/9588\/revisions\/9652"}],"wp:featuredmedia":[{"embeddable":true,"href":"https:\/\/www.legistdf.gob.ar\/index.php\/wp-json\/wp\/v2\/media\/9643"}],"wp:attachment":[{"href":"https:\/\/www.legistdf.gob.ar\/index.php\/wp-json\/wp\/v2\/media?parent=9588"}],"wp:term":[{"taxonomy":"category","embeddable":true,"href":"https:\/\/www.legistdf.gob.ar\/index.php\/wp-json\/wp\/v2\/categories?post=9588"},{"taxonomy":"post_tag","embeddable":true,"href":"https:\/\/www.legistdf.gob.ar\/index.php\/wp-json\/wp\/v2\/tags?post=9588"}],"curies":[{"name":"wp","href":"https:\/\/api.w.org\/{rel}","templated":true}]}}