{"id":9938,"date":"2018-10-02T13:02:02","date_gmt":"2018-10-02T16:02:02","guid":{"rendered":"http:\/\/www.legistdf.gob.ar\/?p=9938"},"modified":"2018-10-02T13:02:02","modified_gmt":"2018-10-02T16:02:02","slug":"cultura-se-realizara-en-ushuaia-el-tercer-salon-nacional-de-acuarelas","status":"publish","type":"post","link":"https:\/\/www.legistdf.gob.ar\/index.php\/2018\/10\/02\/cultura-se-realizara-en-ushuaia-el-tercer-salon-nacional-de-acuarelas\/","title":{"rendered":"CULTURA: Se realizar\u00e1 en Ushuaia el tercer sal\u00f3n nacional de acuarelas"},"content":{"rendered":"<p>&nbsp;<\/p>\n<p><strong>Ushuaia, martes 2 de octubre de 2018.- El pr\u00f3ximo 19 de octubre y durante un mes se expondr\u00e1n m\u00e1s de cien obras de artistas argentinos y chilenos en el Museo Mar\u00edtimo de Ushuaia. Acuarelistas Argentinos acordaron realizar el tercer sal\u00f3n de exposici\u00f3n en la capital fueguina donde adem\u00e1s dictar\u00e1n talleres y charlas.<\/strong><\/p>\n<p>&nbsp;<\/p>\n<p>Artistas pl\u00e1sticos y acuarelistas de Argentina se convocan en Ushuaia este mes para realizar su muestra anual. El artista pl\u00e1stico Eduardo Nicolai, se reuni\u00f3 con el vicegobernador Juan Carlos Arcando, para invitarlo a participar de las actividades que realizar\u00e1n y acercarlo a la organizaci\u00f3n del evento.<\/p>\n<p>&nbsp;<\/p>\n<p>\u201cEste a\u00f1o organizamos el tercer sal\u00f3n nacional de acuarela, es la primera vez que se hace en Ushuaia y lo organiza la Asociaci\u00f3n Nacional de Acuarelistas\u201d, cont\u00f3 Nicolai.<\/p>\n<p>&nbsp;<\/p>\n<p>El evento se realizar\u00e1 en la galer\u00eda de Arte del Museo Mar\u00edtimo, donde adem\u00e1s de la muestra se prev\u00e9 la entrega de premios del encuentro. \u201cRealizaremos tres seminarios abiertos a la comunidad, en car\u00e1cter de taller, y otras actividades que estamos organizando\u201d, cont\u00f3 a Prensa Legislativa.<\/p>\n<p>&nbsp;<\/p>\n<p>\u201cHay m\u00e1s de cien obras para exponer en esta oportunidad, entre las cuales est\u00e1n las premiadas. La intenci\u00f3n es instalar esta fecha para realizar este tipo de actividades y que convoquemos cada vez m\u00e1s artistas de todo el pa\u00eds\u201d explic\u00f3 el artista.<\/p>\n\n\t\t<style type=\"text\/css\">\n\t\t\t#gallery-1 {\n\t\t\t\tmargin: auto;\n\t\t\t}\n\t\t\t#gallery-1 .gallery-item {\n\t\t\t\tfloat: left;\n\t\t\t\tmargin-top: 10px;\n\t\t\t\ttext-align: center;\n\t\t\t\twidth: 50%;\n\t\t\t}\n\t\t\t#gallery-1 img {\n\t\t\t\tborder: 2px solid #cfcfcf;\n\t\t\t}\n\t\t\t#gallery-1 .gallery-caption {\n\t\t\t\tmargin-left: 0;\n\t\t\t}\n\t\t\t\/* see gallery_shortcode() in wp-includes\/media.php *\/\n\t\t<\/style>\n\t\t<div data-carousel-extra='{\"blog_id\":1,\"permalink\":\"https:\\\/\\\/www.legistdf.gob.ar\\\/index.php\\\/2018\\\/10\\\/02\\\/cultura-se-realizara-en-ushuaia-el-tercer-salon-nacional-de-acuarelas\\\/\"}' id='gallery-1' class='gallery galleryid-9938 gallery-columns-2 gallery-size-thumbnail'><dl class='gallery-item'>\n\t\t\t<dt class='gallery-icon landscape'>\n\t\t\t\t<a href='https:\/\/www.legistdf.gob.ar\/index.php\/2018\/10\/02\/cultura-se-realizara-en-ushuaia-el-tercer-salon-nacional-de-acuarelas\/img_4396\/'><img loading=\"lazy\" decoding=\"async\" width=\"150\" height=\"150\" src=\"https:\/\/www.legistdf.gob.ar\/wp-content\/uploads\/2018\/10\/IMG_4396-150x150.jpg\" class=\"attachment-thumbnail size-thumbnail\" alt=\"\" srcset=\"https:\/\/www.legistdf.gob.ar\/wp-content\/uploads\/2018\/10\/IMG_4396-150x150.jpg 150w, https:\/\/www.legistdf.gob.ar\/wp-content\/uploads\/2018\/10\/IMG_4396-64x64.jpg 64w\" sizes=\"(max-width: 150px) 100vw, 150px\" data-attachment-id=\"9940\" data-permalink=\"https:\/\/www.legistdf.gob.ar\/index.php\/2018\/10\/02\/cultura-se-realizara-en-ushuaia-el-tercer-salon-nacional-de-acuarelas\/img_4396\/\" data-orig-file=\"https:\/\/www.legistdf.gob.ar\/wp-content\/uploads\/2018\/10\/IMG_4396.jpg\" data-orig-size=\"1000,667\" data-comments-opened=\"0\" data-image-meta=\"{&quot;aperture&quot;:&quot;6.3&quot;,&quot;credit&quot;:&quot;&quot;,&quot;camera&quot;:&quot;Canon EOS 6D&quot;,&quot;caption&quot;:&quot;&quot;,&quot;created_timestamp&quot;:&quot;1538038708&quot;,&quot;copyright&quot;:&quot;&quot;,&quot;focal_length&quot;:&quot;42&quot;,&quot;iso&quot;:&quot;320&quot;,&quot;shutter_speed&quot;:&quot;0.0125&quot;,&quot;title&quot;:&quot;&quot;,&quot;orientation&quot;:&quot;0&quot;}\" data-image-title=\"IMG_4396\" data-image-description=\"\" data-image-caption=\"\" data-medium-file=\"https:\/\/www.legistdf.gob.ar\/wp-content\/uploads\/2018\/10\/IMG_4396-300x200.jpg\" data-large-file=\"https:\/\/www.legistdf.gob.ar\/wp-content\/uploads\/2018\/10\/IMG_4396.jpg\" \/><\/a>\n\t\t\t<\/dt><\/dl><dl class='gallery-item'>\n\t\t\t<dt class='gallery-icon landscape'>\n\t\t\t\t<a href='https:\/\/www.legistdf.gob.ar\/index.php\/2018\/10\/02\/cultura-se-realizara-en-ushuaia-el-tercer-salon-nacional-de-acuarelas\/img_4400-2\/'><img loading=\"lazy\" decoding=\"async\" width=\"150\" height=\"150\" src=\"https:\/\/www.legistdf.gob.ar\/wp-content\/uploads\/2018\/10\/IMG_4400-1-150x150.jpg\" class=\"attachment-thumbnail size-thumbnail\" alt=\"\" srcset=\"https:\/\/www.legistdf.gob.ar\/wp-content\/uploads\/2018\/10\/IMG_4400-1-150x150.jpg 150w, https:\/\/www.legistdf.gob.ar\/wp-content\/uploads\/2018\/10\/IMG_4400-1-64x64.jpg 64w\" sizes=\"(max-width: 150px) 100vw, 150px\" data-attachment-id=\"9941\" data-permalink=\"https:\/\/www.legistdf.gob.ar\/index.php\/2018\/10\/02\/cultura-se-realizara-en-ushuaia-el-tercer-salon-nacional-de-acuarelas\/img_4400-2\/\" data-orig-file=\"https:\/\/www.legistdf.gob.ar\/wp-content\/uploads\/2018\/10\/IMG_4400-1.jpg\" data-orig-size=\"1000,667\" data-comments-opened=\"0\" data-image-meta=\"{&quot;aperture&quot;:&quot;6.3&quot;,&quot;credit&quot;:&quot;&quot;,&quot;camera&quot;:&quot;Canon EOS 6D&quot;,&quot;caption&quot;:&quot;&quot;,&quot;created_timestamp&quot;:&quot;1538038792&quot;,&quot;copyright&quot;:&quot;&quot;,&quot;focal_length&quot;:&quot;57&quot;,&quot;iso&quot;:&quot;320&quot;,&quot;shutter_speed&quot;:&quot;0.0125&quot;,&quot;title&quot;:&quot;&quot;,&quot;orientation&quot;:&quot;0&quot;}\" data-image-title=\"IMG_4400\" data-image-description=\"\" data-image-caption=\"\" data-medium-file=\"https:\/\/www.legistdf.gob.ar\/wp-content\/uploads\/2018\/10\/IMG_4400-1-300x200.jpg\" data-large-file=\"https:\/\/www.legistdf.gob.ar\/wp-content\/uploads\/2018\/10\/IMG_4400-1.jpg\" \/><\/a>\n\t\t\t<\/dt><\/dl><br style=\"clear: both\" \/>\n\t\t<\/div>\n\n","protected":false},"excerpt":{"rendered":"<p>&nbsp; Ushuaia, martes 2 de octubre de 2018.- El pr\u00f3ximo 19 de octubre y durante un mes se expondr\u00e1n m\u00e1s de cien obras de artistas argentinos y chilenos en el Museo Mar\u00edtimo de Ushuaia. Acuarelistas Argentinos acordaron realizar el tercer sal\u00f3n de exposici\u00f3n en la capital fueguina donde adem\u00e1s dictar\u00e1n talleres y charlas. &nbsp; Artistas [&hellip;]<\/p>\n","protected":false},"author":352,"featured_media":9939,"comment_status":"closed","ping_status":"open","sticky":false,"template":"","format":"standard","meta":{"jetpack_post_was_ever_published":false,"_jetpack_newsletter_access":"","_jetpack_dont_email_post_to_subs":false,"_jetpack_newsletter_tier_id":0,"footnotes":"","jetpack_publicize_message":"","jetpack_publicize_feature_enabled":true,"jetpack_social_post_already_shared":true,"jetpack_social_options":{"image_generator_settings":{"template":"highway","enabled":false}}},"categories":[1],"tags":[666,47,667,78,87],"jetpack_publicize_connections":[],"jetpack_sharing_enabled":true,"jetpack_featured_media_url":"https:\/\/www.legistdf.gob.ar\/wp-content\/uploads\/2018\/10\/IMG_4400.jpg","jetpack-related-posts":[],"_links":{"self":[{"href":"https:\/\/www.legistdf.gob.ar\/index.php\/wp-json\/wp\/v2\/posts\/9938"}],"collection":[{"href":"https:\/\/www.legistdf.gob.ar\/index.php\/wp-json\/wp\/v2\/posts"}],"about":[{"href":"https:\/\/www.legistdf.gob.ar\/index.php\/wp-json\/wp\/v2\/types\/post"}],"author":[{"embeddable":true,"href":"https:\/\/www.legistdf.gob.ar\/index.php\/wp-json\/wp\/v2\/users\/352"}],"replies":[{"embeddable":true,"href":"https:\/\/www.legistdf.gob.ar\/index.php\/wp-json\/wp\/v2\/comments?post=9938"}],"version-history":[{"count":1,"href":"https:\/\/www.legistdf.gob.ar\/index.php\/wp-json\/wp\/v2\/posts\/9938\/revisions"}],"predecessor-version":[{"id":9942,"href":"https:\/\/www.legistdf.gob.ar\/index.php\/wp-json\/wp\/v2\/posts\/9938\/revisions\/9942"}],"wp:featuredmedia":[{"embeddable":true,"href":"https:\/\/www.legistdf.gob.ar\/index.php\/wp-json\/wp\/v2\/media\/9939"}],"wp:attachment":[{"href":"https:\/\/www.legistdf.gob.ar\/index.php\/wp-json\/wp\/v2\/media?parent=9938"}],"wp:term":[{"taxonomy":"category","embeddable":true,"href":"https:\/\/www.legistdf.gob.ar\/index.php\/wp-json\/wp\/v2\/categories?post=9938"},{"taxonomy":"post_tag","embeddable":true,"href":"https:\/\/www.legistdf.gob.ar\/index.php\/wp-json\/wp\/v2\/tags?post=9938"}],"curies":[{"name":"wp","href":"https:\/\/api.w.org\/{rel}","templated":true}]}}