{"id":9943,"date":"2018-10-02T13:53:26","date_gmt":"2018-10-02T16:53:26","guid":{"rendered":"http:\/\/www.legistdf.gob.ar\/?p=9943"},"modified":"2018-10-02T13:53:26","modified_gmt":"2018-10-02T16:53:26","slug":"cultura-asociacion-te-quiero-paraguay-presento-actividades-para-los-ushuaienses","status":"publish","type":"post","link":"https:\/\/www.legistdf.gob.ar\/index.php\/2018\/10\/02\/cultura-asociacion-te-quiero-paraguay-presento-actividades-para-los-ushuaienses\/","title":{"rendered":"CULTURA: Asociaci\u00f3n \u201cTe quiero Paraguay\u201d present\u00f3 actividades para los ushuaienses"},"content":{"rendered":"<p>&nbsp;<\/p>\n<p><strong>Ushuaia, martes 2 de octubre de 2018.- La Asociaci\u00f3n Cultural \u201cTe quiero Paraguay\u201d fue recibida por el vicegobernador, Juan Carlos Arcando. En el encuentro, lo anoticiaron sobre las actividades que realizan hacia los vecinos de la ciudad. Este a\u00f1o abrieron el taller de costura con horarios variados en el barrio Los Alakalufes, donde se encuentra su sede. <\/strong><\/p>\n<p>&nbsp;<\/p>\n<p>Liduvina Ferreyra, referente de esa organizaci\u00f3n, tras su encuentro con el Presidente del Parlamento, se mostr\u00f3 agradecida por el acompa\u00f1amiento en las actividades que realizan y que se encuentran abiertas a la comunidad. Ferreyra cont\u00f3 que adem\u00e1s, realizan un programa en la Radio P\u00fablica Fueguina que se emite los s\u00e1bados. \u201cEste es el tercer a\u00f1o consecutivo que contamos con el programa de radio en la Radio P\u00fablica Fueguina, donde salimos al aire todos los s\u00e1bados de 15 a 17\u201d, inform\u00f3.<\/p>\n<p>&nbsp;<\/p>\n<p>\u201cEn nuestra sede, damos clases de idioma guaran\u00ed, talleres de costura, con dos horarios, confecci\u00f3n de dibujos de animales en crochet, entre otras\u201d, cont\u00f3 la referente paraguaya. Como proyectos a concretar, Ferreyra detall\u00f3 que adquirieron guitarras y estar\u00e1n pr\u00f3ximos al dictado de un curso. \u201cContamos con m\u00e1quinas rectas en la sede para los talleres y un bordadora computarizada\u201d, dijo.<\/p>\n<p>&nbsp;<\/p>\n<p>Liduvina aprovech\u00f3 la oportunidad para invitar a los vecinos a acercarse a la sede en la calle San Juan 217, barrio Alakalufes, el tel\u00e9fono de contacto es (02901) 15402084, agreg\u00f3.<\/p>\n<p>&nbsp;<\/p>\n\n\t\t<style type=\"text\/css\">\n\t\t\t#gallery-1 {\n\t\t\t\tmargin: auto;\n\t\t\t}\n\t\t\t#gallery-1 .gallery-item {\n\t\t\t\tfloat: left;\n\t\t\t\tmargin-top: 10px;\n\t\t\t\ttext-align: center;\n\t\t\t\twidth: 50%;\n\t\t\t}\n\t\t\t#gallery-1 img {\n\t\t\t\tborder: 2px solid #cfcfcf;\n\t\t\t}\n\t\t\t#gallery-1 .gallery-caption {\n\t\t\t\tmargin-left: 0;\n\t\t\t}\n\t\t\t\/* see gallery_shortcode() in wp-includes\/media.php *\/\n\t\t<\/style>\n\t\t<div data-carousel-extra='{\"blog_id\":1,\"permalink\":\"https:\\\/\\\/www.legistdf.gob.ar\\\/index.php\\\/2018\\\/10\\\/02\\\/cultura-asociacion-te-quiero-paraguay-presento-actividades-para-los-ushuaienses\\\/\"}' id='gallery-1' class='gallery galleryid-9943 gallery-columns-2 gallery-size-thumbnail'><dl class='gallery-item'>\n\t\t\t<dt class='gallery-icon landscape'>\n\t\t\t\t<a href='https:\/\/www.legistdf.gob.ar\/index.php\/2018\/10\/02\/cultura-asociacion-te-quiero-paraguay-presento-actividades-para-los-ushuaienses\/img_4401\/'><img loading=\"lazy\" decoding=\"async\" width=\"150\" height=\"150\" src=\"https:\/\/www.legistdf.gob.ar\/wp-content\/uploads\/2018\/10\/IMG_4401-150x150.jpg\" class=\"attachment-thumbnail size-thumbnail\" alt=\"\" srcset=\"https:\/\/www.legistdf.gob.ar\/wp-content\/uploads\/2018\/10\/IMG_4401-150x150.jpg 150w, https:\/\/www.legistdf.gob.ar\/wp-content\/uploads\/2018\/10\/IMG_4401-64x64.jpg 64w\" sizes=\"(max-width: 150px) 100vw, 150px\" data-attachment-id=\"9944\" data-permalink=\"https:\/\/www.legistdf.gob.ar\/index.php\/2018\/10\/02\/cultura-asociacion-te-quiero-paraguay-presento-actividades-para-los-ushuaienses\/img_4401\/\" data-orig-file=\"https:\/\/www.legistdf.gob.ar\/wp-content\/uploads\/2018\/10\/IMG_4401.jpg\" data-orig-size=\"1000,667\" data-comments-opened=\"0\" data-image-meta=\"{&quot;aperture&quot;:&quot;6.3&quot;,&quot;credit&quot;:&quot;&quot;,&quot;camera&quot;:&quot;Canon EOS 6D&quot;,&quot;caption&quot;:&quot;&quot;,&quot;created_timestamp&quot;:&quot;1538038902&quot;,&quot;copyright&quot;:&quot;&quot;,&quot;focal_length&quot;:&quot;53&quot;,&quot;iso&quot;:&quot;320&quot;,&quot;shutter_speed&quot;:&quot;0.0125&quot;,&quot;title&quot;:&quot;&quot;,&quot;orientation&quot;:&quot;0&quot;}\" data-image-title=\"IMG_4401\" data-image-description=\"\" data-image-caption=\"\" data-medium-file=\"https:\/\/www.legistdf.gob.ar\/wp-content\/uploads\/2018\/10\/IMG_4401-300x200.jpg\" data-large-file=\"https:\/\/www.legistdf.gob.ar\/wp-content\/uploads\/2018\/10\/IMG_4401.jpg\" \/><\/a>\n\t\t\t<\/dt><\/dl><dl class='gallery-item'>\n\t\t\t<dt class='gallery-icon landscape'>\n\t\t\t\t<a href='https:\/\/www.legistdf.gob.ar\/index.php\/2018\/10\/02\/cultura-asociacion-te-quiero-paraguay-presento-actividades-para-los-ushuaienses\/img_4403\/'><img loading=\"lazy\" decoding=\"async\" width=\"150\" height=\"150\" src=\"https:\/\/www.legistdf.gob.ar\/wp-content\/uploads\/2018\/10\/IMG_4403-150x150.jpg\" class=\"attachment-thumbnail size-thumbnail\" alt=\"\" srcset=\"https:\/\/www.legistdf.gob.ar\/wp-content\/uploads\/2018\/10\/IMG_4403-150x150.jpg 150w, https:\/\/www.legistdf.gob.ar\/wp-content\/uploads\/2018\/10\/IMG_4403-64x64.jpg 64w\" sizes=\"(max-width: 150px) 100vw, 150px\" data-attachment-id=\"9945\" data-permalink=\"https:\/\/www.legistdf.gob.ar\/index.php\/2018\/10\/02\/cultura-asociacion-te-quiero-paraguay-presento-actividades-para-los-ushuaienses\/img_4403\/\" data-orig-file=\"https:\/\/www.legistdf.gob.ar\/wp-content\/uploads\/2018\/10\/IMG_4403.jpg\" data-orig-size=\"1000,667\" data-comments-opened=\"0\" data-image-meta=\"{&quot;aperture&quot;:&quot;6.3&quot;,&quot;credit&quot;:&quot;&quot;,&quot;camera&quot;:&quot;Canon EOS 6D&quot;,&quot;caption&quot;:&quot;&quot;,&quot;created_timestamp&quot;:&quot;1538038998&quot;,&quot;copyright&quot;:&quot;&quot;,&quot;focal_length&quot;:&quot;63&quot;,&quot;iso&quot;:&quot;320&quot;,&quot;shutter_speed&quot;:&quot;0.0125&quot;,&quot;title&quot;:&quot;&quot;,&quot;orientation&quot;:&quot;0&quot;}\" data-image-title=\"IMG_4403\" data-image-description=\"\" data-image-caption=\"\" data-medium-file=\"https:\/\/www.legistdf.gob.ar\/wp-content\/uploads\/2018\/10\/IMG_4403-300x200.jpg\" data-large-file=\"https:\/\/www.legistdf.gob.ar\/wp-content\/uploads\/2018\/10\/IMG_4403.jpg\" \/><\/a>\n\t\t\t<\/dt><\/dl><br style=\"clear: both\" \/>\n\t\t<\/div>\n\n","protected":false},"excerpt":{"rendered":"<p>&nbsp; Ushuaia, martes 2 de octubre de 2018.- La Asociaci\u00f3n Cultural \u201cTe quiero Paraguay\u201d fue recibida por el vicegobernador, Juan Carlos Arcando. En el encuentro, lo anoticiaron sobre las actividades que realizan hacia los vecinos de la ciudad. Este a\u00f1o abrieron el taller de costura con horarios variados en el barrio Los Alakalufes, donde se [&hellip;]<\/p>\n","protected":false},"author":352,"featured_media":9944,"comment_status":"closed","ping_status":"open","sticky":false,"template":"","format":"standard","meta":{"jetpack_post_was_ever_published":false,"_jetpack_newsletter_access":"","_jetpack_dont_email_post_to_subs":false,"_jetpack_newsletter_tier_id":0,"footnotes":"","jetpack_publicize_message":"","jetpack_publicize_feature_enabled":true,"jetpack_social_post_already_shared":true,"jetpack_social_options":{"image_generator_settings":{"template":"highway","enabled":false}}},"categories":[1],"tags":[47,78,569,79,87],"jetpack_publicize_connections":[],"jetpack_sharing_enabled":true,"jetpack_featured_media_url":"https:\/\/www.legistdf.gob.ar\/wp-content\/uploads\/2018\/10\/IMG_4401.jpg","jetpack-related-posts":[],"_links":{"self":[{"href":"https:\/\/www.legistdf.gob.ar\/index.php\/wp-json\/wp\/v2\/posts\/9943"}],"collection":[{"href":"https:\/\/www.legistdf.gob.ar\/index.php\/wp-json\/wp\/v2\/posts"}],"about":[{"href":"https:\/\/www.legistdf.gob.ar\/index.php\/wp-json\/wp\/v2\/types\/post"}],"author":[{"embeddable":true,"href":"https:\/\/www.legistdf.gob.ar\/index.php\/wp-json\/wp\/v2\/users\/352"}],"replies":[{"embeddable":true,"href":"https:\/\/www.legistdf.gob.ar\/index.php\/wp-json\/wp\/v2\/comments?post=9943"}],"version-history":[{"count":1,"href":"https:\/\/www.legistdf.gob.ar\/index.php\/wp-json\/wp\/v2\/posts\/9943\/revisions"}],"predecessor-version":[{"id":9946,"href":"https:\/\/www.legistdf.gob.ar\/index.php\/wp-json\/wp\/v2\/posts\/9943\/revisions\/9946"}],"wp:featuredmedia":[{"embeddable":true,"href":"https:\/\/www.legistdf.gob.ar\/index.php\/wp-json\/wp\/v2\/media\/9944"}],"wp:attachment":[{"href":"https:\/\/www.legistdf.gob.ar\/index.php\/wp-json\/wp\/v2\/media?parent=9943"}],"wp:term":[{"taxonomy":"category","embeddable":true,"href":"https:\/\/www.legistdf.gob.ar\/index.php\/wp-json\/wp\/v2\/categories?post=9943"},{"taxonomy":"post_tag","embeddable":true,"href":"https:\/\/www.legistdf.gob.ar\/index.php\/wp-json\/wp\/v2\/tags?post=9943"}],"curies":[{"name":"wp","href":"https:\/\/api.w.org\/{rel}","templated":true}]}}